{"id":835,"date":"2017-08-25T10:31:48","date_gmt":"2017-08-25T09:31:48","guid":{"rendered":"http:\/\/brigetiosport.hu\/wordpress\/?p=835"},"modified":"2017-08-25T10:40:45","modified_gmt":"2017-08-25T09:40:45","slug":"tour-de-ring-beszamolo","status":"publish","type":"post","link":"https:\/\/brigetiosport.hu\/wordpress\/2017\/08\/25\/tour-de-ring-beszamolo\/","title":{"rendered":"Tour de Ring besz\u00e1mol\u00f3"},"content":{"rendered":"<p>A ny\u00e1ri besz\u00e1mol\u00f3k p\u00f3tl\u00e1sak\u00e9nt ezennel Nagy L\u00e1szl\u00f3 Andr\u00e1s verseny\u00e9r\u0151l sz\u00e1molunk be. Andris a T\u00f3sport \u00e1ltal szervezett bringaversenyen indult a Hungaroringen, annak is a 24 k\u00f6r\u00f6s verseny\u00e9ben.<\/p>\n<p>Versenyki\u00edr\u00e1s: <a href=\"http:\/\/tosport.hu\/tour-de-ring\" target=\"_blank\" rel=\"noopener noreferrer\">LINK<\/a><\/p>\n<p>Eredm\u00e9nyek: <a href=\"https:\/\/brigetiosport.hu\/wordpress\/?media_dl=839\">PDF<\/a><\/p>\n\n\t\t<div id='gallery-1' class='gallery galleryid-835 gallery-columns-2 gallery-size-medium gal170825'><script type=\"text\/javascript\">\r\n\/\/ <![CDATA[\r\n\tjQuery(document).ready(function () {\r\n\t\tjQuery(\".gal170825 a\").attr(\"rel\",\"gal170825\");\t\r\n\t\tjQuery('a[rel=\"gal170825\"]').colorbox({maxWidth:\"95%\", maxHeight:\"95%\",title: function(){ return jQuery(this).children().attr(\"alt\"); }});\r\n\t});\r\n\/\/ ]]>\r\n<\/script>\n<figure class=\"gallery-item\">\n<div class=\"gallery-icon\">\r\n<a href=\"https:\/\/brigetiosport.hu\/wordpress\/wp-content\/uploads\/2017\/08\/2017_tdr_nagyandris1.jpg\" title=\"\" rel=\"gal170825\"><img loading=\"lazy\" decoding=\"async\" src=\"https:\/\/brigetiosport.hu\/wordpress\/wp-content\/uploads\/2017\/08\/2017_tdr_nagyandris1-300x200.jpg\" width=\"300\" height=\"200\" alt=\"\" \/><\/a>\r\n<\/div><\/figure><figure class=\"gallery-item\">\n<div class=\"gallery-icon\">\r\n<a href=\"https:\/\/brigetiosport.hu\/wordpress\/wp-content\/uploads\/2017\/08\/2017_tdr_nagyandris2.jpg\" title=\"\" rel=\"gal170825\"><img loading=\"lazy\" decoding=\"async\" src=\"https:\/\/brigetiosport.hu\/wordpress\/wp-content\/uploads\/2017\/08\/2017_tdr_nagyandris2-300x200.jpg\" width=\"300\" height=\"200\" alt=\"\" \/><\/a>\r\n<\/div><\/figure>\r\n\t\t<\/div>\n\n<p>A k\u00e9pek\u00e9rt k\u00f6sz\u00f6net Kaiser Erika fot\u00f3snak. (<a href=\"https:\/\/www.facebook.com\/pg\/kaisererikaphotography\" target=\"_blank\" rel=\"noopener noreferrer\">LINK<\/a>)<\/p>\n<p><!--more--><\/p>\n<p>Andris besz\u00e1mol\u00f3ja az al\u00e1bbiakban olvashat\u00f3:<\/p>\n<blockquote><p>J\u00falius 16-\u00e1n Mogyor\u00f3don, a Hungaroringen ker\u00fclt sor a Tour de Ring 24 k\u00f6r\u00f6s versenyre. A rajt 10 \u00f3rakor zajlott, \u00f6sszesen 170 versenyz\u0151 \u00e1llt a rajtn\u00e1l. A t\u00e1v 105 kilom\u00e9ter volt, \u00e9s 864 m szintk\u00fcl\u00f6nbs\u00e9g volt benne. Kezdetben a f\u0151 mez\u0151nnyel haladtam, de sajnos a dombokn\u00e1l leszakadtam, \u00e9s egy m\u00e1sik bollyal mentem a verseny v\u00e9g\u00e9ig. A kateg\u00f3ri\u00e1mban a 17. helyet siker\u00fclt megszereznem, abszol\u00fatban pedig 103 lettem. Nagyon j\u00f3l \u00e9reztem magam. Fantasztikus rendezv\u00e9ny volt.<\/p><\/blockquote>\n","protected":false},"excerpt":{"rendered":"<p>A ny\u00e1ri besz\u00e1mol\u00f3k p\u00f3tl\u00e1sak\u00e9nt ezennel Nagy L\u00e1szl\u00f3 Andr\u00e1s verseny\u00e9r\u0151l sz\u00e1molunk be. Andris a T\u00f3sport \u00e1ltal szervezett bringaversenyen indult a Hungaroringen, annak is a 24 k\u00f6r\u00f6s verseny\u00e9ben. Versenyki\u00edr\u00e1s: LINK Eredm\u00e9nyek: A k\u00e9pek\u00e9rt k\u00f6sz\u00f6net Kaiser Erika fot\u00f3snak. (LINK)<\/p>\n","protected":false},"author":1,"featured_media":0,"comment_status":"closed","ping_status":"closed","sticky":false,"template":"","format":"standard","meta":{"footnotes":""},"categories":[3],"tags":[],"_links":{"self":[{"href":"https:\/\/brigetiosport.hu\/wordpress\/wp-json\/wp\/v2\/posts\/835"}],"collection":[{"href":"https:\/\/brigetiosport.hu\/wordpress\/wp-json\/wp\/v2\/posts"}],"about":[{"href":"https:\/\/brigetiosport.hu\/wordpress\/wp-json\/wp\/v2\/types\/post"}],"author":[{"embeddable":true,"href":"https:\/\/brigetiosport.hu\/wordpress\/wp-json\/wp\/v2\/users\/1"}],"replies":[{"embeddable":true,"href":"https:\/\/brigetiosport.hu\/wordpress\/wp-json\/wp\/v2\/comments?post=835"}],"version-history":[{"count":5,"href":"https:\/\/brigetiosport.hu\/wordpress\/wp-json\/wp\/v2\/posts\/835\/revisions"}],"predecessor-version":[{"id":843,"href":"https:\/\/brigetiosport.hu\/wordpress\/wp-json\/wp\/v2\/posts\/835\/revisions\/843"}],"wp:attachment":[{"href":"https:\/\/brigetiosport.hu\/wordpress\/wp-json\/wp\/v2\/media?parent=835"}],"wp:term":[{"taxonomy":"category","embeddable":true,"href":"https:\/\/brigetiosport.hu\/wordpress\/wp-json\/wp\/v2\/categories?post=835"},{"taxonomy":"post_tag","embeddable":true,"href":"https:\/\/brigetiosport.hu\/wordpress\/wp-json\/wp\/v2\/tags?post=835"}],"curies":[{"name":"wp","href":"https:\/\/api.w.org\/{rel}","templated":true}]}}