{"id":817,"date":"2017-08-20T22:51:51","date_gmt":"2017-08-20T21:51:51","guid":{"rendered":"http:\/\/brigetiosport.hu\/wordpress\/?p=817"},"modified":"2017-08-20T23:07:36","modified_gmt":"2017-08-20T22:07:36","slug":"top-maraton-sorozat-bukk-maraton","status":"publish","type":"post","link":"https:\/\/brigetiosport.hu\/wordpress\/2017\/08\/20\/top-maraton-sorozat-bukk-maraton\/","title":{"rendered":"TOP Maraton sorozat: B\u00fckk Maraton"},"content":{"rendered":"<p>Az augusztus 6-i Top Maraton sorozat 3. verseny\u00e9nek besz\u00e1mol\u00f3j\u00e1val m\u00e9g ad\u00f3sak voltunk, al\u00e1bbiakban ezt ismertetn\u00e9nk.<br \/>\nAz egyes\u00fclet ism\u00e9t 6 f\u0151vel k\u00e9pviselte mag\u00e1t. B\u00edztat\u00f3 eredm\u00e9nyek sz\u00fclettek, ez\u00fattal viszont sajnos Eisemann Robi feladni k\u00e9nyszer\u00fclt a versenyt egy fel\u00fct\u00e9ses defektet k\u00f6vet\u0151en.<br \/>\n\u00cdme az eredm\u00e9nyek:<br \/>\nTeheln\u00e9 Br\u00e1nyik Zsuzsa: mini t\u00e1v Master3 1. hely<br \/>\nGelle Ol\u00edvia: r\u00f6vid t\u00e1v U19 4. hely<br \/>\nCsintalan Mikl\u00f3s: r\u00f6vid t\u00e1v Master4 5. hely<br \/>\nKolozsv\u00e1ry Szil\u00e1rd: r\u00f6vid t\u00e1v Master2 35. hely<br \/>\nTapsonyi S\u00e1ndor: k\u00f6z\u00e9p t\u00e1v Master1 8. hely<br \/>\nEisemann R\u00f3bert: k\u00f6z\u00e9p t\u00e1v Master1 DNF<br \/>\nEredm\u00e9nyek: <a href=\"http:\/\/www.temposport.hu\/download\/2017_bukk_maraton.pdf\" target=\"_blank\" rel=\"noopener noreferrer\">LINK<\/a><br \/>\nVersenyki\u00edr\u00e1s: <a href=\"http:\/\/www.nse.hu\/bukk-hirek\" target=\"_blank\" rel=\"noopener noreferrer\">LINK<\/a><\/p>\n<div>\n\n\t\t<div id='gallery-1' class='gallery galleryid-817 gallery-columns-2 gallery-size-medium gal170820_3'><script type=\"text\/javascript\">\r\n\/\/ <![CDATA[\r\n\tjQuery(document).ready(function () {\r\n\t\tjQuery(\".gal170820_3 a\").attr(\"rel\",\"gal170820_3\");\t\r\n\t\tjQuery('a[rel=\"gal170820_3\"]').colorbox({maxWidth:\"95%\", maxHeight:\"95%\",title: function(){ return jQuery(this).children().attr(\"alt\"); }});\r\n\t});\r\n\/\/ ]]>\r\n<\/script>\n<figure class=\"gallery-item\">\n<div class=\"gallery-icon\">\r\n<a href=\"https:\/\/brigetiosport.hu\/wordpress\/wp-content\/uploads\/2017\/08\/2017_bukk_csapat1.jpg\" title=\"\" rel=\"gal170820_3\"><img loading=\"lazy\" decoding=\"async\" src=\"https:\/\/brigetiosport.hu\/wordpress\/wp-content\/uploads\/2017\/08\/2017_bukk_csapat1-300x169.jpg\" width=\"300\" height=\"169\" alt=\"\" \/><\/a>\r\n<\/div><\/figure><figure class=\"gallery-item\">\n<div class=\"gallery-icon\">\r\n<a href=\"https:\/\/brigetiosport.hu\/wordpress\/wp-content\/uploads\/2017\/08\/2017_bukk_csapat2.jpg\" title=\"\" rel=\"gal170820_3\"><img loading=\"lazy\" decoding=\"async\" src=\"https:\/\/brigetiosport.hu\/wordpress\/wp-content\/uploads\/2017\/08\/2017_bukk_csapat2-300x169.jpg\" width=\"300\" height=\"169\" alt=\"\" \/><\/a>\r\n<\/div><\/figure>\r\n\t\t<\/div>\n\n<\/div>\n<div style=\"clear: both;\"><\/div>\n<div>\n\n\t\t<div id='gallery-2' class='gallery galleryid-817 gallery-columns-3 gallery-size-thumbnail gal170820_3'><script type=\"text\/javascript\">\r\n\/\/ <![CDATA[\r\n\tjQuery(document).ready(function () {\r\n\t\tjQuery(\".gal170820_3 a\").attr(\"rel\",\"gal170820_3\");\t\r\n\t\tjQuery('a[rel=\"gal170820_3\"]').colorbox({maxWidth:\"95%\", maxHeight:\"95%\",title: function(){ return jQuery(this).children().attr(\"alt\"); }});\r\n\t});\r\n\/\/ ]]>\r\n<\/script>\n<figure class=\"gallery-item\">\n<div class=\"gallery-icon\">\r\n<a href=\"https:\/\/brigetiosport.hu\/wordpress\/wp-content\/uploads\/2017\/08\/2017_bukk_ns.jpg\" title=\"\" rel=\"gal170820_3\"><img loading=\"lazy\" decoding=\"async\" src=\"https:\/\/brigetiosport.hu\/wordpress\/wp-content\/uploads\/2017\/08\/2017_bukk_ns-150x150.jpg\" width=\"150\" height=\"150\" alt=\"\" \/><\/a>\r\n<\/div><\/figure><figure class=\"gallery-item\">\n<div class=\"gallery-icon\">\r\n<a href=\"https:\/\/brigetiosport.hu\/wordpress\/wp-content\/uploads\/2017\/08\/2017_bukk_ts1.jpg\" title=\"\" rel=\"gal170820_3\"><img loading=\"lazy\" decoding=\"async\" src=\"https:\/\/brigetiosport.hu\/wordpress\/wp-content\/uploads\/2017\/08\/2017_bukk_ts1-150x150.jpg\" width=\"150\" height=\"150\" alt=\"\" \/><\/a>\r\n<\/div><\/figure><figure class=\"gallery-item\">\n<div class=\"gallery-icon\">\r\n<a href=\"https:\/\/brigetiosport.hu\/wordpress\/wp-content\/uploads\/2017\/08\/2017_bukk_er.jpg\" title=\"\" rel=\"gal170820_3\"><img loading=\"lazy\" decoding=\"async\" src=\"https:\/\/brigetiosport.hu\/wordpress\/wp-content\/uploads\/2017\/08\/2017_bukk_er-150x150.jpg\" width=\"150\" height=\"150\" alt=\"\" \/><\/a>\r\n<\/div><\/figure><figure class=\"gallery-item\">\n<div class=\"gallery-icon\">\r\n<a href=\"https:\/\/brigetiosport.hu\/wordpress\/wp-content\/uploads\/2017\/08\/2017_bukk_ksz.jpg\" title=\"\" rel=\"gal170820_3\"><img loading=\"lazy\" decoding=\"async\" src=\"https:\/\/brigetiosport.hu\/wordpress\/wp-content\/uploads\/2017\/08\/2017_bukk_ksz-150x150.jpg\" width=\"150\" height=\"150\" alt=\"\" \/><\/a>\r\n<\/div><\/figure><figure class=\"gallery-item\">\n<div class=\"gallery-icon\">\r\n<a href=\"https:\/\/brigetiosport.hu\/wordpress\/wp-content\/uploads\/2017\/08\/2017_bukk_ts2.jpg\" title=\"\" rel=\"gal170820_3\"><img loading=\"lazy\" decoding=\"async\" src=\"https:\/\/brigetiosport.hu\/wordpress\/wp-content\/uploads\/2017\/08\/2017_bukk_ts2-150x150.jpg\" width=\"150\" height=\"150\" alt=\"\" \/><\/a>\r\n<\/div><\/figure><figure class=\"gallery-item\">\n<div class=\"gallery-icon\">\r\n<a href=\"https:\/\/brigetiosport.hu\/wordpress\/wp-content\/uploads\/2017\/08\/2017_bukk_er2.jpg\" title=\"\" rel=\"gal170820_3\"><img loading=\"lazy\" decoding=\"async\" src=\"https:\/\/brigetiosport.hu\/wordpress\/wp-content\/uploads\/2017\/08\/2017_bukk_er2-150x150.jpg\" width=\"150\" height=\"150\" alt=\"\" \/><\/a>\r\n<\/div><\/figure>\r\n\t\t<\/div>\n\n<\/div>\n<p>A k\u00e9pek Juh\u00e1sz Zsolt munk\u00e1j\u00e1t d\u00edcs\u00e9rik. K\u00f6sz\u00f6nj\u00fck. (<a href=\"https:\/\/www.facebook.com\/juhasz.zsolt.564\" target=\"_blank\" rel=\"noopener noreferrer\">LINK<\/a>)<\/p>\n<p><!--more--><\/p>\n<p>Robi besz\u00e1mol\u00f3ja:<\/p>\n<blockquote><p><span class=\"_5yl5\">B\u00fckk Maraton. Az egyik kedvenc versenyem a Top Maraton sorozatban, \u00edgy mindig sz\u00edvesen utazok Fels\u0151t\u00e1rk\u00e1nyba! J\u00f3 form\u00e1ban\/\u00e1llapotban \u00e9rkeztem, az \u00e9jszak\u00e1m is ennek megfelel\u0151 volt! Reggel pr\u00f3b\u00e1ltam j\u00f3l id\u0151z\u00edteni az \u00e9tkez\u00e9semet, szerintem siker\u00fclt is! \u00d6sszej\u00f6tt csapatunk apraja-nagyja \u00e9s egy p\u00e1r fot\u00f3 m\u00e9g belef\u00e9rt a rajt el\u0151tt! Sanyival el\u00e9g j\u00f3 helyre siker\u00fclt be\u00e1llni a rajtba, minden adott volt egy j\u00f3 versenyre! Indul\u00e1s ut\u00e1n megindultunk felfel\u00e9 a hegyre, Sanyi megint j\u00f3 temp\u00f3val kezdett, egy darabig mentem vele, azt\u00e1n be\u00e1lltam ink\u00e1bb saj\u00e1t temp\u00f3ra! Fel\u00e9rve a hegytet\u0151re, friss\u00edt\u0151n\u00e9l t\u00f6ltettem a kulacsba (meleg volt nagyon)! Indul\u00e1s lefel\u00e9! Im\u00e1dom! Azt\u00e1n egy \u00f3vatlan pillanatban (\u00e9szre sem vettem), \u00e1thajtottam egy nagyobb szikladarabon, majdnem el is estem! \u00c9n meg\u00fasztam, de a h\u00e1ts\u00f3 kerekem m\u00e1r nem volt ilyen szerencs\u00e9s! K\u00e9t helyen is kihas\u00edtotta a k\u00fcls\u0151met! Bels\u0151 n\u00e9lk\u00fcl haszn\u00e1lom a kerekeket, de a tej nem tudta megfogni a szakad\u00e1sokat! Ez a verseny el\u00faszott, de a \u201eneheze\u201d m\u00e9g csak most k\u00f6vetkezett! 19km-t mentem verseny temp\u00f3ba, viszont defektes ker\u00e9kkel vissza kellett mennem a rajt\/c\u00e9l ter\u00fcletre! \u00cdgy tolva kellett m\u00e9g 12km-t teljes\u00edtenem! Eleinte nagyon d\u00fch\u00edtett, hogy pont most t\u00f6rt\u00e9nik ilyen, mikor j\u00f3l \u00e9reztem magam \u00e9s a kedvenc p\u00e1ly\u00e1m is, de a 2 \u00f3r\u00e1s s\u00e9ta eloszlatta bennem az indulatokat! Hossz\u00fa, neh\u00e9z, f\u00e1raszt\u00f3 \u00e9s f\u00e1jdalmas 2 \u00f3ra volt! A l\u00e1bujjaim, meg a bok\u00e1m megs\u00ednylett\u00e9k a hossz\u00fa SPD cip\u0151ben t\u00f6rt\u00e9n\u0151 s\u00e9t\u00e1t! Kellemes meglepet\u00e9s volt, hogy rengetegen meg\u00e1lltak hozz\u00e1m, hogy miben tudnak seg\u00edteni, de sajnos ez a helyzet menthetetlen volt! J\u00f3l esett az emberek seg\u00edt\u0151k\u00e9szs\u00e9ge! A csapat t\u00f6bbi tagja, sz\u00e9pen teljes\u00edtett! Csal\u00f3dott voltam, de nem hagyom, hogy egy ilyen eset elt\u00e1ntor\u00edtson! J\u00f6v\u0151re siker\u00fclni fog! Most k\u00e9sz\u00fcl\u00e9s a M\u00e1tra Maratonra! Hajr\u00e1 Brigetio KSE!<\/span><\/p><\/blockquote>\n<p>Sanyi besz\u00e1mol\u00f3ja:<\/p>\n<blockquote><p>Augusztus els\u0151 h\u00e9tv\u00e9g\u00e9j\u00e9vel el\u00e9rkezt\u00fcnk a Top Maraton sorozat harmadik \u00e1llom\u00e1s\u00e1hoz. Ami az egyes\u00fclet\u00fcnket illette, a l\u00e9tsz\u00e1m az el\u0151z\u0151, esztergomi fordul\u00f3 versenyz\u0151ib\u0151l<br \/>\n\u00e1llt ism\u00e9t \u00f6ssze. A verseny rajt-c\u00e9l ter\u00fclete tov\u00e1bbra is Fels\u0151t\u00e1rk\u00e1nyon volt, az utaz\u00e1st ez\u00fattal az egyes\u00fcletb\u0151l Szil\u00e1rddal tett\u00fcnk meg, de csatlakozott hozz\u00e1nk Benyeczk\u00f3 Jani<br \/>\nbar\u00e1tunk is, aki id\u00e9n szint\u00e9n c\u00e9lul t\u0171zte ki, hogy Master3 kateg\u00f3ri\u00e1ban megpr\u00f3b\u00e1l min\u00e9l el\u0151kel\u0151bb helyen v\u00e9gezni, ez\u00e9rt rajthoz \u00e1ll a sorozat minden \u00e1llom\u00e1s\u00e1n.<br \/>\nKifejezetten meleg id\u0151ben volt r\u00e9sz\u00fcnk szombaton, ennek megfelel\u0151en nem is mennek olyan p\u00f6rg\u0151sen a dolgok, mint azt kor\u00e1bban v\u00e1rtam. Fels\u0151t\u00e1rk\u00e1nyba 13 \u00f3r\u00e1ra \u00e9rkezt\u00fcnk meg,<br \/>\n\u00e9s els\u0151dleges terv\u00fcnk az lett, hogy rajtcsomagjaink \u00e1tv\u00e9tel\u00e9t k\u00f6vet\u0151en felkeress\u00fck sz\u00e1ll\u00e1sunkat, mely a k\u00f6rny\u00e9kbeli falvak egyik\u00e9n, ez\u00fattal Cser\u00e9pfaluban volt.<br \/>\nMikl\u00f3ssal \u00e9s Zsuzs\u00e1val m\u00e9g itt m\u00f3dunkban \u00e1llt tal\u00e1lkozni, mi t\u00f6bb, \u0151k ha egy kev\u00e9ssel is, de hamarabb \u00e9rtek ide, mint mi.<br \/>\nGyors tanakod\u00e1st k\u00f6vet\u0151en abban maradtunk, hogy a k\u00f6z\u00f6s p\u00e1lyabej\u00e1r\u00e1st nem er\u0151ltetj\u00fck, a tikkaszt\u00f3 meleg nem lesz mindegyik\u0151nk bar\u00e1tja ez\u00fattal.<br \/>\nF\u00e9l h\u00e1rmat \u00edrtunk, mire a sz\u00e1ll\u00e1sunkat elfoglaltuk. \ud83d\ude1b Mire ott tartottunk, hogy visszamegy\u00fcnk Fels\u0151t\u00e1rk\u00e1nyba, m\u00e1r 17 \u00f3r\u00e1t \u00edrtunk. \u00cdgy egy kicsit \u00e1t is kellett \u00e9rt\u00e9kelni a dolgokat. Abban maradtunk, hogy visszamegy\u00fcnk, ki-ki p\u00e1ly\u00e1t j\u00e1r kedve \u00e9s m\u00f3dja szerint, majd amint v\u00e9gz\u00fcnk, egy besz\u00e9lget\u00e9s erej\u00e9ig \u00f6sszefutunk Nagy Sany\u00e1val, aki csal\u00e1dj\u00e1val m\u00e1r Fels\u0151t\u00e1rk\u00e1nyban tart\u00f3zkodott. Sanya azt a feladatot v\u00e1llalta mag\u00e1ra, hogy a hossz\u00fa t\u00e1v z\u00e1r\u00f3 bring\u00e1sa lesz a t\u00e1v els\u0151 k\u00f6r\u00e9n vas\u00e1rnap.<br \/>\nMire \u00f6sszedobtuk a bring\u00e1inkat, m\u00e1r 17:30-at \u00edrtunk &#8211; b\u00e1r ezen m\u00e1r a nap t\u00f6rt\u00e9n\u00e9seit l\u00e1tva cseppet sem lep\u0151dtem meg.<br \/>\nSzil\u00e1rd \u00e9s Jani a r\u00f6vid t\u00e1v egy szakasz\u00e1t szemelte ki tr\u00e9ningez\u00e9sre, \u00e9n viszont \u00fagy d\u00f6nt\u00f6ttem, hogy a k\u00f6z\u00e9pt\u00e1v \u00fatvonal\u00e1nak m\u00e1sodik k\u00f6r\u00e9t teljes\u00edtem, \u00e9s ha id\u0151m engedi, esetleg az els\u0151 k\u00f6rbe is belek\u00f3stolok ut\u00e1na.<br \/>\nP\u00e1lyabej\u00e1r\u00e1son egy dolog volt szembet\u0171n\u0151. A kor\u00e1bbi \u00e9vekben a m\u00e1sz\u00f3s V\u00f6lgyf\u0151 h\u00e1zn\u00e1l l\u00e9v\u0151 friss\u00edt\u0151pont ut\u00e1n volt egy olyan m\u00e1sz\u00f3s szakasz, mely er\u0151sen kimosott szokott lenni a heves es\u0151z\u00e9seknek k\u00f6sz\u00f6nhet\u0151en, ez\u00e9rt a m\u00e1sz\u00e1st j\u00f3csk\u00e1n megnehez\u00edti, hogy id\u0151nk\u00e9nt keresztezni kell ezeket a v\u00e1ly\u00fakat. Ez\u00fattal azonban nem kellett, ugyanis ez rendbe volt t\u00e9ve.<br \/>\nA nagyj\u00e1b\u00f3l 25km-es k\u00f6r v\u00e9g\u00e9re annyi konkl\u00fazi\u00f3 marad m\u00e9g, hogy ha a k\u00f6ves lefel\u00e9kkel nem lesz baj, akkor ez egy abszolv\u00e1lhat\u00f3 k\u00f6r lesz, \u00e9s ink\u00e1bb csak az els\u0151 k\u00f6r\u00f6n kiharcolt poz\u00edci\u00f3 megtart\u00e1s\u00e1ra kell t\u00f6rekedni a verseny napj\u00e1n.<br \/>\nP\u00e1lyaj\u00e1r\u00e1s ut\u00e1n le\u00fclt\u00fcnk Mikl\u00f3s\u00e9kkal \u00e9s Sany\u00e1val besz\u00e9lgetni egyet, majd spri volt vissza, a sz\u00e1ll\u00e1shelyre.<br \/>\nM\u00e1snap 8:30-ra ment\u00fcnk ki verseny helysz\u00edn\u00e9re. Kicsit kapkod\u00f3sra siker\u00fclt a k\u00e9sz\u00fcl\u0151d\u00e9s, aminek k\u00f6sz\u00f6nhet\u0151en csapatfot\u00f3ra m\u00e9g futotta, de Robival v\u00e9g\u00fcl \u00fagy d\u00f6nt\u00f6tt\u00fcnk, hogy meleg\u00edt\u0151 k\u00f6rre m\u00e1r el sem indulunk.<br \/>\nAmi a versenyt illeti j\u00f3l alakult minden. A szok\u00e1sos ritu\u00e1l\u00e9k a rajtban. Nutrixxion energiaszelet, Nutrend Acceler teljes\u00edtm\u00e9nyfokoz\u00f3 a rajtot megel\u0151z\u0151en. Robival egyetemben siker\u00fclt j\u00f3l robbantanom, \u00e9s viszonylag hamar abban a k\u00f6zegben tal\u00e1ltam magam, melyben a c\u00e9l m\u00e1r csak a szint tart\u00e1sa lett volna.<br \/>\nDe ez most soknak bizonyult. T\u00f6rt\u00e9nt ugyanis, hogy a verseny 45-ik perce k\u00f6r\u00fcl az els\u0151 k\u00f6r legmagasabb pontj\u00e1hoz, \u00e9s ezzel egy\u00fctt egy r\u00f6vid, de meredekebb szakasz\u00e1hoz \u00e9rtem. Ez engem itt lesz\u00e1ll\u00e1sra k\u00e9sztetett, ugyanis der\u00e9kkal ez\u00fattal sem b\u00edrtam ezt teljes\u00edteni. Ennek eredm\u00e9nye, hogy kb. 15 poz\u00edci\u00f3t vesz\u00edtettem el a 2-300m hossz\u00fa szakaszon.<br \/>\nMondjuk ebbe benne volt a v\u00e9g\u00e9n azt\u00e1n harmadik helyezett Feln\u0151tt \u00e9s Master2 kateg\u00f3ria dobog\u00f3sa, akik mindketten a Trek csapatot er\u0151s\u00edtik. \u00c9n az\u00e9rt meg valljuk meg, nem merem m\u00e9g hozz\u00e1juk hasonl\u00edtani magam. Azt\u00e1n a k\u00f6r k\u00f6zben l\u00e9v\u0151 friss\u00edt\u0151ponton menet k\u00f6zben k\u00e9rtem m\u00e9g egy poh\u00e1r iz\u00f3s italt, \u00e9s kezd\u0151dhetett a hosszas lefele szakasz.<br \/>\nNos ez\u00fattal sem ez volt az er\u0151ss\u00e9gem, itt m\u00e9g k\u00e9nytelen voltam fejet hajtani p\u00e1r rutinosabb sportt\u00e1rsnak.<br \/>\nK\u00f6r v\u00e9g\u00e9n mindk\u00e9nt kulacsomat \u00fajrat\u00f6ltettem. Tudtam, hogy a hosszas m\u00e1sz\u00e1sok a m\u00e1sodik k\u00f6r\u00f6n ig\u00e9nylik a megfelel\u0151 mennyis\u00e9g\u0171 folyad\u00e9kbevitelt. \u00cdgy is volt. V\u00f6lgyf\u0151 h\u00e1zi friss\u00edt\u0151ponton egy \u00fajabb kulacs t\u00f6lt\u00e9st k\u00e9rtem, b\u00e1r innent\u0151l tudtam, hogy nem lesz \u00fajabb tervezett meg\u00e1ll\u00e1s. Innent\u0151l k\u00e9t sr\u00e1ccal siker\u00fclt meccselnem eg\u00e9szen Fels\u0151t\u00e1rk\u00e1nyig.<br \/>\nHamar tudatosult bennem, hogy a lefel\u00e9kben es\u00e9lyem sincs ellen\u00fck. Ha viszont a felfel\u00e9kre odafigyelek, akkor eny\u00e9m lehet az el\u0151kel\u0151bb poz\u00edci\u00f3. A faluba egy ejt\u0151z\u00e9st k\u00f6vet\u0151en lehet lejutni. Ezt azonban egy enyh\u00e9bb m\u00e1sz\u00e1s el\u0151zi meg. Ennek tudt\u00e1ban az im\u00e9nt v\u00e1zoltak szerint j\u00e1rtam el, \u00e9s a lefel\u00e9ben azon voltam, hogy bev\u00e1llaljam azt, amit m\u00e9g merek.<br \/>\nAz akci\u00f3nak meg lett az eredm\u00e9nye, a falu utc\u00e1in m\u00e1r nem kellett h\u00e1trafel\u00e9 n\u00e9zel\u0151dn\u00f6m.<br \/>\nA c\u00e9lba a sz\u00e1momra el\u0151kel\u0151 8-ik helyen \u00e9rkeztem a Master1 korcsoportban, nem kis meglepet\u00e9sre 2mp-re a 7-ik helyzett\u0151l. Ezzel tov\u00e1bb siker\u00fclt jav\u00edtanom idei form\u00e1m. Sajnos, mint ut\u00f3lag kider\u00fclt, Robi egy fel\u00fct\u00e9ses defektet k\u00f6vet\u0151en feladni k\u00e9nyszer\u00fclt a versenyt, amivel \u00edgy \u00e9rt\u00e9kes pontokat vesz\u00edtett.<br \/>\nA csapatb\u00f3l Zsuzsa a mini t\u00e1v Master3-ban 5-ik, a r\u00f6vid t\u00e1v U19-ben Ol\u00edvia 4-ik, Miki &#8216;b\u00e1 Master4 5-ik, Szil\u00e1rd a Master2 35-ik poz\u00edci\u00f3ban fejezte be a versenyt. Elmond\u00e1suk szerint \u00e9lvezt\u00e9k a versenyt. Janinak a h\u0151s\u00e9g a megviselte a szervezet\u00e9t, \u0151 izomg\u00f6rcs\u00f6kkel szenvedett. Ennek ellen\u00e9re az el\u0151kel\u0151 7-ik helyen \u00e9rkezett. Gratul\u00e1lok mindannyi\u00f3juknak, rem\u00e9lem mindegyik\u00fcnknek siker\u00fcl egy j\u00f3 helyez\u00e9ssel z\u00e1rni a sorozatot majd a M\u00e1tr\u00e1ban.<\/p><\/blockquote>\n","protected":false},"excerpt":{"rendered":"<p>Az augusztus 6-i Top Maraton sorozat 3. verseny\u00e9nek besz\u00e1mol\u00f3j\u00e1val m\u00e9g ad\u00f3sak voltunk, al\u00e1bbiakban ezt ismertetn\u00e9nk. Az egyes\u00fclet ism\u00e9t 6 f\u0151vel k\u00e9pviselte mag\u00e1t. B\u00edztat\u00f3 eredm\u00e9nyek sz\u00fclettek, ez\u00fattal viszont sajnos Eisemann Robi feladni k\u00e9nyszer\u00fclt a versenyt egy fel\u00fct\u00e9ses defektet k\u00f6vet\u0151en. \u00cdme az eredm\u00e9nyek: Teheln\u00e9 Br\u00e1nyik Zsuzsa: mini t\u00e1v Master3 1. hely Gelle Ol\u00edvia: r\u00f6vid t\u00e1v U19 4. &hellip; <a href=\"https:\/\/brigetiosport.hu\/wordpress\/2017\/08\/20\/top-maraton-sorozat-bukk-maraton\/\" class=\"more-link\"><span class=\"screen-reader-text\">&#8222;TOP Maraton sorozat: B\u00fckk Maraton&#8221;<\/span> b\u0151vebben<\/a><\/p>\n","protected":false},"author":1,"featured_media":0,"comment_status":"closed","ping_status":"closed","sticky":false,"template":"","format":"standard","meta":{"footnotes":""},"categories":[8],"tags":[],"_links":{"self":[{"href":"https:\/\/brigetiosport.hu\/wordpress\/wp-json\/wp\/v2\/posts\/817"}],"collection":[{"href":"https:\/\/brigetiosport.hu\/wordpress\/wp-json\/wp\/v2\/posts"}],"about":[{"href":"https:\/\/brigetiosport.hu\/wordpress\/wp-json\/wp\/v2\/types\/post"}],"author":[{"embeddable":true,"href":"https:\/\/brigetiosport.hu\/wordpress\/wp-json\/wp\/v2\/users\/1"}],"replies":[{"embeddable":true,"href":"https:\/\/brigetiosport.hu\/wordpress\/wp-json\/wp\/v2\/comments?post=817"}],"version-history":[{"count":7,"href":"https:\/\/brigetiosport.hu\/wordpress\/wp-json\/wp\/v2\/posts\/817\/revisions"}],"predecessor-version":[{"id":832,"href":"https:\/\/brigetiosport.hu\/wordpress\/wp-json\/wp\/v2\/posts\/817\/revisions\/832"}],"wp:attachment":[{"href":"https:\/\/brigetiosport.hu\/wordpress\/wp-json\/wp\/v2\/media?parent=817"}],"wp:term":[{"taxonomy":"category","embeddable":true,"href":"https:\/\/brigetiosport.hu\/wordpress\/wp-json\/wp\/v2\/categories?post=817"},{"taxonomy":"post_tag","embeddable":true,"href":"https:\/\/brigetiosport.hu\/wordpress\/wp-json\/wp\/v2\/tags?post=817"}],"curies":[{"name":"wp","href":"https:\/\/api.w.org\/{rel}","templated":true}]}}