{"id":814,"date":"2017-08-20T22:06:04","date_gmt":"2017-08-20T21:06:04","guid":{"rendered":"http:\/\/brigetiosport.hu\/wordpress\/?p=814"},"modified":"2017-08-20T22:06:04","modified_gmt":"2017-08-20T21:06:04","slug":"zanka-24-oras-mtb-valtoverseny","status":"publish","type":"post","link":"https:\/\/brigetiosport.hu\/wordpress\/2017\/08\/20\/zanka-24-oras-mtb-valtoverseny\/","title":{"rendered":"Z\u00e1nka: 24 \u00f3r\u00e1s MTB v\u00e1lt\u00f3verseny"},"content":{"rendered":"\n\t\t<div id='gallery-1' class='gallery galleryid-814 gallery-columns-1 gallery-size-medium gal170820_2'><script type=\"text\/javascript\">\r\n\/\/ <![CDATA[\r\n\tjQuery(document).ready(function () {\r\n\t\tjQuery(\".gal170820_2 a\").attr(\"rel\",\"gal170820_2\");\t\r\n\t\tjQuery('a[rel=\"gal170820_2\"]').colorbox({maxWidth:\"95%\", maxHeight:\"95%\",title: function(){ return jQuery(this).children().attr(\"alt\"); }});\r\n\t});\r\n\/\/ ]]>\r\n<\/script>\n<figure class=\"gallery-item\">\n<div class=\"gallery-icon\">\r\n<a href=\"https:\/\/brigetiosport.hu\/wordpress\/wp-content\/uploads\/2017\/08\/2017_zanka_er_dt.jpg\" title=\"Tomi \u00e9s Robi bevet\u00e9sre k\u00e9szen\" rel=\"gal170820_2\"><img loading=\"lazy\" decoding=\"async\" src=\"https:\/\/brigetiosport.hu\/wordpress\/wp-content\/uploads\/2017\/08\/2017_zanka_er_dt-300x300.jpg\" width=\"300\" height=\"300\" alt=\"Tomi \u00e9s Robi bevet\u00e9sre k\u00e9szen\" \/><\/a>\r\n<\/div><figcaption class=\"gallery-caption\" id=\"caption815\"><span class=\"imagecaption\">Tomi \u00e9s Robi bevet\u00e9sre k\u00e9szen<\/span><br \/>\n<\/figcaption><\/figure>\r\n\t\t<\/div>\n\n<p>J\u00falius 29-\u00e9n ker\u00fclt sor a 24 \u00f3r\u00e1s z\u00e1nkai MTB v\u00e1lt\u00f3versenyre. Egyes\u00fclet\u00fcnket Eisemann Robi k\u00e9pviselte, aki D\u00e9k\u00e1ny Tam\u00e1ssal kar\u00f6ltve p\u00e1ros csapatot alkotva v\u00e1gott neki az embert pr\u00f3b\u00e1l\u00f3 megm\u00e9rettet\u00e9snek. Robi\u00e9k remek versenyz\u00e9ssel a kateg\u00f3ria 3. hely\u00e9n \u00e1lltak, viszont a k\u00f6zben felmer\u00fclt probl\u00e9m\u00e1k miatt arra az elhat\u00e1roz\u00e1sra jutottak, hogy fel kell adniuk a versenyt.<\/p>\n<p>Eredm\u00e9nyek: <a href=\"http:\/\/www.temposport.hu\/download\/2017_24H_Zanka_reszeredmeny.pdf\" target=\"_blank\" rel=\"noopener noreferrer\">LINK<\/a><\/p>\n<p>Versenyki\u00edr\u00e1s: <a href=\"http:\/\/www.sportaktiv.hu\/24-oras-hu\/\" target=\"_blank\" rel=\"noopener noreferrer\">LINK<\/a><br \/>\n<!--more--><br \/>\nRobi besz\u00e1mol\u00f3ja a versenyr\u0151l az al\u00e1bbiakban olvashat\u00f3:<\/p>\n<blockquote><p>24 \u00f3r\u00e1s v\u00e1lt\u00f3versenyen vett\u00fcnk r\u00e9szt Z\u00e1nk\u00e1n (j\u00falius 29.-30.-\u00e1n) .<br \/>\nMivel nem tudtunk \u00f6sszehozni egy csapatot, \u00edgy D\u00e9k\u00e1ny Tomival du\u00f3 kateg\u00f3ri\u00e1ban indultunk! A p\u00e1lya (mint minden \u00e9veben) sokat v\u00e1ltozott &#8211; 4 km hossz\u00fa \u00e9s kb. 50m szintet rejtett mag\u00e1ban a k\u00f6r! Mivel t\u00f6bbnyire csapatban indultunk, \u00edgy j\u00f3l \u00e1t kellett gondolni a du\u00f3-s taktik\u00e1t! Tomival megbesz\u00e9lt\u00fck, hogy nappal, am\u00edg nagyon meleg van \u00f3r\u00e1nk\u00e9nt v\u00e1ltunk, este mehet a 2 \u00f3r\u00e1s v\u00e1lt\u00e1s!<br \/>\nD\u00e9lben rajtoltam, nagyon meleg volt! Az \u00f3r\u00e1s etapokat, 5 k\u00f6rrel tudtuk teljes\u00edteni! Este olyan 8-f\u00e9l9 magass\u00e1g\u00e1ban j\u00f6tt n\u00e1lam egy holtpont, ahol csak 4 k\u00f6rt tudtam menni, de a k\u00f6vetkez\u0151 etapra m\u00e1r t\u00falestem a holtponton! Megindultam az els\u0151 2 \u00f3r\u00e1s etapomra, m\u00e1r jobban voltam \u00e9s tudtam is haladni, de elkezdett instabilan cs\u00faszk\u00e1lnia l\u00e1bam a cip\u0151ben \u00e9s m\u00e1r a t\u00e9rdem is elkezdett szurk\u00e1lni emiatt! Meg\u00e1lltam \u00e9s \u00e9szrevettem hogy a cip\u0151m sz\u00e9thasadt \u00e9s nem tartotta a l\u00e1bam! Eddig mindig vittem csere cip\u0151t magammal, most otthon maradt a m\u00e1sik cip\u0151m! \ud83d\ude41<br \/>\nTominak is kicsit be\u00e1llt a dereka, de bement a p\u00e1ly\u00e1ra, am\u00edg tal\u00e1lok megold\u00e1st a probl\u00e9m\u00e1mra! Pr\u00f3b\u00e1ltam szerezni platform ped\u00e1lt, hogy a sportcip\u0151mmel tudjak tekerni! Csak olyan ped\u00e1lt kaptam, ami platform,de k\u00f6z\u00e9pen spd-s! Feltettem a bring\u00e1ra \u00e9s kimentem k\u00f6r\u00f6zni, de az els\u0151 k\u00f6r ut\u00e1n ki kellett j\u00f6nn\u00f6m, mert \u00e9letvesz\u00e9lyes volt ez a megold\u00e1s! \u00dclve teker\u00e9sn\u00e9l z\u00f6tyk\u00f6l\u0151d\u00e9sn\u00e9l lecs\u00faszk\u00e1lt a l\u00e1bam a ped\u00e1lr\u00f3l, ki\u00e1llva tekerve meg nyomta a talpamat az spd \u00e9s zsibbasztott! \ud83d\ude41<br \/>\nTominak a dereka sem akart javulni, \u00edgy arra a d\u00f6nt\u00e9sre jutottunk, hogy nem kock\u00e1ztatunk egy esetleges s\u00e9r\u00fcl\u00e9st \u00e9s ink\u00e1bb feladjuk a versenyt!<br \/>\nStabilan a 3. helyen \u00e1lltunk, 2 k\u00f6r el\u0151ny\u00fcnk volt a 4. helyezetthez k\u00e9pest 50 k\u00f6rt teljes\u00edtett\u00fcnk!<br \/>\nNagyon d\u00fch\u00edtett a dolog, hogy ilyen dolgok miatt kellett ki\u00e1llnunk, f\u0151leg a 3. helyr\u0151l, de azt\u00e1n t\u00faltett\u00fck magunkat rajta!<br \/>\nEz van, majd j\u00f6v\u0151re \u00fajrapr\u00f3b\u00e1ljuk! \ud83d\ude42<\/p>\n<p>K\u00f6vetkez\u0151 verseny a B\u00fckk maraton!<br \/>\nHajr\u00e1 Brigetio KSE!!!<\/p><\/blockquote>\n","protected":false},"excerpt":{"rendered":"<p>J\u00falius 29-\u00e9n ker\u00fclt sor a 24 \u00f3r\u00e1s z\u00e1nkai MTB v\u00e1lt\u00f3versenyre. Egyes\u00fclet\u00fcnket Eisemann Robi k\u00e9pviselte, aki D\u00e9k\u00e1ny Tam\u00e1ssal kar\u00f6ltve p\u00e1ros csapatot alkotva v\u00e1gott neki az embert pr\u00f3b\u00e1l\u00f3 megm\u00e9rettet\u00e9snek. Robi\u00e9k remek versenyz\u00e9ssel a kateg\u00f3ria 3. hely\u00e9n \u00e1lltak, viszont a k\u00f6zben felmer\u00fclt probl\u00e9m\u00e1k miatt arra az elhat\u00e1roz\u00e1sra jutottak, hogy fel kell adniuk a versenyt. Eredm\u00e9nyek: LINK Versenyki\u00edr\u00e1s: LINK<\/p>\n","protected":false},"author":1,"featured_media":0,"comment_status":"closed","ping_status":"closed","sticky":false,"template":"","format":"standard","meta":{"footnotes":""},"categories":[8],"tags":[],"_links":{"self":[{"href":"https:\/\/brigetiosport.hu\/wordpress\/wp-json\/wp\/v2\/posts\/814"}],"collection":[{"href":"https:\/\/brigetiosport.hu\/wordpress\/wp-json\/wp\/v2\/posts"}],"about":[{"href":"https:\/\/brigetiosport.hu\/wordpress\/wp-json\/wp\/v2\/types\/post"}],"author":[{"embeddable":true,"href":"https:\/\/brigetiosport.hu\/wordpress\/wp-json\/wp\/v2\/users\/1"}],"replies":[{"embeddable":true,"href":"https:\/\/brigetiosport.hu\/wordpress\/wp-json\/wp\/v2\/comments?post=814"}],"version-history":[{"count":1,"href":"https:\/\/brigetiosport.hu\/wordpress\/wp-json\/wp\/v2\/posts\/814\/revisions"}],"predecessor-version":[{"id":816,"href":"https:\/\/brigetiosport.hu\/wordpress\/wp-json\/wp\/v2\/posts\/814\/revisions\/816"}],"wp:attachment":[{"href":"https:\/\/brigetiosport.hu\/wordpress\/wp-json\/wp\/v2\/media?parent=814"}],"wp:term":[{"taxonomy":"category","embeddable":true,"href":"https:\/\/brigetiosport.hu\/wordpress\/wp-json\/wp\/v2\/categories?post=814"},{"taxonomy":"post_tag","embeddable":true,"href":"https:\/\/brigetiosport.hu\/wordpress\/wp-json\/wp\/v2\/tags?post=814"}],"curies":[{"name":"wp","href":"https:\/\/api.w.org\/{rel}","templated":true}]}}