{"id":794,"date":"2017-08-15T08:34:18","date_gmt":"2017-08-15T07:34:18","guid":{"rendered":"http:\/\/brigetiosport.hu\/wordpress\/?p=794"},"modified":"2017-08-16T19:15:59","modified_gmt":"2017-08-16T18:15:59","slug":"bozsik-bence-a-iii-brigetio-orszaguti-mezonyverseny-gyoztese","status":"publish","type":"post","link":"https:\/\/brigetiosport.hu\/wordpress\/2017\/08\/15\/bozsik-bence-a-iii-brigetio-orszaguti-mezonyverseny-gyoztese\/","title":{"rendered":"Bozsik Bence a III. Brigetio Orsz\u00e1g\u00fati Mez\u0151nyverseny gy\u0151ztese!"},"content":{"rendered":"<p style=\"text-align: center;\">Augusztus 13-\u00e1n imm\u00e1ron 3. alkalommal szervezte egyes\u00fclet\u00fcnk a III. Brigetio Orsz\u00e1g\u00fati Mez\u0151nyversenyt, amely id\u00e9n el\u0151sz\u00f6r a Magyar Ker\u00e9kp\u00e1ros Amat\u0151r Bajnoks\u00e1g r\u00e9sz\u00e9t k\u00e9pez\u0151 verseny volt. Verseny\u00fcnk c\u00e9lja a biztons\u00e1gos versenyz\u00e9s \u00e9s a ker\u00e9kp\u00e1rsport n\u00e9pszer\u0171s\u00edt\u00e9se mellett Kom\u00e1rom V\u00e1ros kultur\u00e1lis, t\u00f6rt\u00e9nelmi, turisztikai megismertet\u00e9se is, ez\u00e9rt a r\u00e9sztvev\u0151k t\u00e9r\u00edt\u00e9smentesen l\u00e1togathatt\u00e1k meg az Igm\u00e1ndi Er\u0151d k\u0151t\u00e1r\u00e1t, kedvezm\u00e9nyesen strandolhattak a Brigetio Gy\u00f3gyf\u00fcrd\u0151b\u0151en, sz\u00e1guldozhattak a kom\u00e1romi Teremgokart p\u00e1ly\u00e1n \u00e9s 50% kedvezm\u00e9nnyel pizz\u00e1zhattak a Boss-Co Tratt\u00f3ri\u00e1ban. A rajtcsomag egyes\u00fclet\u00fcnk kulacs\u00e1t, eb\u00e9djegyet, tov\u00e1bb\u00e1 a Nutridepo Web\u00e1ruh\u00e1z felaj\u00e1nl\u00e1s\u00e1b\u00f3l hossz\u00fat\u00e1von 1 db SIS energiaszeletet +\u00a0 1db SIS energia zsel\u00e9t, r\u00f6vidt\u00e1von 1 db SIS energiazsel\u00e9t tartalmazott.<\/p>\n<figure id=\"attachment_796\" aria-describedby=\"caption-attachment-796\" style=\"width: 840px\" class=\"wp-caption aligncenter\"><img loading=\"lazy\" decoding=\"async\" class=\"size-large wp-image-796\" src=\"https:\/\/brigetiosport.hu\/wordpress\/wp-content\/uploads\/2017\/08\/IIIBrigetioRoadRace_VajvodaTamas2017-2874-1024x683.jpg\" alt=\"\" width=\"840\" height=\"560\" srcset=\"https:\/\/brigetiosport.hu\/wordpress\/wp-content\/uploads\/2017\/08\/IIIBrigetioRoadRace_VajvodaTamas2017-2874-1024x683.jpg 1024w, https:\/\/brigetiosport.hu\/wordpress\/wp-content\/uploads\/2017\/08\/IIIBrigetioRoadRace_VajvodaTamas2017-2874-300x200.jpg 300w, https:\/\/brigetiosport.hu\/wordpress\/wp-content\/uploads\/2017\/08\/IIIBrigetioRoadRace_VajvodaTamas2017-2874-768x512.jpg 768w, https:\/\/brigetiosport.hu\/wordpress\/wp-content\/uploads\/2017\/08\/IIIBrigetioRoadRace_VajvodaTamas2017-2874-1200x800.jpg 1200w, https:\/\/brigetiosport.hu\/wordpress\/wp-content\/uploads\/2017\/08\/IIIBrigetioRoadRace_VajvodaTamas2017-2874.jpg 2048w\" sizes=\"(max-width: 709px) 85vw, (max-width: 909px) 67vw, (max-width: 1362px) 62vw, 840px\" \/><figcaption id=\"caption-attachment-796\" class=\"wp-caption-text\">Lass\u00fa rajt, Kom\u00e1rom k\u00f6rforgalom<\/figcaption><\/figure>\n<p style=\"text-align: center;\">16 korcsoportban hirdett\u00fcnk versenyt, korcsoportt\u00f3l f\u00fcgg\u0151en hossz\u00fa 91+6 km \u00e9s r\u00f6vid 37+6 km t\u00e1von kellett rajthoz \u00e1llni. A t\u00e9t nem volt kicsi, gy\u00f6ny\u00f6r\u0171 k\u00e9zm\u0171ves d\u00edjak\u00e9rt, aj\u00e1nd\u00e9kcsomagok\u00e9rt, J\u00f3kai Mozi bel\u00e9p\u0151jegy\u00e9rt, Monostori Er\u0151d t\u00e1rlatvezet\u00e9s\u00e9rt, p\u00e1ros pizzautalv\u00e1nyok\u00e9rt \u00e9s gokart jegyek\u00e9rt ment a k\u00fczdelem, a hossz\u00fa t\u00e1v legjobbjai k\u00fcl\u00f6n p\u00e9nzd\u00edjaz\u00e1sban is r\u00e9szes\u00fcltek!<\/p>\n<p style=\"text-align: center;\">Az el\u0151nevez\u00e9s alapj\u00e1n m\u00e1r bor\u00edt\u00e9kolhat\u00f3 volt az izgalmas verseny, a hazai ker\u00e9kp\u00e1rsport legjobb csapatai, neves versenyz\u0151iket \u00e1ll\u00edtott\u00e1k rajthoz, eur\u00f3pabajnoks\u00e1gon, vil\u00e1gbajnoks\u00e1gon r\u00e9szt vev\u0151, aktu\u00e1lis junior magyar bajnok vagy \u00e9ppen kor\u00e1bbi world tour versenyz\u0151 is megtal\u00e1lhat\u00f3 volt a mez\u0151nyben. A rajt-c\u00e9l ter\u00fclet id\u00e9n Kom\u00e1romban, a Sport utc\u00e1ban volt, amely megk\u00f6zel\u00edthet\u0151s\u00e9ge l\u00e9v\u00e9n tov\u00e1bb nehez\u00edtette a versenyz\u0151k dolg\u00e1t, a sz\u0171k \u00e9les kanyarok, kanyar\u00edvek miatt jelent\u0151s szerep jutott a megfelel\u0151 taktik\u00e1nak \u00e9s helyezked\u00e9snek.<\/p>\n<figure id=\"attachment_797\" aria-describedby=\"caption-attachment-797\" style=\"width: 840px\" class=\"wp-caption aligncenter\"><img loading=\"lazy\" decoding=\"async\" class=\"wp-image-797 size-large\" src=\"https:\/\/brigetiosport.hu\/wordpress\/wp-content\/uploads\/2017\/08\/ZVI_2897-1024x684.jpg\" alt=\"\" width=\"840\" height=\"561\" srcset=\"https:\/\/brigetiosport.hu\/wordpress\/wp-content\/uploads\/2017\/08\/ZVI_2897-1024x684.jpg 1024w, https:\/\/brigetiosport.hu\/wordpress\/wp-content\/uploads\/2017\/08\/ZVI_2897-300x200.jpg 300w, https:\/\/brigetiosport.hu\/wordpress\/wp-content\/uploads\/2017\/08\/ZVI_2897-768x513.jpg 768w, https:\/\/brigetiosport.hu\/wordpress\/wp-content\/uploads\/2017\/08\/ZVI_2897-1200x801.jpg 1200w\" sizes=\"(max-width: 709px) 85vw, (max-width: 909px) 67vw, (max-width: 1362px) 62vw, 840px\" \/><figcaption id=\"caption-attachment-797\" class=\"wp-caption-text\">Lass\u00fa rajt, Kom\u00e1rom, Igm\u00e1ndi \u00fat<\/figcaption><\/figure>\n<p style=\"text-align: center;\">A hidegfront szerencs\u00e9re es\u0151t nem hozott, viszont igencsak megk\u00ednozta a mez\u0151nyt, az 50 km\/h-s \u00e9szak-nyugati sz\u00e9ll\u00f6k\u00e9sek mindenkit pr\u00f3b\u00e1ra tettek. A verseny k\u00f6z\u00f6s lass\u00fa rajttal kezd\u0151d\u00f6tt, majd Kom\u00e1romot elhagyva sz\u00e9th\u00faz\u00e1sra ker\u00fclt a k\u00e9t t\u00e1v mez\u0151nye, 6 km-t megt\u00e9ve Bartusekpuszt\u00e1t elhagyva kezd\u0151d\u00f6tt az \u00e9les verseny. \u00a0Az id\u0151m\u00e9r\u00e9s is innen kezd\u0151d\u00f6tt, a t\u00e1vok idej\u00e9t k\u00fcl\u00f6n-k\u00fcl\u00f6n, ahogy az \u00e9les rajtvonalhoz \u00e9rtek, a versenyz\u0151k idej\u00e9t a t\u00e1von bel\u00fcl egyszerre ind\u00edtottuk.<\/p>\n<p style=\"text-align: center;\">A r\u00f6vid t\u00e1vosoknak 37 km-t kellett teljes\u00edteni, amely 182 m\u00e9ter szintk\u00fcl\u00f6nbs\u00e9get tartalmazott. A f\u00e9rfiak verseny\u00e9ben 3 f\u0151 alak\u00edtott ki 5 perces id\u0151k\u00fcl\u00f6nbs\u00e9get a mez\u0151nyt\u0151l, v\u00e9g\u00fcl sprintbefut\u00f3 d\u00f6nt\u00f6tt a dobog\u00f3s helyez\u00e9sekr\u0151l, 0:59:04 id\u0151vel Lepold S\u00e1muel (Szigetszentmikl\u00f3s Tk, U17) volt a leggyorsabb Dar\u00e1nyi M\u00e1t\u00e9 (P\u00e9celi TE Cseuz \u00d6rd\u00f6gei, U17) \u00e9s Labancz Istv\u00e1n (Senior2) el\u0151tt. \u00a0A n\u0151k verseny\u00e9ben id\u00e9n nem az er\u0151k\u00fcl\u00f6nbs\u00e9g d\u00f6nt\u00f6tt, Gergely Ildik\u00f3 (WSenior) hi\u00e1ba vezette a versenyt, a forgalom miatt nem vette \u00e9szre az \u00fatvonal jelz\u00e9seit \u00e9s let\u00e9rt az \u00fatvonalr\u00f3l, v\u00e9g\u00fcl a 3. helyen \u00e9rt c\u00e9lba. A versenyt \u00edgy 10 perces el\u0151nnyel Fedor Maja (Tempo-Aqua SE, WU15), nyerte, a m\u00e1sodik helyen K\u00f6vesdi Dorina (Team PistaBike P\u00e9cs, WU15) \u00e9rt c\u00e9lba.<\/p>\n<p style=\"text-align: center;\">A hossz\u00fa t\u00e1vot teljes\u00edt\u0151kre 91 km-es versenyt\u00e1v v\u00e1rt, amely 610 m\u00e9ter szintk\u00fcl\u00f6nbs\u00e9get tartalmazott. Az \u00e9les rajtot k\u00f6vet\u0151en r\u00f6gt\u00f6n elkezd\u0151dtek a pr\u00f3b\u00e1lkoz\u00e1sok, az oldalh\u00e1tsz\u00e9l miatt \u00f3ri\u00e1si volt a temp\u00f3, a f\u0151mez\u0151ny \u00f6sszez\u00e1rt, nem engedtek el senkit.<\/p>\n<figure id=\"attachment_798\" aria-describedby=\"caption-attachment-798\" style=\"width: 350px\" class=\"wp-caption alignleft\"><img loading=\"lazy\" decoding=\"async\" class=\"wp-image-798 \" src=\"https:\/\/brigetiosport.hu\/wordpress\/wp-content\/uploads\/2017\/08\/IIIBrigetioRoadRace_VajvodaTamas2017-2891-1024x631.jpg\" alt=\"\" width=\"350\" height=\"216\" srcset=\"https:\/\/brigetiosport.hu\/wordpress\/wp-content\/uploads\/2017\/08\/IIIBrigetioRoadRace_VajvodaTamas2017-2891-1024x631.jpg 1024w, https:\/\/brigetiosport.hu\/wordpress\/wp-content\/uploads\/2017\/08\/IIIBrigetioRoadRace_VajvodaTamas2017-2891-300x185.jpg 300w, https:\/\/brigetiosport.hu\/wordpress\/wp-content\/uploads\/2017\/08\/IIIBrigetioRoadRace_VajvodaTamas2017-2891-768x473.jpg 768w, https:\/\/brigetiosport.hu\/wordpress\/wp-content\/uploads\/2017\/08\/IIIBrigetioRoadRace_VajvodaTamas2017-2891-1200x739.jpg 1200w, https:\/\/brigetiosport.hu\/wordpress\/wp-content\/uploads\/2017\/08\/IIIBrigetioRoadRace_VajvodaTamas2017-2891.jpg 2048w\" sizes=\"(max-width: 350px) 85vw, 350px\" \/><figcaption id=\"caption-attachment-798\" class=\"wp-caption-text\">Nagyigm\u00e1nd-Kocs k\u00f6z\u00f6tt sz\u00e9tszakadt a mez\u0151ny<\/figcaption><\/figure>\n<p style=\"text-align: center;\">Nagyigm\u00e1ndr\u00f3l Kocs ir\u00e1ny\u00e1ba fordulva az oldalsz\u00e9lben hamar sz\u00e9tszakadtak, kialakult egy er\u0151s, kb 10 f\u0151b\u0151l \u00e1ll\u00f3 \u00e9lboly, m\u00f6g\u00f6tt\u00fck nemsokkal a kb. 30 f\u0151b\u0151l \u00e1ll\u00f3 \u00fcld\u00f6z\u0151 mez\u0151ny. Az \u00e9lbolyt\u00f3l Bozsik Bence (Dr. B\u00e1torfy-Agria Ktk, Elit1) pr\u00f3b\u00e1lt elszakadni, a t\u00e1mad\u00e1s\u00e1t S\u00e1ska Zolt\u00e1n (ASE Ker\u00e9kp\u00e1r, Elit1) vette \u00e1t, hozz\u00e1juk Kuba Ronald (OKR Cyles, Elit1) z\u00e1rk\u00f3zott fel. H\u00e1rm\u00f3jukat elengedte az \u00e9lboly, hozz\u00e1juk m\u00e9g Csomor Zolt\u00e1n (Szeksz\u00e1rdi Szabadid\u0151s KE, Elit2), Vince Andr\u00e1s (Dr. B\u00e1torfy-Agria Ktk, Elit1) p\u00e1ros pr\u00f3b\u00e1lt felz\u00e1rk\u00f3zni, ami Tata el\u0151tt siker\u00fclt is. Kialakult az 5 f\u0151s elmen\u00e9s, a K\u00f6ml\u0151di dombokon 55 mp el\u0151nyt harcoltak ki, amit a tov\u00e1bbi dombos szakaszokon eg\u00e9szen Cs\u00e1sz\u00e1rig sz\u00e9pen tartottak. A f\u0151mez\u0151nyt a Szerptentin KE csapata tartotta \u00e9letben, akik temp\u00f3t mentek \u00e9s tartott\u00e1k a k\u00fcl\u00f6nbs\u00e9get, m\u00f6g\u00f6tt\u00fck n\u00e9h\u00e1ny S\u00f3lyom Teames, majd az ASE \u00e9s a Dr. B\u00e1torfy-Agria Ktk figyelte a versenyt, \u00e9rtelemszer\u0171en nekik nem szabadott temp\u00f3t menni, mindegyik\u0151j\u00fcknek volt az elmen\u00e9sben versenyz\u0151j\u00fck. \u00a0V\u00e9rteskethelyt elhagyva a dombok v\u00e9get \u00e9rtek, de a verseny igaz\u00e1n csak itt kezd\u0151d\u00f6tt, a 81-es \u00fatra fordulva meg\u00e9rkezett a teljes szembesz\u00e9l, amit 30 km-en kereszt\u00fcl kellett elviselni! A verseny v\u00e9ge el\u0151tt 15 km-el, Nagyigm\u00e1ndra \u00e9rve 1:15 volt a sz\u00f6kev\u00e9nyek el\u0151nye, majd Nagyigm\u00e1ndot elhagyva magasabb fordulatra kapcsolt a mez\u0151ny, elkezd\u0151dtek a sz\u00e9lez\u00e9sek, az utols\u00f3 kisebb dombon sz\u00e9tszakadt a mez\u0151ny. Ekkor a sz\u00f6kev\u00e9nyekn\u00e9l is elkezd\u0151dtek a l\u00f3szok, megt\u00f6rt az \u00f6sszhang. Kom\u00e1romba \u00e9rve, a c\u00e9l el\u0151tt 3 km-el m\u00e1r senki nem akart a sz\u00f6kev\u00e9nyek k\u00f6z\u00fcl temp\u00f3t menni, rohamosan cs\u00f6kkent az el\u0151ny\u00fck. A verseny v\u00e9ge el\u0151tt 1 km-el S\u00e1ska Zolt\u00e1n rakta a kereket Bozsik Benc\u00e9re, v\u00e1rta a sprintet, majd 500 m\u00e9terrel a c\u00e9l el\u0151tt felz\u00e1rk\u00f3zott a sz\u00f6kev\u00e9nyekre a mez\u0151ny, az U19-es magyar bajnok Karl \u00c1d\u00e1m (De GaviTipogr\u00e1fia, U19) \u00e9s Zathureczky M\u00e1rk (Dr. B\u00e1torfy-Agria Ktk, Elit1) ker\u00fclte ki \u0151ket. A megfogott sz\u00f6kev\u00e9nyek nem hagyt\u00e1k annyiban, sz\u00e9pen rakt\u00e1k a kereket \u00e9s \u00f3ri\u00e1si sprinthajr\u00e1 d\u00f6nt\u00f6tt a helyez\u00e9sekr\u0151l. A III. Brigetio Orsz\u00e1g\u00fati Mez\u0151nyversenyt hossz\u00fa sz\u00f6k\u00e9ssel \u00e9s nagyszer\u0171 sprinttel 2:16:43-as id\u0151vel Bozsik Bence (Dr. B\u00e1torfy-Agria Ktk, Elit1) nyerte, S\u00e1ska Zolt\u00e1n (ASE Ker\u00e9kp\u00e1r, Elit1) \u00e9s T\u00f3th Norbert el\u0151tt!<\/p>\n<figure id=\"attachment_799\" aria-describedby=\"caption-attachment-799\" style=\"width: 840px\" class=\"wp-caption aligncenter\"><img loading=\"lazy\" decoding=\"async\" class=\"size-large wp-image-799\" src=\"https:\/\/brigetiosport.hu\/wordpress\/wp-content\/uploads\/2017\/08\/IIIBrigetioRoadRace_VajvodaTamas2017-3054-1024x579.jpg\" alt=\"\" width=\"840\" height=\"475\" srcset=\"https:\/\/brigetiosport.hu\/wordpress\/wp-content\/uploads\/2017\/08\/IIIBrigetioRoadRace_VajvodaTamas2017-3054-1024x579.jpg 1024w, https:\/\/brigetiosport.hu\/wordpress\/wp-content\/uploads\/2017\/08\/IIIBrigetioRoadRace_VajvodaTamas2017-3054-300x170.jpg 300w, https:\/\/brigetiosport.hu\/wordpress\/wp-content\/uploads\/2017\/08\/IIIBrigetioRoadRace_VajvodaTamas2017-3054-768x434.jpg 768w, https:\/\/brigetiosport.hu\/wordpress\/wp-content\/uploads\/2017\/08\/IIIBrigetioRoadRace_VajvodaTamas2017-3054-1200x679.jpg 1200w, https:\/\/brigetiosport.hu\/wordpress\/wp-content\/uploads\/2017\/08\/IIIBrigetioRoadRace_VajvodaTamas2017-3054.jpg 2048w\" sizes=\"(max-width: 709px) 85vw, (max-width: 909px) 67vw, (max-width: 1362px) 62vw, 840px\" \/><figcaption id=\"caption-attachment-799\" class=\"wp-caption-text\">Bozsik Bence volt a sprintben a leggyorsabb<\/figcaption><\/figure>\n<p style=\"text-align: center;\">A n\u0151k versenye is izgalmas hajr\u00e1t hozott, 3-an fordultak r\u00e1 a c\u00e9legyenesre v\u00e9g\u00fcl a leggyorsabban Bencz\u00e9s Krisztina 2:39:00 (Dr. B\u00e1torfy-Agria Ktk, WMaster) id\u0151vel \u00e9rt c\u00e9lba, a m\u00e1sodik helyezett Varga T\u00edmea (ASE Ker\u00e9kp\u00e1r, WMasater) \u00e9s a harmadik helyezett Olasz Laura (Dr. B\u00e1torfy-Agria Ktk, WElit1) el\u0151tt!<\/p>\n<p style=\"text-align: center;\">A versenyt k\u00f6vet\u0151en Carbonara Spagettivel t\u00f6lthett\u00e9k vissza a versenyz\u0151k a sz\u00e9nhidr\u00e1t rakt\u00e1rakat, majd k\u00f6vetkezhetett az eredm\u00e9nyhirdet\u00e9s \u00e9s az \u00fcnnepl\u00e9s!<\/p>\n<p style=\"text-align: center;\"><a href=\"https:\/\/brigetiosport.hu\/wordpress\/?media_dl=791\">EREDM\u00c9NYEK<\/a><\/p>\n<p style=\"text-align: center;\">K\u00e9pek:<\/p>\n<p style=\"text-align: center;\">Zich\u00f3 Viktor k\u00e9pei: <a href=\"https:\/\/drive.google.com\/drive\/folders\/0Bwvwk_qFafDQLWRDal9BMGxnZ2s\">https:\/\/drive.google.com\/drive\/folders\/0Bwvwk_qFafDQLWRDal9BMGxnZ2s<\/a><\/p>\n<p style=\"text-align: center;\">www.zicho.hu<\/p>\n<p style=\"text-align: center;\">Vajvoda Tam\u00e1s k\u00e9pei: <a href=\"https:\/\/drive.google.com\/drive\/folders\/0B_cDTstSnc58REFvd2pmYzNCVWM\">https:\/\/drive.google.com\/drive\/folders\/0B_cDTstSnc58REFvd2pmYzNCVWM<\/a><\/p>\n<p style=\"text-align: center;\">Szili Ferenc k\u00e9pei: <a href=\"https:\/\/drive.google.com\/drive\/u\/1\/folders\/0B6tC0FG0VB9XbW1ZZXJsa1VTYW8\">https:\/\/drive.google.com\/drive\/u\/1\/folders\/0B6tC0FG0VB9XbW1ZZXJsa1VTYW8<\/a><\/p>\n<figure id=\"attachment_800\" aria-describedby=\"caption-attachment-800\" style=\"width: 840px\" class=\"wp-caption aligncenter\"><img loading=\"lazy\" decoding=\"async\" class=\"size-large wp-image-800\" src=\"https:\/\/brigetiosport.hu\/wordpress\/wp-content\/uploads\/2017\/08\/ZVI_3904-1024x683.jpg\" alt=\"\" width=\"840\" height=\"560\" srcset=\"https:\/\/brigetiosport.hu\/wordpress\/wp-content\/uploads\/2017\/08\/ZVI_3904-1024x683.jpg 1024w, https:\/\/brigetiosport.hu\/wordpress\/wp-content\/uploads\/2017\/08\/ZVI_3904-300x200.jpg 300w, https:\/\/brigetiosport.hu\/wordpress\/wp-content\/uploads\/2017\/08\/ZVI_3904-768x512.jpg 768w, https:\/\/brigetiosport.hu\/wordpress\/wp-content\/uploads\/2017\/08\/ZVI_3904-1200x800.jpg 1200w\" sizes=\"(max-width: 709px) 85vw, (max-width: 909px) 67vw, (max-width: 1362px) 62vw, 840px\" \/><figcaption id=\"caption-attachment-800\" class=\"wp-caption-text\">Eredm\u00e9nyhirdet\u00e9s<\/figcaption><\/figure>\n","protected":false},"excerpt":{"rendered":"<p>Augusztus 13-\u00e1n imm\u00e1ron 3. alkalommal szervezte egyes\u00fclet\u00fcnk a III. Brigetio Orsz\u00e1g\u00fati Mez\u0151nyversenyt, amely id\u00e9n el\u0151sz\u00f6r a Magyar Ker\u00e9kp\u00e1ros Amat\u0151r Bajnoks\u00e1g r\u00e9sz\u00e9t k\u00e9pez\u0151 verseny volt. Verseny\u00fcnk c\u00e9lja a biztons\u00e1gos versenyz\u00e9s \u00e9s a ker\u00e9kp\u00e1rsport n\u00e9pszer\u0171s\u00edt\u00e9se mellett Kom\u00e1rom V\u00e1ros kultur\u00e1lis, t\u00f6rt\u00e9nelmi, turisztikai megismertet\u00e9se is, ez\u00e9rt a r\u00e9sztvev\u0151k t\u00e9r\u00edt\u00e9smentesen l\u00e1togathatt\u00e1k meg az Igm\u00e1ndi Er\u0151d k\u0151t\u00e1r\u00e1t, kedvezm\u00e9nyesen strandolhattak a Brigetio &hellip; <a href=\"https:\/\/brigetiosport.hu\/wordpress\/2017\/08\/15\/bozsik-bence-a-iii-brigetio-orszaguti-mezonyverseny-gyoztese\/\" class=\"more-link\"><span class=\"screen-reader-text\">&#8222;Bozsik Bence a III. Brigetio Orsz\u00e1g\u00fati Mez\u0151nyverseny gy\u0151ztese!&#8221;<\/span> b\u0151vebben<\/a><\/p>\n","protected":false},"author":3,"featured_media":0,"comment_status":"closed","ping_status":"closed","sticky":false,"template":"","format":"standard","meta":{"footnotes":""},"categories":[3],"tags":[],"_links":{"self":[{"href":"https:\/\/brigetiosport.hu\/wordpress\/wp-json\/wp\/v2\/posts\/794"}],"collection":[{"href":"https:\/\/brigetiosport.hu\/wordpress\/wp-json\/wp\/v2\/posts"}],"about":[{"href":"https:\/\/brigetiosport.hu\/wordpress\/wp-json\/wp\/v2\/types\/post"}],"author":[{"embeddable":true,"href":"https:\/\/brigetiosport.hu\/wordpress\/wp-json\/wp\/v2\/users\/3"}],"replies":[{"embeddable":true,"href":"https:\/\/brigetiosport.hu\/wordpress\/wp-json\/wp\/v2\/comments?post=794"}],"version-history":[{"count":5,"href":"https:\/\/brigetiosport.hu\/wordpress\/wp-json\/wp\/v2\/posts\/794\/revisions"}],"predecessor-version":[{"id":805,"href":"https:\/\/brigetiosport.hu\/wordpress\/wp-json\/wp\/v2\/posts\/794\/revisions\/805"}],"wp:attachment":[{"href":"https:\/\/brigetiosport.hu\/wordpress\/wp-json\/wp\/v2\/media?parent=794"}],"wp:term":[{"taxonomy":"category","embeddable":true,"href":"https:\/\/brigetiosport.hu\/wordpress\/wp-json\/wp\/v2\/categories?post=794"},{"taxonomy":"post_tag","embeddable":true,"href":"https:\/\/brigetiosport.hu\/wordpress\/wp-json\/wp\/v2\/tags?post=794"}],"curies":[{"name":"wp","href":"https:\/\/api.w.org\/{rel}","templated":true}]}}