{"id":785,"date":"2017-07-18T20:07:54","date_gmt":"2017-07-18T19:07:54","guid":{"rendered":"http:\/\/brigetiosport.hu\/wordpress\/?p=785"},"modified":"2017-07-18T22:08:59","modified_gmt":"2017-07-18T21:08:59","slug":"downhill-ob-epleny","status":"publish","type":"post","link":"https:\/\/brigetiosport.hu\/wordpress\/2017\/07\/18\/downhill-ob-epleny\/","title":{"rendered":"Downhill OB &#8211; Epl\u00e9ny"},"content":{"rendered":"<p style=\"text-align: center;\"><img loading=\"lazy\" decoding=\"async\" class=\"alignleft wp-image-776\" src=\"https:\/\/brigetiosport.hu\/wordpress\/wp-content\/uploads\/2017\/07\/19990060_1207884672656772_6596795518386140813_n.jpg\" alt=\"\" width=\"353\" height=\"265\" srcset=\"https:\/\/brigetiosport.hu\/wordpress\/wp-content\/uploads\/2017\/07\/19990060_1207884672656772_6596795518386140813_n.jpg 960w, https:\/\/brigetiosport.hu\/wordpress\/wp-content\/uploads\/2017\/07\/19990060_1207884672656772_6596795518386140813_n-300x225.jpg 300w, https:\/\/brigetiosport.hu\/wordpress\/wp-content\/uploads\/2017\/07\/19990060_1207884672656772_6596795518386140813_n-768x576.jpg 768w\" sizes=\"(max-width: 353px) 85vw, 353px\" \/>Az elm\u00falt h\u00e9tv\u00e9g\u00e9n Epl\u00e9nyben szervezt\u00e9k a Downhill Orsz\u00e1gos Bajnoks\u00e1got, ahol egyes\u00fclet\u00fcnket Open kateg\u00f3ri\u00e1ban Csicsai \u00c1d\u00e1m, Kupfer Zolt\u00e1n, Tichy L\u00e1szl\u00f3 \u00e9s Jank\u00f3 Dori\u00e1n k\u00e9pviselt\u00e9k! K\u00fcl\u00f6n \u00f6r\u00f6m sz\u00e1munkra, hogy k\u00e9t igen fiatal versenyz\u0151 pal\u00e1nta is egyes\u00fclet\u00fcnket k\u00e9pviseli Tichy L\u00e1szl\u00f3 \u00e9s Jank\u00f3 Dori\u00e1n szem\u00e9ly\u00e9ben! Az OB tagjainkat tekintve id\u00e9n Kupfer Zolt\u00e1nnak siker\u00fclt a legjobban, aki a 20. helyez\u00e9st \u00e9rte el. Csicsai \u00c1d\u00e1m a d\u00f6nt\u0151 futamban hib\u00e1zott \u00e9s ezzel s\u00falyos mp-ket vesz\u00edtett, \u00edgy a 26.<span class=\"text_exposed_show\"> helyet szerezte meg. Tichy L\u00e1szl\u00f3 a 86. m\u00edg Jank\u00f3 Dori\u00e1n a 90. id\u0151t futotta!<\/span><\/p>\n<div class=\"text_exposed_show\">\n<p style=\"text-align: center;\">&#8222;P\u00e9nteken kor\u00e1n indultunk, kin\u00e9zt\u00fck a megfelel\u0151 dep\u00f3 ter\u00fcletet \u00e9s el is kezdt\u00fcnk ki pakolni, berendezkedni a 3 napra. Ezek ut\u00e1n nevez\u00e9s, azt\u00e1n gyalogos p\u00e1lyabej\u00e1r\u00e1s j\u00f6tt, tavalyhoz k\u00e9pest nem sok v\u00e1ltoz\u00e1s t\u00f6rt\u00e9nt a p\u00e1ly\u00e1n, sz\u00f3val nagyj\u00e1b\u00f3l tudtuk mire sz\u00e1m\u00edthatunk. P\u00e9nteken Zolival 4-5 k\u00f6rt ment\u00fcnk, n\u00e9zegett\u00fck hol lesz a legjobb menni majd vas\u00e1rnap. Hamar elment a nap gond n\u00e9lk\u00fcl, j\u00f3t bring\u00e1ztunk.<\/p>\n<p style=\"text-align: center;\"><img loading=\"lazy\" decoding=\"async\" class=\"aligncenter wp-image-773\" src=\"https:\/\/brigetiosport.hu\/wordpress\/wp-content\/uploads\/2017\/07\/19990276_10155672854901454_974696890667489284_n.jpg\" alt=\"\" width=\"674\" height=\"450\" srcset=\"https:\/\/brigetiosport.hu\/wordpress\/wp-content\/uploads\/2017\/07\/19990276_10155672854901454_974696890667489284_n.jpg 960w, https:\/\/brigetiosport.hu\/wordpress\/wp-content\/uploads\/2017\/07\/19990276_10155672854901454_974696890667489284_n-300x200.jpg 300w, https:\/\/brigetiosport.hu\/wordpress\/wp-content\/uploads\/2017\/07\/19990276_10155672854901454_974696890667489284_n-768x513.jpg 768w\" sizes=\"(max-width: 709px) 85vw, (max-width: 909px) 67vw, (max-width: 984px) 61vw, (max-width: 1362px) 45vw, 600px\" \/><\/p>\n<p style=\"text-align: center;\">Szombat d\u00e9lel\u0151tt m\u00e1r nagyon poros, cs\u00fasz\u00f3s lett a p\u00e1lya, \u00edgy d\u00e9lut\u00e1nra megpr\u00f3b\u00e1ltam s\u00e1rgumikkal a p\u00e1ly\u00e1t. K\u00e9t k\u00f6rt mentem ezzel a szettel, de az els\u0151 k\u00f6rt elszak\u00edtott l\u00e1nccal a m\u00e1sodikat h\u00e1ts\u00f3 agyban lev\u0151 kalap\u00e1csok legyilkol\u00e1s\u00e1val fejeztem be, \u00fagyhogy visszat\u00e9rtem az eredeti ker\u00e9kszetthez.<\/p>\n<p style=\"text-align: center;\"><img loading=\"lazy\" decoding=\"async\" class=\"alignright wp-image-775\" src=\"https:\/\/brigetiosport.hu\/wordpress\/wp-content\/uploads\/2017\/07\/20116780_783232268522795_8777989825756769464_o-1024x636.jpg\" alt=\"\" width=\"377\" height=\"234\" srcset=\"https:\/\/brigetiosport.hu\/wordpress\/wp-content\/uploads\/2017\/07\/20116780_783232268522795_8777989825756769464_o-1024x636.jpg 1024w, https:\/\/brigetiosport.hu\/wordpress\/wp-content\/uploads\/2017\/07\/20116780_783232268522795_8777989825756769464_o-300x186.jpg 300w, https:\/\/brigetiosport.hu\/wordpress\/wp-content\/uploads\/2017\/07\/20116780_783232268522795_8777989825756769464_o-768x477.jpg 768w, https:\/\/brigetiosport.hu\/wordpress\/wp-content\/uploads\/2017\/07\/20116780_783232268522795_8777989825756769464_o-1200x746.jpg 1200w, https:\/\/brigetiosport.hu\/wordpress\/wp-content\/uploads\/2017\/07\/20116780_783232268522795_8777989825756769464_o.jpg 1300w\" sizes=\"(max-width: 377px) 85vw, 377px\" \/>Vas\u00e1rnap azt\u00e1n reggel egyb\u0151l ment\u00fcnk fel mert 10:30-ig legal\u00e1bb 2 k\u00f6rt kellet menni \u00e9s tekintve a k\u00f6zel 200 nevez\u0151t h\u00faz\u00f3s volt, f\u0151leg az\u00e9rt mert a p\u00e1lya teljesen elfogyott vas\u00e1rnapra \u00e9s nagyon sok es\u00e9s, megszak\u00edt\u00e1s volt. Azt\u00e1n 11:00-t\u00f3l j\u00f6ttek az id\u0151m\u00e9r\u0151 futamok, picit pr\u00f3b\u00e1ltam tartal\u00e9kolni, n\u00e9zni a p\u00e1ly\u00e1t mennyire kopott el hol lehetne m\u00e9g jav\u00edtani a d\u00f6nt\u0151re. 2:12:026-ot j\u00f6ttem ez a 28. helyre volt el\u00e9g. Azt\u00e1n j\u00f6tt a d\u00f6nt\u0151 futam, a mumus nekem itt Epl\u00e9nyben 5 \u00e9v alatt csak tavaly j\u00f6tt ki a l\u00e9p\u00e9s, sajnos id\u00e9n is volt k\u00e9t hib\u00e1m. A p\u00e1lya els\u0151 harmad\u00e1ban egy kisebb ugrat\u00f3 ut\u00e1n egy r\u00e9zs\u0171s jobbos kanyarban kicsit lecs\u00fasztam, ez annyira nem volt nagy hiba, de egyb\u0151l ut\u00e1na a s\u00edp\u00e1ly\u00e1n \u00e1tvezet\u0151 szakasz teljesen ki g\u00f6dr\u00f6s\u00f6d\u00f6tt, ott kellet volna jobbra felmenni a gy\u00f6kerekre \u00e9s \u00fagy egy balost venni, nekem siker\u00fclt balra be cs\u00faszni \u00e9s egy f\u00e1t \u00e1t\u00f6lelni, innen vissza a p\u00e1ly\u00e1ra \u00e9s mehettem tov\u00e1bb. Itt kb. 5-6 mp elment, ezzel a k\u00e9t hib\u00e1val igy a d\u00f6nt\u0151 futam is 2:12:714. 26. hely az id\u0151ket eln\u00e9zve top 15 lett volna. Nembaj majd j\u00f6v\u0151re.&#8221; Csicsai \u00c1d\u00e1m besz\u00e1mol\u00f3ja<\/p>\n<\/div>\n","protected":false},"excerpt":{"rendered":"<p>Az elm\u00falt h\u00e9tv\u00e9g\u00e9n Epl\u00e9nyben szervezt\u00e9k a Downhill Orsz\u00e1gos Bajnoks\u00e1got, ahol egyes\u00fclet\u00fcnket Open kateg\u00f3ri\u00e1ban Csicsai \u00c1d\u00e1m, Kupfer Zolt\u00e1n, Tichy L\u00e1szl\u00f3 \u00e9s Jank\u00f3 Dori\u00e1n k\u00e9pviselt\u00e9k! K\u00fcl\u00f6n \u00f6r\u00f6m sz\u00e1munkra, hogy k\u00e9t igen fiatal versenyz\u0151 pal\u00e1nta is egyes\u00fclet\u00fcnket k\u00e9pviseli Tichy L\u00e1szl\u00f3 \u00e9s Jank\u00f3 Dori\u00e1n szem\u00e9ly\u00e9ben! Az OB tagjainkat tekintve id\u00e9n Kupfer Zolt\u00e1nnak siker\u00fclt a legjobban, aki a 20. helyez\u00e9st &hellip; <a href=\"https:\/\/brigetiosport.hu\/wordpress\/2017\/07\/18\/downhill-ob-epleny\/\" class=\"more-link\"><span class=\"screen-reader-text\">&#8222;Downhill OB &#8211; Epl\u00e9ny&#8221;<\/span> b\u0151vebben<\/a><\/p>\n","protected":false},"author":3,"featured_media":0,"comment_status":"closed","ping_status":"closed","sticky":false,"template":"","format":"standard","meta":{"footnotes":""},"categories":[5],"tags":[],"_links":{"self":[{"href":"https:\/\/brigetiosport.hu\/wordpress\/wp-json\/wp\/v2\/posts\/785"}],"collection":[{"href":"https:\/\/brigetiosport.hu\/wordpress\/wp-json\/wp\/v2\/posts"}],"about":[{"href":"https:\/\/brigetiosport.hu\/wordpress\/wp-json\/wp\/v2\/types\/post"}],"author":[{"embeddable":true,"href":"https:\/\/brigetiosport.hu\/wordpress\/wp-json\/wp\/v2\/users\/3"}],"replies":[{"embeddable":true,"href":"https:\/\/brigetiosport.hu\/wordpress\/wp-json\/wp\/v2\/comments?post=785"}],"version-history":[{"count":1,"href":"https:\/\/brigetiosport.hu\/wordpress\/wp-json\/wp\/v2\/posts\/785\/revisions"}],"predecessor-version":[{"id":786,"href":"https:\/\/brigetiosport.hu\/wordpress\/wp-json\/wp\/v2\/posts\/785\/revisions\/786"}],"wp:attachment":[{"href":"https:\/\/brigetiosport.hu\/wordpress\/wp-json\/wp\/v2\/media?parent=785"}],"wp:term":[{"taxonomy":"category","embeddable":true,"href":"https:\/\/brigetiosport.hu\/wordpress\/wp-json\/wp\/v2\/categories?post=785"},{"taxonomy":"post_tag","embeddable":true,"href":"https:\/\/brigetiosport.hu\/wordpress\/wp-json\/wp\/v2\/tags?post=785"}],"curies":[{"name":"wp","href":"https:\/\/api.w.org\/{rel}","templated":true}]}}