{"id":764,"date":"2017-07-14T18:17:57","date_gmt":"2017-07-14T17:17:57","guid":{"rendered":"http:\/\/brigetiosport.hu\/wordpress\/?p=764"},"modified":"2017-07-18T19:12:55","modified_gmt":"2017-07-18T18:12:55","slug":"764","status":"publish","type":"post","link":"https:\/\/brigetiosport.hu\/wordpress\/2017\/07\/14\/764\/","title":{"rendered":"24 \u00f3r\u00e1s verseny a Slovakiaringen"},"content":{"rendered":"<figure id=\"attachment_766\" aria-describedby=\"caption-attachment-766\" style=\"width: 380px\" class=\"wp-caption alignleft\"><img loading=\"lazy\" decoding=\"async\" class=\"wp-image-766\" src=\"https:\/\/brigetiosport.hu\/wordpress\/wp-content\/uploads\/2017\/07\/19488500_1193102144135025_6250417665493889781_o-1024x577.jpg\" alt=\"\" width=\"380\" height=\"214\" srcset=\"https:\/\/brigetiosport.hu\/wordpress\/wp-content\/uploads\/2017\/07\/19488500_1193102144135025_6250417665493889781_o-1024x577.jpg 1024w, https:\/\/brigetiosport.hu\/wordpress\/wp-content\/uploads\/2017\/07\/19488500_1193102144135025_6250417665493889781_o-300x169.jpg 300w, https:\/\/brigetiosport.hu\/wordpress\/wp-content\/uploads\/2017\/07\/19488500_1193102144135025_6250417665493889781_o-768x433.jpg 768w, https:\/\/brigetiosport.hu\/wordpress\/wp-content\/uploads\/2017\/07\/19488500_1193102144135025_6250417665493889781_o-1200x676.jpg 1200w, https:\/\/brigetiosport.hu\/wordpress\/wp-content\/uploads\/2017\/07\/19488500_1193102144135025_6250417665493889781_o.jpg 2048w\" sizes=\"(max-width: 380px) 85vw, 380px\" \/><figcaption id=\"caption-attachment-766\" class=\"wp-caption-text\">Csintalan Mikl\u00f3s a &#8222;Termin\u00e1tor&#8221;<\/figcaption><\/figure>\n<p style=\"text-align: center;\">J\u00fanius 28-29-\u00e9n 24 \u00f3r\u00e1s ker\u00e9kp\u00e1rversenyt szerveztek a Szlov\u00e1kia Ringen, ahol egyes\u00fclet\u00fcnk 6 f\u0151s csapatot ind\u00edtott, tov\u00e1bb\u00e1 Csintalan Mikl\u00f3s v\u00e1llalkozott r\u00e1, hogy egy\u00e9niben teljes\u00edti a versenyt. A rajt napj\u00e1n forr\u00f3s\u00e1g \u00e9s viharos sz\u00e9l nehez\u00edtette a versenyz\u0151k dolg\u00e1t, majd hajnalban egy felh\u0151szakad\u00e1s is meg\u00e1ldotta \u0151ket. Szerencs\u00e9re a kora hajnali felh\u0151szakad\u00e1s \u00e9s 50 km\/h-s sz\u00e9l csillapodott \u00e9s az es\u0151 sem eredt el t\u00f6bbet a verseny v\u00e9g\u00e9ig. A kora reggeli \u00f3r\u00e1kban kicsit h\u0171v\u00f6sebb volt az id\u0151, aminek mindenki \u00f6r\u00fclt,v\u00e9gre nem volt 40 fok a p\u00e1ly\u00e1n.<br \/>\nCsintalan Mikl\u00f3s egy\u00e9niben teljes\u00edtett 580.16 km-t ami 30 km\/h \u00e1tlagsebess\u00e9get jelent. Mikl\u00f3s szinte minden percben a p\u00e1ly\u00e1n tart\u00f3zkodott, kev\u00e9s \u00e9s r\u00f6vid friss\u00edt\u00e9si sz\u00fcneteket tartott.Sajnos nem siker\u00fclt a <span class=\"text_exposed_show\">600 km-es c\u00e9lj\u00e1t teljes\u00edteni, de az el\u00e9rt eredm\u00e9nye is nagy nagy gratul\u00e1ci\u00f3t von maga ut\u00e1n. Korcsoportok sajnos nem voltak de Mikl\u00f3s \u00edgy is sz\u00e9p eredm\u00e9nnyel z\u00e1rt. A Szlov\u00e1k bajnok\u00e1g szerint 4.helyen v\u00e9gzett, abszol\u00fatban pedig a 6.helyen 46 indul\u00f3b\u00f3l.<\/span><\/p>\n<figure id=\"attachment_765\" aria-describedby=\"caption-attachment-765\" style=\"width: 840px\" class=\"wp-caption aligncenter\"><img loading=\"lazy\" decoding=\"async\" class=\"wp-image-765 size-large\" src=\"https:\/\/brigetiosport.hu\/wordpress\/wp-content\/uploads\/2017\/07\/19466563_1193102154135024_5514889303327149400_o-1024x577.jpg\" alt=\"\" width=\"840\" height=\"473\" srcset=\"https:\/\/brigetiosport.hu\/wordpress\/wp-content\/uploads\/2017\/07\/19466563_1193102154135024_5514889303327149400_o-1024x577.jpg 1024w, https:\/\/brigetiosport.hu\/wordpress\/wp-content\/uploads\/2017\/07\/19466563_1193102154135024_5514889303327149400_o-300x169.jpg 300w, https:\/\/brigetiosport.hu\/wordpress\/wp-content\/uploads\/2017\/07\/19466563_1193102154135024_5514889303327149400_o-768x433.jpg 768w, https:\/\/brigetiosport.hu\/wordpress\/wp-content\/uploads\/2017\/07\/19466563_1193102154135024_5514889303327149400_o-1200x676.jpg 1200w, https:\/\/brigetiosport.hu\/wordpress\/wp-content\/uploads\/2017\/07\/19466563_1193102154135024_5514889303327149400_o.jpg 2048w\" sizes=\"(max-width: 709px) 85vw, (max-width: 909px) 67vw, (max-width: 1362px) 62vw, 840px\" \/><figcaption id=\"caption-attachment-765\" class=\"wp-caption-text\">The Team \ud83d\ude42<\/figcaption><\/figure>\n<div class=\"text_exposed_show\">\n<p style=\"text-align: center;\">6 f\u0151s csapatunk minden percet kihaszn\u00e1lt, mindig volt valaki a p\u00e1ly\u00e1n. A v\u00e1lt\u00e1sok z\u00f6kken\u0151mentesen zajlottak,sikeresen tudt\u00e1k tartani az elk\u00e9pzelt k\u00f6rsz\u00e1mot \u00e9s \u00e1tlagsebess\u00e9get. Sajnos hajnali 2 \u00f3ra k\u00f6r\u00fcl Ifj.H\u00e9regi P\u00e9ter egy felh\u0151szakad\u00e1s \u00e1ldozata lett,de szerencs\u00e9re volt sz\u00e1raz ruh\u00e1ja \u00edgy folytatni tudta a versenyt. Id.H\u00e9regi P\u00e9ter a szerdai napon bukott,megz\u00fazta t\u00e9rdeit,\u00e9s bal k\u00f6ny\u00f6k\u00e9t,szerencs\u00e9re egy kis orvosi seg\u00edts\u00e9g hat\u00e1s\u00e1ra tudta folytatni a versenyt. Csapatunk 811 km-t teljes\u00edtett 35.8-as \u00e1tlagsebess\u00e9ggel,amivel 12 csapatb\u00f3l a 9.helyen v\u00e9geztek a fi\u00fak.<br \/>\nSzigl Ernest:165 km-37.8 Km\/h avg.<br \/>\nKiss Tibor:159.8 km-34.5 Km\/h avg.<br \/>\nN\u00e9meth Zolt\u00e1n:77 km-30.7 Km\/h avg.<br \/>\nAg\u00f3cs G\u00e1bor:106.5 km-32.9 Km\/h avg.<br \/>\nH\u00e9regi P\u00e9ter:142.1 km-36.5 Km\/h avg.<br \/>\nIfj.H\u00e9regi P\u00e9ter:159.8 km-40.05 Km\/h avg.<\/p>\n<p style=\"text-align: center;\">A verseny hangulata \u00e9s szervez\u00e9se kifog\u00e1stalan volt,mindenki j\u00f3l \u00e9rezte mag\u00e1t \u00e9s &#8222;kellemesen&#8221; elf\u00e1radt.<\/p>\n<\/div>\n","protected":false},"excerpt":{"rendered":"<p>J\u00fanius 28-29-\u00e9n 24 \u00f3r\u00e1s ker\u00e9kp\u00e1rversenyt szerveztek a Szlov\u00e1kia Ringen, ahol egyes\u00fclet\u00fcnk 6 f\u0151s csapatot ind\u00edtott, tov\u00e1bb\u00e1 Csintalan Mikl\u00f3s v\u00e1llalkozott r\u00e1, hogy egy\u00e9niben teljes\u00edti a versenyt. A rajt napj\u00e1n forr\u00f3s\u00e1g \u00e9s viharos sz\u00e9l nehez\u00edtette a versenyz\u0151k dolg\u00e1t, majd hajnalban egy felh\u0151szakad\u00e1s is meg\u00e1ldotta \u0151ket. Szerencs\u00e9re a kora hajnali felh\u0151szakad\u00e1s \u00e9s 50 km\/h-s sz\u00e9l csillapodott \u00e9s az &hellip; <a href=\"https:\/\/brigetiosport.hu\/wordpress\/2017\/07\/14\/764\/\" class=\"more-link\"><span class=\"screen-reader-text\">&#8222;24 \u00f3r\u00e1s verseny a Slovakiaringen&#8221;<\/span> b\u0151vebben<\/a><\/p>\n","protected":false},"author":3,"featured_media":0,"comment_status":"closed","ping_status":"closed","sticky":false,"template":"","format":"standard","meta":{"footnotes":""},"categories":[3],"tags":[],"_links":{"self":[{"href":"https:\/\/brigetiosport.hu\/wordpress\/wp-json\/wp\/v2\/posts\/764"}],"collection":[{"href":"https:\/\/brigetiosport.hu\/wordpress\/wp-json\/wp\/v2\/posts"}],"about":[{"href":"https:\/\/brigetiosport.hu\/wordpress\/wp-json\/wp\/v2\/types\/post"}],"author":[{"embeddable":true,"href":"https:\/\/brigetiosport.hu\/wordpress\/wp-json\/wp\/v2\/users\/3"}],"replies":[{"embeddable":true,"href":"https:\/\/brigetiosport.hu\/wordpress\/wp-json\/wp\/v2\/comments?post=764"}],"version-history":[{"count":3,"href":"https:\/\/brigetiosport.hu\/wordpress\/wp-json\/wp\/v2\/posts\/764\/revisions"}],"predecessor-version":[{"id":782,"href":"https:\/\/brigetiosport.hu\/wordpress\/wp-json\/wp\/v2\/posts\/764\/revisions\/782"}],"wp:attachment":[{"href":"https:\/\/brigetiosport.hu\/wordpress\/wp-json\/wp\/v2\/media?parent=764"}],"wp:term":[{"taxonomy":"category","embeddable":true,"href":"https:\/\/brigetiosport.hu\/wordpress\/wp-json\/wp\/v2\/categories?post=764"},{"taxonomy":"post_tag","embeddable":true,"href":"https:\/\/brigetiosport.hu\/wordpress\/wp-json\/wp\/v2\/tags?post=764"}],"curies":[{"name":"wp","href":"https:\/\/api.w.org\/{rel}","templated":true}]}}