{"id":762,"date":"2017-07-14T18:10:00","date_gmt":"2017-07-14T17:10:00","guid":{"rendered":"http:\/\/brigetiosport.hu\/wordpress\/?p=762"},"modified":"2017-08-15T17:13:35","modified_gmt":"2017-08-15T16:13:35","slug":"krebsz-jozsef-es-felesege-a-tour-de-zalakarosan","status":"publish","type":"post","link":"https:\/\/brigetiosport.hu\/wordpress\/2017\/07\/14\/krebsz-jozsef-es-felesege-a-tour-de-zalakarosan\/","title":{"rendered":"Krebsz J\u00f3zsef \u00e9s feles\u00e9ge a Tour de Zalakarosan"},"content":{"rendered":"<p>J\u00fanius 18-\u00e1n egyes\u00fclet\u00fcnkb\u0151l Krebsz J\u00f3zsef \u00e9s Krebsz J\u00f3zsefn\u00e9 vettek r\u00e9szt a Tour de Zalakaros 60 km-es t\u00e1vj\u00e1n. A versenyt az er\u0151s sz\u00e9l, a kiv\u00e1l\u00f3 szervez\u00e9s \u00e9s a j\u00f3 hangulat jellemezte.<\/p>\n<p>Eredm\u00e9nyek:<br \/>\nKrebsz J\u00f3zsef f\u00e9rfi abszol\u00fat kateg\u00f3ria 81.\/316 , master 2. korcsoport 34.\/96. Krebsz J\u00f3zsefn\u00e9 n\u0151i abszol\u00fat kateg\u00f3ria 30.\/97, master 2korcsoport 13.\/36<\/p>\n","protected":false},"excerpt":{"rendered":"<p>J\u00fanius 18-\u00e1n egyes\u00fclet\u00fcnkb\u0151l Krebsz J\u00f3zsef \u00e9s Krebsz J\u00f3zsefn\u00e9 vettek r\u00e9szt a Tour de Zalakaros 60 km-es t\u00e1vj\u00e1n. A versenyt az er\u0151s sz\u00e9l, a kiv\u00e1l\u00f3 szervez\u00e9s \u00e9s a j\u00f3 hangulat jellemezte. Eredm\u00e9nyek: Krebsz J\u00f3zsef f\u00e9rfi abszol\u00fat kateg\u00f3ria 81.\/316 , master 2. korcsoport 34.\/96. Krebsz J\u00f3zsefn\u00e9 n\u0151i abszol\u00fat kateg\u00f3ria 30.\/97, master 2korcsoport 13.\/36<\/p>\n","protected":false},"author":3,"featured_media":0,"comment_status":"closed","ping_status":"closed","sticky":false,"template":"","format":"standard","meta":{"footnotes":""},"categories":[4],"tags":[],"_links":{"self":[{"href":"https:\/\/brigetiosport.hu\/wordpress\/wp-json\/wp\/v2\/posts\/762"}],"collection":[{"href":"https:\/\/brigetiosport.hu\/wordpress\/wp-json\/wp\/v2\/posts"}],"about":[{"href":"https:\/\/brigetiosport.hu\/wordpress\/wp-json\/wp\/v2\/types\/post"}],"author":[{"embeddable":true,"href":"https:\/\/brigetiosport.hu\/wordpress\/wp-json\/wp\/v2\/users\/3"}],"replies":[{"embeddable":true,"href":"https:\/\/brigetiosport.hu\/wordpress\/wp-json\/wp\/v2\/comments?post=762"}],"version-history":[{"count":1,"href":"https:\/\/brigetiosport.hu\/wordpress\/wp-json\/wp\/v2\/posts\/762\/revisions"}],"predecessor-version":[{"id":763,"href":"https:\/\/brigetiosport.hu\/wordpress\/wp-json\/wp\/v2\/posts\/762\/revisions\/763"}],"wp:attachment":[{"href":"https:\/\/brigetiosport.hu\/wordpress\/wp-json\/wp\/v2\/media?parent=762"}],"wp:term":[{"taxonomy":"category","embeddable":true,"href":"https:\/\/brigetiosport.hu\/wordpress\/wp-json\/wp\/v2\/categories?post=762"},{"taxonomy":"post_tag","embeddable":true,"href":"https:\/\/brigetiosport.hu\/wordpress\/wp-json\/wp\/v2\/tags?post=762"}],"curies":[{"name":"wp","href":"https:\/\/api.w.org\/{rel}","templated":true}]}}