{"id":759,"date":"2017-07-14T18:07:09","date_gmt":"2017-07-14T17:07:09","guid":{"rendered":"http:\/\/brigetiosport.hu\/wordpress\/?p=759"},"modified":"2017-08-15T17:14:21","modified_gmt":"2017-08-15T16:14:21","slug":"szep-eredmenyek-a-v-bike-maratonon","status":"publish","type":"post","link":"https:\/\/brigetiosport.hu\/wordpress\/2017\/07\/14\/szep-eredmenyek-a-v-bike-maratonon\/","title":{"rendered":"Sz\u00e9p eredm\u00e9nyek a V-bike Maratonon"},"content":{"rendered":"<p style=\"text-align: center;\">J\u00fanius 18-\u00e1n vas\u00e1rnap csapatunk nagy l\u00e9tsz\u00e1mmal k\u00e9pviseltette mag\u00e1t a V-Bike Maratonon. Tagjaink m\u00e1s-m\u00e0s t\u00e1vokon indultak,45-103 km \u00e9s MTB 60 km-en. 45 km-en 2 tagunk indult,Nagy L\u00e1szl\u00f3 Andr\u00e1s \u00e9s N\u00e9meth Zolt\u00e1n.Zolt\u00e1n egyed\u00fcl teljes\u00edtette a t\u00e1vot a nagy sz\u00e9llel megk\u00fczdve,v\u00e9g\u00fcl korcsoportj\u00e1ban a 2.helyen v\u00e9gzett.Andr\u00e1s sajn\u00e1latos m\u00f3don elt\u00e9vesztett p\u00e1r kanyart,ez\u00e9rt \u0151 a 103 km-t teljes\u00edtette ahol 2.helyen \u00e9rt c\u00e9lba.<br \/>\n103 km-en H\u00e9regi P\u00e9ter \u00e9s Ifj.H\u00e9regi P\u00e9ter indult. Indul\u00e1s el\u0151tt <span class=\"text_exposed_show\">\u00e9rtekeztek a Fantozzi klub k\u00e9t tagj\u00e1val \u00e9s egy\u00fctt indulva,\u00f6sszedolgozva teljes\u00edtett\u00e9k a t\u00e1vot a nagy sz\u00e9lben. A &#8222;hajr\u00e1ban&#8221; Ifj.H\u00e9regi P\u00e9ter \u00e9rt c\u00e9lba,ezzel megnyerte korcsoportj\u00e1t \u00e9s \u00f6sszetettben is a 2. helyen v\u00e9gzett.<br \/>\nId.H\u00e9regi P\u00e9ter az utols\u00f3 5 km-en g\u00f6rcs\u00f6kkel k\u0171zd\u00f6tt,ez\u00e9rt korcsoportj\u00e1ban a 4. helyen v\u00e9gzett. MTB 60 km-en k\u00e9pviselt\u00e9k csapatunkat legnagyobb l\u00e9tsz\u00e1mmal. Itt indult Csintalan Mikl\u00f3s,Tapsonyi S\u00e1ndor \u00e9s Tehel Zsuzsa. \u0150k egy\u00fctt,egym\u00e1st seg\u00edtve teljes\u00edtettek a megszabott t\u00e1vot. Tehel Zsuzsa,\u00faj tagunk ism\u00e9t sz\u00e9pen szerepelt, megnyerte korcsoportj\u00e1t. Csintalan Mikl\u00f3s korcsoportj\u00e1ban a 3. helye<\/span><span class=\"text_exposed_show\">n v\u00e9gzett. Tapsonyi S\u00e1ndor csak p\u00e1r m\u00e1sodperccel maradt le a dobog\u00f3 harmadik fok\u00e1r\u00f3l,negyedikk\u00e9nt \u00e9rt c\u00e9lba.<\/span><\/p>\n<div class=\"text_exposed_show\"><img loading=\"lazy\" decoding=\"async\" class=\"aligncenter size-large wp-image-760\" src=\"https:\/\/brigetiosport.hu\/wordpress\/wp-content\/uploads\/2017\/07\/19221872_1781523005208777_4627147829664275197_o-1024x683.jpg\" alt=\"\" width=\"840\" height=\"560\" srcset=\"https:\/\/brigetiosport.hu\/wordpress\/wp-content\/uploads\/2017\/07\/19221872_1781523005208777_4627147829664275197_o.jpg 1024w, https:\/\/brigetiosport.hu\/wordpress\/wp-content\/uploads\/2017\/07\/19221872_1781523005208777_4627147829664275197_o-300x200.jpg 300w, https:\/\/brigetiosport.hu\/wordpress\/wp-content\/uploads\/2017\/07\/19221872_1781523005208777_4627147829664275197_o-768x512.jpg 768w\" sizes=\"(max-width: 709px) 85vw, (max-width: 909px) 67vw, (max-width: 1362px) 62vw, 840px\" \/><\/p>\n<p style=\"text-align: center;\">K\u00f6sz\u00f6nj\u00fck a remek versenyt \u00e9s a hangulatot a V-Bike csapat\u00e1nak \u00e9s a remek fot\u00f3kat a G-photonak!<\/p>\n<\/div>\n","protected":false},"excerpt":{"rendered":"<p>J\u00fanius 18-\u00e1n vas\u00e1rnap csapatunk nagy l\u00e9tsz\u00e1mmal k\u00e9pviseltette mag\u00e1t a V-Bike Maratonon. Tagjaink m\u00e1s-m\u00e0s t\u00e1vokon indultak,45-103 km \u00e9s MTB 60 km-en. 45 km-en 2 tagunk indult,Nagy L\u00e1szl\u00f3 Andr\u00e1s \u00e9s N\u00e9meth Zolt\u00e1n.Zolt\u00e1n egyed\u00fcl teljes\u00edtette a t\u00e1vot a nagy sz\u00e9llel megk\u00fczdve,v\u00e9g\u00fcl korcsoportj\u00e1ban a 2.helyen v\u00e9gzett.Andr\u00e1s sajn\u00e1latos m\u00f3don elt\u00e9vesztett p\u00e1r kanyart,ez\u00e9rt \u0151 a 103 km-t teljes\u00edtette ahol 2.helyen \u00e9rt &hellip; <a href=\"https:\/\/brigetiosport.hu\/wordpress\/2017\/07\/14\/szep-eredmenyek-a-v-bike-maratonon\/\" class=\"more-link\"><span class=\"screen-reader-text\">&#8222;Sz\u00e9p eredm\u00e9nyek a V-bike Maratonon&#8221;<\/span> b\u0151vebben<\/a><\/p>\n","protected":false},"author":3,"featured_media":0,"comment_status":"closed","ping_status":"closed","sticky":false,"template":"","format":"standard","meta":{"footnotes":""},"categories":[4],"tags":[],"_links":{"self":[{"href":"https:\/\/brigetiosport.hu\/wordpress\/wp-json\/wp\/v2\/posts\/759"}],"collection":[{"href":"https:\/\/brigetiosport.hu\/wordpress\/wp-json\/wp\/v2\/posts"}],"about":[{"href":"https:\/\/brigetiosport.hu\/wordpress\/wp-json\/wp\/v2\/types\/post"}],"author":[{"embeddable":true,"href":"https:\/\/brigetiosport.hu\/wordpress\/wp-json\/wp\/v2\/users\/3"}],"replies":[{"embeddable":true,"href":"https:\/\/brigetiosport.hu\/wordpress\/wp-json\/wp\/v2\/comments?post=759"}],"version-history":[{"count":1,"href":"https:\/\/brigetiosport.hu\/wordpress\/wp-json\/wp\/v2\/posts\/759\/revisions"}],"predecessor-version":[{"id":761,"href":"https:\/\/brigetiosport.hu\/wordpress\/wp-json\/wp\/v2\/posts\/759\/revisions\/761"}],"wp:attachment":[{"href":"https:\/\/brigetiosport.hu\/wordpress\/wp-json\/wp\/v2\/media?parent=759"}],"wp:term":[{"taxonomy":"category","embeddable":true,"href":"https:\/\/brigetiosport.hu\/wordpress\/wp-json\/wp\/v2\/categories?post=759"},{"taxonomy":"post_tag","embeddable":true,"href":"https:\/\/brigetiosport.hu\/wordpress\/wp-json\/wp\/v2\/tags?post=759"}],"curies":[{"name":"wp","href":"https:\/\/api.w.org\/{rel}","templated":true}]}}