{"id":651,"date":"2017-05-31T13:49:37","date_gmt":"2017-05-31T12:49:37","guid":{"rendered":"http:\/\/brigetiosport.hu\/wordpress\/?p=651"},"modified":"2017-08-15T17:15:14","modified_gmt":"2017-08-15T16:15:14","slug":"mori-karikan-versenyeztunk","status":"publish","type":"post","link":"https:\/\/brigetiosport.hu\/wordpress\/2017\/05\/31\/mori-karikan-versenyeztunk\/","title":{"rendered":"M\u00f3ri Karik\u00e1n versenyezt\u00fcnk"},"content":{"rendered":"<p style=\"text-align: center;\">Csapatunk az elm\u00falt szombaton a M\u00f3ri Karika j\u00f3t\u00e9konys\u00e1gi ker\u00e9kp\u00e1ros teljes\u00edtm\u00e9nyt\u00far\u00e1n \u00e1llt rajthoz, ami ugyan t\u00farak\u00e9nt van meghirdetve, de a leggyorsabbakat d\u00edjazz\u00e1k a szervez\u0151k, \u00edgy amat\u0151r versenynek tekinthet\u0151.<\/p>\n<p style=\"text-align: center;\">H\u00e1rom t\u00e1v k\u00f6z\u00fcl v\u00e1laszthattak a r\u00e9sztvev\u0151k, egyes\u00fclet\u00fcnket tekintve ifj. H\u00e9regi P\u00e9ter, Csere Lajos, Nagy Andr\u00e1s, V\u00e1gi J\u00f3zsef, Ag\u00f3cs G\u00e1bor az 52 km-es t\u00e1von, N\u00e9meth Zolt\u00e1n a 25 km-es t\u00e1von \u00e1llt rajthoz, id\u00e9n a 110 km-erre senki nem v\u00e1llalkozott csapatunkb\u00f3l.<\/p>\n<figure id=\"attachment_652\" aria-describedby=\"caption-attachment-652\" style=\"width: 840px\" class=\"wp-caption aligncenter\"><img loading=\"lazy\" decoding=\"async\" class=\"size-large wp-image-652\" src=\"https:\/\/brigetiosport.hu\/wordpress\/wp-content\/uploads\/2017\/05\/IMG_20170527_101531_BURST001_COVER-1024x766.jpg\" alt=\"\" width=\"840\" height=\"628\" srcset=\"https:\/\/brigetiosport.hu\/wordpress\/wp-content\/uploads\/2017\/05\/IMG_20170527_101531_BURST001_COVER.jpg 1024w, https:\/\/brigetiosport.hu\/wordpress\/wp-content\/uploads\/2017\/05\/IMG_20170527_101531_BURST001_COVER-300x224.jpg 300w, https:\/\/brigetiosport.hu\/wordpress\/wp-content\/uploads\/2017\/05\/IMG_20170527_101531_BURST001_COVER-768x575.jpg 768w\" sizes=\"(max-width: 709px) 85vw, (max-width: 909px) 67vw, (max-width: 1362px) 62vw, 840px\" \/><figcaption id=\"caption-attachment-652\" class=\"wp-caption-text\">M\u00f3ria karika rajt<\/figcaption><\/figure>\n<p style=\"text-align: center;\">A rajtot k\u00f6vet\u0151en nem vol<span class=\"text_exposed_show\">t nagy sebess\u00e9g, nyugodt, k\u00f6nnyed temp\u00f3val haladt a mez\u0151ny. Ekkor Gregor Zolt\u00e1n egy k\u00e1ty\u00faba hajtott, amely k\u00f6vetkezt\u00e9ben az els\u0151 kerek\u00e9b\u0151l egy k\u00fcll\u0151 kit\u00f6r\u00f6tt, a ker\u00e9kbe nyolcas lett \u00e9s hozz\u00e1\u00e9rt a f\u00e9kpof\u00e1khoz. Zolt\u00e1n nem adta fel a versenyt, kinyitotta a f\u00e9keket \u00e9s tov\u00e1bb folytatta a versenyt. N\u00e9h\u00e1ny km eltelt\u00e9vel a lass\u00fa temp\u00f3 miatt t\u00f6bb sz\u00f6k\u00e9si pr\u00f3b\u00e1lkoz\u00e1s is volt, csapatunkb\u00f3l ifj. H\u00e9regi P\u00e9ter \u00e9s Gregor Zolt\u00e1n is pr\u00f3b\u00e1lkoztak elmen\u00e9ssel de a mez\u0151ny a t\u00e1mad\u00e1sokat lereag\u00e1lta. A mez\u0151nyt nem a nagy sebess\u00e9g, hanem a folyamatos iramv\u00e1ltoz\u00e1s a dombra menet ami rost\u00e1lta. A f\u00e9lt\u00e1vhoz \u00e9rve lecs\u00f6kkent a f\u0151mez\u0151ny l\u00e9tsz\u00e1ma, innent\u0151l egyes\u00fclet\u00fcnk dolgozott el\u0151l legt\u00f6bbet ifj. H\u00e9regi P\u00e9ter \u00e9s Nagy Andr\u00e1s szem\u00e9ly\u00e9ben. Az utols\u00f3 dombokon Ifj. H\u00e9regi P\u00e9ter \u00e9s Gregor Zolt\u00e1n ism\u00e9t megpr\u00f3b\u00e1lkoztak egy t\u00e1mad\u00e1ssal de a mez\u0151ny ezt is lereag\u00e1lta. M\u00f3rra \u00e9rve Nagy Andr\u00e1s pr\u00f3b\u00e1lt meg elszakadni, de nem j\u00e1rt sikerrel. M\u00f3ron a temp\u00f3 felgyorsult, t\u00f6bben elmen\u00e9ssel pr\u00f3b\u00e1lkoztak, ment a mez\u0151nyben a helyezked\u00e9s. A szervez\u0151k hib\u00e1j\u00e1b\u00f3l a M\u00f3ri k\u00f6rforgalom az aut\u00f3forgalom miatt bedugult \u00e9s a p\u00e1ly\u00e1t se jelezt\u00e9k ez\u00e9rt nagy kavarod\u00e1s alakult ki, t\u00f6bben kiestek a verseng\u00e9sb\u0151l a pillanatnyi t\u00e9veszt\u00e9s \u00e9s aut\u00f3ker\u00fclget\u00e9s miatt. Az utols\u00f3 n\u00e9h\u00e1ny sz\u00e1z m\u00e9teren h\u00e1rom kanyart \u00e9s k\u00e9t emelked\u0151t is teljes\u00edteni kellett, ahol csapatunkb\u00f3l Gregor Zolt\u00e1n helyezkedett a legjobban, aki a gy\u0151ztes Hricz Andr\u00e1s idej\u00e9t\u0151l 4 mp-re lemaradva az 5. helyen \u00e9rt c\u00e9lba. Ifj. H\u00e9regi P\u00e9ter v\u00e9gig dolgozta a mez\u0151ny elej\u00e9n a versenyt \u00e9s a befut\u00f3n\u00e1l is el\u0151l helyezkedett, de helyismeret \u00e9s a szervez\u0151k \u00fatmutat\u00e1s\u00e1nak hi\u00e1ny\u00e1ban hib\u00e1zott a k\u00f6rforgalomban \u00e9s v\u00e9g\u00fcl a 15. helyen \u00e9rt c\u00e9lba, m\u00f6g\u00f6tte k\u00f6zvetlen\u00fcl Nagy Andr\u00e1s \u00e9rkezett. V\u00e1gi J\u00f3zsef a 15., m\u00edg Ag\u00f3cs G\u00e1bor a 37. lett. Csapatunk \u00e9kk\u00f6ve a 65 \u00e9ves N\u00e9meth Zolt\u00e1n elt\u00e9vedt a p\u00e1ly\u00e1n, ennek ellen\u00e9re a 25 km-es t\u00e1von a 23. helyen \u00e9rkezett c\u00e9lba. Csere Lajos defekt miatt feladni k\u00e9nyszer\u00fclt a versenyt. <\/span><\/p>\n<p><iframe loading=\"lazy\" width=\"840\" height=\"473\" src=\"https:\/\/www.youtube.com\/embed\/TvS5UTG70iI?feature=oembed\" frameborder=\"0\" allowfullscreen><\/iframe><\/p>\n<div class=\"text_exposed_show\">\n<p style=\"text-align: center;\">Srava log: <a href=\"https:\/\/www.strava.com\/activities\/1007815343#kudos\" target=\"_blank\" rel=\"nofollow noopener noreferrer\">https:\/\/www.strava.com\/activities\/1007815343#kudos<\/a><\/p>\n<p style=\"text-align: center;\">Eredm\u00e9nyek: <a href=\"https:\/\/l.facebook.com\/l.php?u=http%3A%2F%2Fwww.evochip.hu%2Fresults%2Fresult.php%3Fdistance%3D50km%26category%3Dnone%26timepoint%3Dnone%26eventid%3DMorikarika17DSr%26year%3D%26lang%3Dhu%26css%3Devochip.css%26iframe%3D0%26mobile%3D0%26viewport%3Ddevice-width&amp;h=ATPuTYB5dGu10eZUfX3F92rHpCxXaPPVpOWUJ8EIhf5MrMENChejkMiYpASZ5YQMJGgb1YAxdjiVhEA1ak9w5RbM4v0_ICbSHhVQBbI6lsuy3VxmtAEk6QhMNrY6gXKjearDHyb90WRrgWZ5R4tOaqsU&amp;enc=AZNHkN9SJb-Youtl84ipEHb7RP0sCWNHJ1lzo10-QjesFuKCgzt-_FRME8vzP-LmMOv2o1soY1Q9FDFPzhDsZn0VokvEeEVmKiAW9Y5xB0bKUrCAXQN_we3f-kTmU7L7A-wfIrNUhYmM36PBLMJpoJAt5n_WY5eXRsUezfZm6gUenlcDWR_IqM52jT46SEOklu7SBM_VNPqiz-ta-12yoEds&amp;s=1\" target=\"_blank\" rel=\"nofollow noopener noreferrer\">http:\/\/www.evochip.hu\/results\/result.php\u2026<\/a><\/p>\n<\/div>\n","protected":false},"excerpt":{"rendered":"<p>Csapatunk az elm\u00falt szombaton a M\u00f3ri Karika j\u00f3t\u00e9konys\u00e1gi ker\u00e9kp\u00e1ros teljes\u00edtm\u00e9nyt\u00far\u00e1n \u00e1llt rajthoz, ami ugyan t\u00farak\u00e9nt van meghirdetve, de a leggyorsabbakat d\u00edjazz\u00e1k a szervez\u0151k, \u00edgy amat\u0151r versenynek tekinthet\u0151. H\u00e1rom t\u00e1v k\u00f6z\u00fcl v\u00e1laszthattak a r\u00e9sztvev\u0151k, egyes\u00fclet\u00fcnket tekintve ifj. H\u00e9regi P\u00e9ter, Csere Lajos, Nagy Andr\u00e1s, V\u00e1gi J\u00f3zsef, Ag\u00f3cs G\u00e1bor az 52 km-es t\u00e1von, N\u00e9meth Zolt\u00e1n a 25 km-es &hellip; <a href=\"https:\/\/brigetiosport.hu\/wordpress\/2017\/05\/31\/mori-karikan-versenyeztunk\/\" class=\"more-link\"><span class=\"screen-reader-text\">&#8222;M\u00f3ri Karik\u00e1n versenyezt\u00fcnk&#8221;<\/span> b\u0151vebben<\/a><\/p>\n","protected":false},"author":3,"featured_media":0,"comment_status":"closed","ping_status":"closed","sticky":false,"template":"","format":"standard","meta":{"footnotes":""},"categories":[3],"tags":[],"_links":{"self":[{"href":"https:\/\/brigetiosport.hu\/wordpress\/wp-json\/wp\/v2\/posts\/651"}],"collection":[{"href":"https:\/\/brigetiosport.hu\/wordpress\/wp-json\/wp\/v2\/posts"}],"about":[{"href":"https:\/\/brigetiosport.hu\/wordpress\/wp-json\/wp\/v2\/types\/post"}],"author":[{"embeddable":true,"href":"https:\/\/brigetiosport.hu\/wordpress\/wp-json\/wp\/v2\/users\/3"}],"replies":[{"embeddable":true,"href":"https:\/\/brigetiosport.hu\/wordpress\/wp-json\/wp\/v2\/comments?post=651"}],"version-history":[{"count":1,"href":"https:\/\/brigetiosport.hu\/wordpress\/wp-json\/wp\/v2\/posts\/651\/revisions"}],"predecessor-version":[{"id":653,"href":"https:\/\/brigetiosport.hu\/wordpress\/wp-json\/wp\/v2\/posts\/651\/revisions\/653"}],"wp:attachment":[{"href":"https:\/\/brigetiosport.hu\/wordpress\/wp-json\/wp\/v2\/media?parent=651"}],"wp:term":[{"taxonomy":"category","embeddable":true,"href":"https:\/\/brigetiosport.hu\/wordpress\/wp-json\/wp\/v2\/categories?post=651"},{"taxonomy":"post_tag","embeddable":true,"href":"https:\/\/brigetiosport.hu\/wordpress\/wp-json\/wp\/v2\/tags?post=651"}],"curies":[{"name":"wp","href":"https:\/\/api.w.org\/{rel}","templated":true}]}}