{"id":620,"date":"2017-05-22T20:12:21","date_gmt":"2017-05-22T19:12:21","guid":{"rendered":"http:\/\/brigetiosport.hu\/wordpress\/?p=620"},"modified":"2017-05-22T20:13:30","modified_gmt":"2017-05-22T19:13:30","slug":"bakonyerdo-marton-bakonybel","status":"publish","type":"post","link":"https:\/\/brigetiosport.hu\/wordpress\/2017\/05\/22\/bakonyerdo-marton-bakonybel\/","title":{"rendered":"Bakonyerd\u0151 Marton &#8211; Bakonyb\u00e9l"},"content":{"rendered":"\n\t\t<div id='gallery-1' class='gallery galleryid-620 gallery-columns-1 gallery-size-large gal170522'><script type=\"text\/javascript\">\r\n\/\/ <![CDATA[\r\n\tjQuery(document).ready(function () {\r\n\t\tjQuery(\".gal170522 a\").attr(\"rel\",\"gal170522\");\t\r\n\t\tjQuery('a[rel=\"gal170522\"]').colorbox({maxWidth:\"95%\", maxHeight:\"95%\",title: function(){ return jQuery(this).children().attr(\"alt\"); }});\r\n\t});\r\n\/\/ ]]>\r\n<\/script>\n<figure class=\"gallery-item\">\n<div class=\"gallery-icon\">\r\n<a href=\"https:\/\/brigetiosport.hu\/wordpress\/wp-content\/uploads\/2017\/05\/2017_bakonymaraton_robi.jpg\" title=\"Robi \u00e9s Tomi a c\u00e9lba \u00e9rkez\u00e9st k\u00f6vet\u0151en\" rel=\"gal170522\"><img loading=\"lazy\" decoding=\"async\" src=\"https:\/\/brigetiosport.hu\/wordpress\/wp-content\/uploads\/2017\/05\/2017_bakonymaraton_robi.jpg\" width=\"431\" height=\"768\" alt=\"Robi \u00e9s Tomi a c\u00e9lba \u00e9rkez\u00e9st k\u00f6vet\u0151en\" \/><\/a>\r\n<\/div><figcaption class=\"gallery-caption\" id=\"caption621\"><span class=\"imagecaption\">Robi \u00e9s Tomi a c\u00e9lba \u00e9rkez\u00e9st k\u00f6vet\u0151en<\/span><br \/>\n<\/figcaption><\/figure>\r\n\t\t<\/div>\n\n<p>H\u00e9tv\u00e9g\u00e9n, m\u00e1jus 20-\u00e1n Bakonyb\u00e9lbe l\u00e1togatott a magyar MTB maratonoz\u00f3k t\u00f6bbs\u00e9ge. Hetedik alkalommal ker\u00fclt megrendez\u00e9sre a Bakonyerd\u0151 Maraton, melynek rajt-c\u00e9l k\u00f6zpontja egy vend\u00e9gcsalogat\u00f3 kis bakonyi telep\u00fcl\u00e9s, Bakonyb\u00e9l.<br \/>\nEgyes\u00fclet\u00fcnket ez\u00fattal Eisemann Robi k\u00e9pviselte, aki b\u00edztat\u00f3 eredm\u00e9nyeket \u00e9rt el az elm\u00falt hetek sor\u00e1n teljes\u00edtett versenyein.<br \/>\nRobi ez\u00fattal is a v\u00e1rakoz\u00e1soknak megfelel\u0151en tejes\u00edtett, a k\u00f6z\u00e9pt\u00e1v Master1 kateg\u00f3ri\u00e1j\u00e1ban 11-ik, m\u00edg az abszol\u00fat \u00e9rt\u00e9kel\u00e9sben az 50. helyet szerezte meg.<br \/>\nVersenyki\u00edr\u00e1s, p\u00e1lyainform\u00e1ci\u00f3: <a href=\"http:\/\/pannonmaraton.hu\/\" target=\"_blank\" rel=\"noopener noreferrer\">link<\/a><br \/>\nEredm\u00e9nyek: <a href=\"https:\/\/brigetiosport.hu\/wordpress\/?media_dl=619\">XLSX<\/a><\/p>\n<p><!--more--><\/p>\n<p>Robi besz\u00e1mol\u00f3ja a versenyr\u0151l az al\u00e1bbiakban olvashat\u00f3:<br \/>\n&#8222;Szombaton a Bakonyerd\u0151 Maratonon k\u00e9pviseltem a csapatot, j\u00f6jj\u00f6n egy kis besz\u00e1mol\u00f3:<br \/>\nK\u00f6z\u00e9pt\u00e1von indultam, ami pap\u00edron 69km \u00e9s 1560m szint, m\u00e9rve 65km 1600m szint!<br \/>\nEls\u0151 versenyem itt, a p\u00e1lya ismeret hi\u00e1nya az\u00e9rt jelentkezett! Bakonyb\u00e9lbe \u00e9rve hatalmas sz\u00e9lvihar fogadott, el\u00e9g h\u0171v\u00f6s is volt emiatt! Regisztr\u00e1ci\u00f3, rajtcsomag \u00e1tv\u00e9tel ut\u00e1n \u00e1t\u00f6lt\u00f6ztem, bemeleg\u00edtettem, azt\u00e1n lassan lassan a sz\u00e9l is egy kicsit al\u00e1bb hagyott! Rajtba pr\u00f3b\u00e1ltam j\u00f3 poz\u00edci\u00f3ba \u00e1llni, hogy ne \u00e9rjen na<span class=\"text_exposed_show\">gy meglepet\u00e9s, hisz minden maraton emelked\u0151vel kezd\u0151dik \u00e9s ha h\u00e1tr\u00e9bb indulok, akkor nem tudok a saj\u00e1t temp\u00f3mba haladni!<br \/>\nAz els\u0151 emelked\u0151h\u00f6z eg\u00e9sz j\u00f3 poz\u00edci\u00f3ban \u00e9rkeztem \u00e9s gond n\u00e9lk\u00fcl fel is \u00e9rtem a K\u0151ris-hegyre! Onnan egy el\u00e9g j\u00f3 technik\u00e1s meredek lejt\u0151! Amit f\u00f6lfel\u00e9 sp\u00f3roltam, azt lefel\u00e9 beleadtam! <span class=\"_47e3 _5mfr\" title=\"smile hangulatjel\"><img loading=\"lazy\" decoding=\"async\" class=\"img\" src=\"https:\/\/www.facebook.com\/images\/emoji.php\/v8\/f4c\/1\/16\/1f642.png\" alt=\"\" width=\"16\" height=\"16\" \/><\/span><br \/>\nA Cuha-v\u00f6lgyben j\u00f3 hideg v\u00edz fogadott 9-szer, ugyanis ennyiszer kell \u00e1thajtani a Cuha-patakon! <span class=\"_47e3 _5mfr\" title=\"smile hangulatjel\"><img loading=\"lazy\" decoding=\"async\" class=\"img\" src=\"https:\/\/www.facebook.com\/images\/emoji.php\/v8\/f4c\/1\/16\/1f642.png\" alt=\"\" width=\"16\" height=\"16\" \/><\/span><br \/>\nAzt\u00e1n ism\u00e9t egy kis m\u00e1sz\u00e1s kezd\u0151d\u00f6tt, itt kezd\u0151dtek a probl\u00e9m\u00e1im (pedig m\u00e9g csak f\u00e9lt\u00e1vn\u00e1l j\u00e1rtunk)! Az a helyzet, hogy el\u00e9heztem \u00e9s az er\u0151m is elhagyott! <span class=\"_47e3 _5mfr\" title=\"frown hangulatjel\"><img loading=\"lazy\" decoding=\"async\" class=\"img\" src=\"https:\/\/www.facebook.com\/images\/emoji.php\/v8\/fcb\/1\/16\/1f641.png\" alt=\"\" width=\"16\" height=\"16\" \/><\/span> Felszenvedtem magam az emelked\u0151re \u00e9s benyomtam 2 energia zsel\u00e9t, meg ittam j\u00f3 sokat, ami ilyenkor m\u00e1r kicsit k\u00e9s\u0151n van, de be akartam \u00e9rni a c\u00e9lba! \u00dagy l\u00e1tszik a reggelimet nem l\u0151ttem be j\u00f3l! Azt\u00e1n j\u00f6tt egy egynyomos meredek, k\u00f6ves lejt\u0151! Volt ahol nem kock\u00e1ztattam \u00e9s ink\u00e1bb letoltam a bicajt \u00e9s \u00edgy estem el! Nem v\u00e9szes, csak kicsit lehorzsoltam a t\u00e9rdem!<br \/>\nAzt\u00e1n megkezdt\u00fck h\u00e1tulr\u00f3l is megm\u00e1szni a K\u0151ris-hegyet! Ez m\u00e1r igaz\u00e1n nem esett j\u00f3l! Egy j\u00f3 15km megt\u00e9tele ut\u00e1n kezdtek hatni a zsel\u00e9k \u00e9s nagyj\u00e1b\u00f3l helyrej\u00f6ttem, de m\u00e9g az\u00e9rt tartal\u00e9koltam a v\u00e9g\u00e9re, mert az a szintrajz alapj\u00e1n el\u00e9g\u00e9 &#8222;hepe-hup\u00e1s&#8221;! Az is volt!<br \/>\nAz utols\u00f3 meredek lejt\u0151n kieresztettem mindent, \u00edgy eg\u00e9szen j\u00f3l \u00e9rkeztem a c\u00e9lba! Tetszett a p\u00e1lya \u00e9s a verseny sz\u00ednvonal is rendben volt! J\u00f6v\u0151re biztos visszaj\u00f6v\u00f6k, de jobban felk\u00e9sz\u00fclve! <span class=\"_47e3 _5mfr\" title=\"wink hangulatjel\"><img loading=\"lazy\" decoding=\"async\" class=\"img\" src=\"https:\/\/www.facebook.com\/images\/emoji.php\/v8\/f57\/1\/16\/1f609.png\" alt=\"\" width=\"16\" height=\"16\" \/><\/span><br \/>\nV\u00e9g\u00fcl 3:33:13-as id\u0151vel a Master1 11. helyen \u00e9rtem c\u00e9lba!&#8221;<\/span><\/p>\n","protected":false},"excerpt":{"rendered":"<p>H\u00e9tv\u00e9g\u00e9n, m\u00e1jus 20-\u00e1n Bakonyb\u00e9lbe l\u00e1togatott a magyar MTB maratonoz\u00f3k t\u00f6bbs\u00e9ge. Hetedik alkalommal ker\u00fclt megrendez\u00e9sre a Bakonyerd\u0151 Maraton, melynek rajt-c\u00e9l k\u00f6zpontja egy vend\u00e9gcsalogat\u00f3 kis bakonyi telep\u00fcl\u00e9s, Bakonyb\u00e9l. Egyes\u00fclet\u00fcnket ez\u00fattal Eisemann Robi k\u00e9pviselte, aki b\u00edztat\u00f3 eredm\u00e9nyeket \u00e9rt el az elm\u00falt hetek sor\u00e1n teljes\u00edtett versenyein. Robi ez\u00fattal is a v\u00e1rakoz\u00e1soknak megfelel\u0151en tejes\u00edtett, a k\u00f6z\u00e9pt\u00e1v Master1 kateg\u00f3ri\u00e1j\u00e1ban 11-ik, m\u00edg &hellip; <a href=\"https:\/\/brigetiosport.hu\/wordpress\/2017\/05\/22\/bakonyerdo-marton-bakonybel\/\" class=\"more-link\"><span class=\"screen-reader-text\">&#8222;Bakonyerd\u0151 Marton &#8211; Bakonyb\u00e9l&#8221;<\/span> b\u0151vebben<\/a><\/p>\n","protected":false},"author":1,"featured_media":0,"comment_status":"closed","ping_status":"closed","sticky":false,"template":"","format":"standard","meta":{"footnotes":""},"categories":[8],"tags":[],"_links":{"self":[{"href":"https:\/\/brigetiosport.hu\/wordpress\/wp-json\/wp\/v2\/posts\/620"}],"collection":[{"href":"https:\/\/brigetiosport.hu\/wordpress\/wp-json\/wp\/v2\/posts"}],"about":[{"href":"https:\/\/brigetiosport.hu\/wordpress\/wp-json\/wp\/v2\/types\/post"}],"author":[{"embeddable":true,"href":"https:\/\/brigetiosport.hu\/wordpress\/wp-json\/wp\/v2\/users\/1"}],"replies":[{"embeddable":true,"href":"https:\/\/brigetiosport.hu\/wordpress\/wp-json\/wp\/v2\/comments?post=620"}],"version-history":[{"count":2,"href":"https:\/\/brigetiosport.hu\/wordpress\/wp-json\/wp\/v2\/posts\/620\/revisions"}],"predecessor-version":[{"id":623,"href":"https:\/\/brigetiosport.hu\/wordpress\/wp-json\/wp\/v2\/posts\/620\/revisions\/623"}],"wp:attachment":[{"href":"https:\/\/brigetiosport.hu\/wordpress\/wp-json\/wp\/v2\/media?parent=620"}],"wp:term":[{"taxonomy":"category","embeddable":true,"href":"https:\/\/brigetiosport.hu\/wordpress\/wp-json\/wp\/v2\/categories?post=620"},{"taxonomy":"post_tag","embeddable":true,"href":"https:\/\/brigetiosport.hu\/wordpress\/wp-json\/wp\/v2\/tags?post=620"}],"curies":[{"name":"wp","href":"https:\/\/api.w.org\/{rel}","templated":true}]}}