{"id":591,"date":"2017-05-18T20:49:00","date_gmt":"2017-05-18T19:49:00","guid":{"rendered":"http:\/\/brigetiosport.hu\/wordpress\/?p=591"},"modified":"2017-05-18T20:56:45","modified_gmt":"2017-05-18T19:56:45","slug":"vertes-maraton","status":"publish","type":"post","link":"https:\/\/brigetiosport.hu\/wordpress\/2017\/05\/18\/vertes-maraton\/","title":{"rendered":"V\u00e9rtes Maraton"},"content":{"rendered":"\n\t\t<div id='gallery-1' class='gallery galleryid-591 gallery-columns-1 gallery-size-medium gal170518'><script type=\"text\/javascript\">\r\n\/\/ <![CDATA[\r\n\tjQuery(document).ready(function () {\r\n\t\tjQuery(\".gal170518 a\").attr(\"rel\",\"gal170518\");\t\r\n\t\tjQuery('a[rel=\"gal170518\"]').colorbox({maxWidth:\"95%\", maxHeight:\"95%\",title: function(){ return jQuery(this).children().attr(\"alt\"); }});\r\n\t});\r\n\/\/ ]]>\r\n<\/script>\n<figure class=\"gallery-item\">\n<div class=\"gallery-icon\">\r\n<a href=\"https:\/\/brigetiosport.hu\/wordpress\/wp-content\/uploads\/2017\/05\/2017_eisemann_vertes.jpg\" title=\"Eisemann R\u00f3bert\" rel=\"gal170518\"><img loading=\"lazy\" decoding=\"async\" src=\"https:\/\/brigetiosport.hu\/wordpress\/wp-content\/uploads\/2017\/05\/2017_eisemann_vertes-300x300.jpg\" width=\"300\" height=\"300\" alt=\"Eisemann R\u00f3bert\" \/><\/a>\r\n<\/div><figcaption class=\"gallery-caption\" id=\"caption592\"><span class=\"imagecaption\">Eisemann R\u00f3bert<\/span><br \/>\n<\/figcaption><\/figure>\r\n\t\t<\/div>\n\n<p>Az elm\u00falt h\u00e9tv\u00e9g\u00e9n, m\u00e1jus 14-\u00e9n a szinte hazai p\u00e1ly\u00e1nak sz\u00e1m\u00edt\u00f3 V\u00e9rtes Maratonon vettek r\u00e9szt montisaink egy r\u00e9sze. Kolozsv\u00e1ry Szil\u00e1rd a r\u00f6vid t\u00e1v Master2-es korcsoportj\u00e1nak 21-ik hely\u00e9n v\u00e9gzett, m\u00edg Eisemann R\u00f3bert a k\u00f6z\u00e9pt\u00e1v Master1-es korcsoportj\u00e1nak 14-ik hely\u00e9n futott be.<\/p>\n\n\t\t<div id='gallery-2' class='gallery galleryid-591 gallery-columns-1 gallery-size-medium gal170518'><script type=\"text\/javascript\">\r\n\/\/ <![CDATA[\r\n\tjQuery(document).ready(function () {\r\n\t\tjQuery(\".gal170518 a\").attr(\"rel\",\"gal170518\");\t\r\n\t\tjQuery('a[rel=\"gal170518\"]').colorbox({maxWidth:\"95%\", maxHeight:\"95%\",title: function(){ return jQuery(this).children().attr(\"alt\"); }});\r\n\t});\r\n\/\/ ]]>\r\n<\/script>\n<figure class=\"gallery-item\">\n<div class=\"gallery-icon\">\r\n<a href=\"https:\/\/brigetiosport.hu\/wordpress\/wp-content\/uploads\/2017\/05\/2017_kolozsvary_vertes.jpg\" title=\"Kolozsv\u00e1ry Szil\u00e1rd\" rel=\"gal170518\"><img loading=\"lazy\" decoding=\"async\" src=\"https:\/\/brigetiosport.hu\/wordpress\/wp-content\/uploads\/2017\/05\/2017_kolozsvary_vertes-300x300.jpg\" width=\"300\" height=\"300\" alt=\"Kolozsv\u00e1ry Szil\u00e1rd\" \/><\/a>\r\n<\/div><figcaption class=\"gallery-caption\" id=\"caption593\"><span class=\"imagecaption\">Kolozsv\u00e1ry Szil\u00e1rd<\/span><br \/>\n<\/figcaption><\/figure>\r\n\t\t<\/div>\n\n<p>A versenyki\u00edr\u00e1s itt tal\u00e1lhat\u00f3: <a href=\"http:\/\/www.tktk.hu\/vii-villapark-vertes-maraton\/\" target=\"_blank\" rel=\"noopener noreferrer\">link<\/a><br \/>\nAz eredm\u00e9nylista az al\u00e1bbi linken t\u00f6lthet\u0151 le: <a href=\"https:\/\/brigetiosport.hu\/wordpress\/?media_dl=590\">let\u00f6lt\u00e9s<\/a><\/p>\n<p><!--more--><\/p>\n<p>A tov\u00e1bbiakban Robi besz\u00e1mol\u00f3ja olvashat\u00f3.<\/p>\n<p>Ma a V\u00e9rtes maratonon k\u00e9pviselt\u00fck a csapatot Kolozsv\u00e1ry Szil\u00e1rddal! Szil\u00e1rd r\u00f6vid t\u00e1von indult (27km, egy k\u00f6r), j\u00f3magam k\u00f6z\u00e9pt\u00e1von (54km, k\u00e9t k\u00f6r)! Most az \u00e9n szemsz\u00f6gemb\u0151l tartok egy kis besz\u00e1mol\u00f3t!<br \/>\nA reggelem nem indult t\u00fal j\u00f3l, kicsit elaludtam \u00e9s a t\u00e9rdemet is mintha megh\u00faztam volna, nem volt kellemes. A kapkod\u00e1sba m\u00e9g a SiS-es g\u00e9leket is otthon hagytam, m\u00e9g szerencse, hogy a rajtcsomagba kaptunk 2db-ot (High5).<br \/>\nA s\u00e1rgumikat raktam fel, az elm\u00falt napok miatti es\u0151k miatt!<br \/>\nA bemeleg\u00edt\u00e9s rendben volt, de a f\u00e9keim nem voltak valami j\u00f3k&#8230; valamivel \u00f6sszekenhettem a t\u00e1rcs\u00e1kat \u00e9s siv\u00edtottak, de fogni nem akartak!<br \/>\nA rajtban siker\u00fclt eg\u00e9sz j\u00f3 helyre be\u00e1llni!<br \/>\nElrajtoltunk, pr\u00f3b\u00e1ltam megnyomni az elej\u00e9t, hogy az els\u0151 meredekre j\u00f3 poz\u00edci\u00f3ba \u00e9rjek. Ut\u00e1na az\u00e9rt kicsit pr\u00f3b\u00e1ltam sp\u00f3rolni, hogy a m\u00e1sodik k\u00f6rre ne legyenek gondjaim!<br \/>\nA terep eg\u00e9sz j\u00f3 volt, az elm\u00falt napok id\u0151j\u00e1r\u00e1s\u00e1hoz k\u00e9pest!<br \/>\nA hossz\u00fa meredeket a fel\u00e9ig tudtam tekerni, azt\u00e1n el\u0151ttem elakadtak, \u00edgy nekem is tol\u00e1s maradt a v\u00e9g\u00e9ig! Azt\u00e1n nyomtam tov\u00e1bb! Nagyon j\u00f3l ment, sz\u00e9pen tudtam p\u00f6rgetni \u00e9s az er\u0151met is be tudtam osztani! Na meg a friss\u00edt\u00e9sre is nagyon odafigyeltem! Vit\u00e1nyv\u00e1rt\u00f3l lefel\u00e9 siker\u00fclt &#8222;le\u00e9getnem&#8221; a t\u00e1rcs\u00e1r\u00f3l a szennyez\u0151d\u00e9st, ut\u00e1na fogott ahogy kell! \ud83d\ude42<br \/>\nAz utols\u00f3 emelked\u0151 el\u00e9g agyagos, dagony\u00e1s volt, sok er\u0151t kivett, de megvolt! :)Azt\u00e1n els\u0151 k\u00f6r befejezve!<br \/>\nM\u00e1sodik k\u00f6rre \u00fagy mentem ki, hogy m\u00e9g maradtak tartal\u00e9kaim! Itt m\u00e1r teljesen sz\u00e9trost\u00e1l\u00f3dott a mez\u0151ny, de az emelked\u0151k\u00f6n az\u00e9rt \u00f6sszej\u00f6tt\u00fcnk p\u00e1ran!<br \/>\nA hossz\u00fa meredeket m\u00e1r er\u0151b\u0151l nem tudtam kitekerni, \u00edgy felvittem a bring\u00e1t l\u00e1bon! Azt\u00e1n p\u00f6rgettem egy kicsit, hogy kij\u00f6jj\u00f6n a l\u00e1bamb\u00f3l a tol\u00e1s &#8222;f\u00e1jdalma&#8221;! Ut\u00e1na m\u00e1r az\u00e9rt \u00e9reztem, hogy f\u00e1radnak a l\u00e1baim, de m\u00e9g ment rendesen!<br \/>\nAzt\u00e1n az utols\u00f3 emelked\u0151n, a m\u00e1r kicsit jobban megszikkadt agyagos talajba \u00fagy tapadt a gumi, mintha t\u00e9p\u0151z\u00e1ron bicikliztem volna! Nagyon elf\u00e1radtak a l\u00e1baim a v\u00e9g\u00e9re!<br \/>\nC\u00e9lba \u00e9rve szembes\u00fcltem vele, hogy 18 percet jav\u00edtottam a tavalyi id\u0151m\u00f6n, \u00fagyhogy el\u00e9gedett voltam a teljes\u00edtm\u00e9nyemmel, meg az eredm\u00e9nyemmel! \ud83d\ude42<br \/>\nJ\u00f6v\u0151 h\u00e9ten Bakonyb\u00e9l maraton! Nem ismerem a p\u00e1ly\u00e1t, de ha \u00edgy tudok menni mint ma, akkor nem lesz gond! \ud83d\ude09<br \/>\nHajr\u00e1!<\/p>\n","protected":false},"excerpt":{"rendered":"<p>Az elm\u00falt h\u00e9tv\u00e9g\u00e9n, m\u00e1jus 14-\u00e9n a szinte hazai p\u00e1ly\u00e1nak sz\u00e1m\u00edt\u00f3 V\u00e9rtes Maratonon vettek r\u00e9szt montisaink egy r\u00e9sze. Kolozsv\u00e1ry Szil\u00e1rd a r\u00f6vid t\u00e1v Master2-es korcsoportj\u00e1nak 21-ik hely\u00e9n v\u00e9gzett, m\u00edg Eisemann R\u00f3bert a k\u00f6z\u00e9pt\u00e1v Master1-es korcsoportj\u00e1nak 14-ik hely\u00e9n futott be. A versenyki\u00edr\u00e1s itt tal\u00e1lhat\u00f3: link Az eredm\u00e9nylista az al\u00e1bbi linken t\u00f6lthet\u0151 le:<\/p>\n","protected":false},"author":1,"featured_media":0,"comment_status":"closed","ping_status":"closed","sticky":false,"template":"","format":"standard","meta":{"footnotes":""},"categories":[8],"tags":[],"_links":{"self":[{"href":"https:\/\/brigetiosport.hu\/wordpress\/wp-json\/wp\/v2\/posts\/591"}],"collection":[{"href":"https:\/\/brigetiosport.hu\/wordpress\/wp-json\/wp\/v2\/posts"}],"about":[{"href":"https:\/\/brigetiosport.hu\/wordpress\/wp-json\/wp\/v2\/types\/post"}],"author":[{"embeddable":true,"href":"https:\/\/brigetiosport.hu\/wordpress\/wp-json\/wp\/v2\/users\/1"}],"replies":[{"embeddable":true,"href":"https:\/\/brigetiosport.hu\/wordpress\/wp-json\/wp\/v2\/comments?post=591"}],"version-history":[{"count":14,"href":"https:\/\/brigetiosport.hu\/wordpress\/wp-json\/wp\/v2\/posts\/591\/revisions"}],"predecessor-version":[{"id":607,"href":"https:\/\/brigetiosport.hu\/wordpress\/wp-json\/wp\/v2\/posts\/591\/revisions\/607"}],"wp:attachment":[{"href":"https:\/\/brigetiosport.hu\/wordpress\/wp-json\/wp\/v2\/media?parent=591"}],"wp:term":[{"taxonomy":"category","embeddable":true,"href":"https:\/\/brigetiosport.hu\/wordpress\/wp-json\/wp\/v2\/categories?post=591"},{"taxonomy":"post_tag","embeddable":true,"href":"https:\/\/brigetiosport.hu\/wordpress\/wp-json\/wp\/v2\/tags?post=591"}],"curies":[{"name":"wp","href":"https:\/\/api.w.org\/{rel}","templated":true}]}}