{"id":562,"date":"2017-05-03T17:39:16","date_gmt":"2017-05-03T16:39:16","guid":{"rendered":"http:\/\/brigetiosport.hu\/wordpress\/?p=562"},"modified":"2017-08-15T17:15:24","modified_gmt":"2017-08-15T16:15:24","slug":"tour-de-ajka","status":"publish","type":"post","link":"https:\/\/brigetiosport.hu\/wordpress\/2017\/05\/03\/tour-de-ajka\/","title":{"rendered":"Tour de Ajka"},"content":{"rendered":"<p style=\"text-align: center;\">A hossz\u00fa h\u00e9tv\u00e9ge sz\u00e1mos ker\u00e9kp\u00e1ros esem\u00e9nyt tartogatott a sport szerelmeseinek, t\u00f6bbek k\u00f6z\u00f6tt a k\u00e9t szakaszos Tour de Ajka orsz\u00e1g\u00fati ker\u00e9kp\u00e1rversenyt, ahol Krebsz J\u00f3zsef \u00e9s Gregor Zolt\u00e1n tagunk k\u00e9pviselt\u00e9k egyes\u00fclet\u00fcnket.<\/p>\n<figure id=\"attachment_532\" aria-describedby=\"caption-attachment-532\" style=\"width: 350px\" class=\"wp-caption alignleft\"><img loading=\"lazy\" decoding=\"async\" class=\"wp-image-532\" src=\"https:\/\/brigetiosport.hu\/wordpress\/wp-content\/uploads\/2017\/04\/IMG_20170430_142807-1024x576.jpg\" alt=\"\" width=\"350\" height=\"197\" srcset=\"https:\/\/brigetiosport.hu\/wordpress\/wp-content\/uploads\/2017\/04\/IMG_20170430_142807.jpg 1024w, https:\/\/brigetiosport.hu\/wordpress\/wp-content\/uploads\/2017\/04\/IMG_20170430_142807-300x169.jpg 300w, https:\/\/brigetiosport.hu\/wordpress\/wp-content\/uploads\/2017\/04\/IMG_20170430_142807-768x432.jpg 768w\" sizes=\"(max-width: 350px) 85vw, 350px\" \/><figcaption id=\"caption-attachment-532\" class=\"wp-caption-text\">Prol\u00f3g rajt-c\u00e9lter\u00fclet<\/figcaption><\/figure>\n<p style=\"text-align: center;\">Vas\u00e1rnap az 1. szakasz \u201cbemeleg\u00edt\u0151\u201d 5 km-es egyenk\u00e9nti ind\u00edt\u00e1s\u00fa id\u0151futammal kezd\u0151d\u00f6tt Ajka belv\u00e1ros\u00e1ban. A versenyz\u0151k a nagyon sz\u00e9pen kialak\u00edtott rajtter\u00fcletr\u0151l, emelv\u00e9nyr\u0151l rajtoltak el, majd 2,5 km megt\u00e9tel\u00e9t k\u00f6vet\u0151en j\u00f6hetett a ford\u00edt\u00f3. A p\u00e1ly\u00e1t csup\u00e1n egy k\u00f6rforgalom nehez\u00edtette, melyen oda \u00e9s vissza fele is \u00e1t kellett haladni. A 105 r\u00e9sztvev\u0151b\u0151l Gregor Zolt\u00e1n abszol\u00fat 50., K1 korcsoport 15. helyen, m\u00edg Krebsz J\u00f3zsef abszol\u00fat 81., K3 korcsoport 46. helyen \u00e9rtek c\u00e9lba! Gregor Zolt\u00e1n 1:12, m\u00edg Krebsz J\u00f3zsef 1:44 h\u00e1tr\u00e1nnyal kezdhett\u00e9k a k\u00f6vetkez\u0151 napi mez\u0151nyversenyt!<\/p>\n<figure id=\"attachment_563\" aria-describedby=\"caption-attachment-563\" style=\"width: 350px\" class=\"wp-caption alignleft\"><img loading=\"lazy\" decoding=\"async\" class=\"wp-image-563\" src=\"https:\/\/brigetiosport.hu\/wordpress\/wp-content\/uploads\/2017\/05\/IMG_1410_filtered-1024x682.jpg\" alt=\"\" width=\"350\" height=\"233\" srcset=\"https:\/\/brigetiosport.hu\/wordpress\/wp-content\/uploads\/2017\/05\/IMG_1410_filtered-1024x682.jpg 1024w, https:\/\/brigetiosport.hu\/wordpress\/wp-content\/uploads\/2017\/05\/IMG_1410_filtered-300x200.jpg 300w, https:\/\/brigetiosport.hu\/wordpress\/wp-content\/uploads\/2017\/05\/IMG_1410_filtered-768x512.jpg 768w, https:\/\/brigetiosport.hu\/wordpress\/wp-content\/uploads\/2017\/05\/IMG_1410_filtered-1200x800.jpg 1200w, https:\/\/brigetiosport.hu\/wordpress\/wp-content\/uploads\/2017\/05\/IMG_1410_filtered.jpg 1600w\" sizes=\"(max-width: 350px) 85vw, 350px\" \/><figcaption id=\"caption-attachment-563\" class=\"wp-caption-text\">Mez\u0151nyverseny<\/figcaption><\/figure>\n<p style=\"text-align: center;\">H\u00e9tf\u0151n 265 f\u0151 r\u00e9szv\u00e9tel\u00e9vel rendezt\u00e9k a 2. szakaszt, amely egy 58 km-es, 431\u00a0 m\u00e9ter szintet tartalmaz\u00f3 dimbes-dombos mez\u0151nyverseny volt. Sajnos a mez\u0151nyt nem az er\u0151k\u00fcl\u00f6nbs\u00e9gek szak\u00edtott\u00e1k sz\u00e9t, hanem a verseny harmad\u00e1n\u00e1l bek\u00f6vetkezett t\u00f6megbuk\u00e1s. Szerencs\u00e9s m\u00f3don Krebsz J\u00f3zsef \u00e9s Gregor Zolt\u00e1n sem keveredtek bele a buk\u00e1sba, azonban mindketten leszakadtak miatta a mez\u0151ny elej\u00e9r\u0151l. A versenyt v\u00e9g\u00fcl Gregor Zolt\u00e1n 1:26:14-es menetid\u0151vel abszol\u00fat 35., K1 korcsoport 9. helyen z\u00e1rta. Krebsz J\u00f3zsef els\u0151 mez\u0151nyverseny\u00e9t teljes\u00edtette, 1:47:06 menetid\u0151vel abszol\u00fat 159., K2 korcsoport 109. helyen \u00e9rkezett c\u00e9lba.<\/p>\n<figure id=\"attachment_564\" aria-describedby=\"caption-attachment-564\" style=\"width: 840px\" class=\"wp-caption aligncenter\"><img loading=\"lazy\" decoding=\"async\" class=\"wp-image-564 size-large\" src=\"https:\/\/brigetiosport.hu\/wordpress\/wp-content\/uploads\/2017\/05\/tourdeajka-1024x819.jpg\" alt=\"\" width=\"840\" height=\"672\" srcset=\"https:\/\/brigetiosport.hu\/wordpress\/wp-content\/uploads\/2017\/05\/tourdeajka-1024x819.jpg 1024w, https:\/\/brigetiosport.hu\/wordpress\/wp-content\/uploads\/2017\/05\/tourdeajka-300x240.jpg 300w, https:\/\/brigetiosport.hu\/wordpress\/wp-content\/uploads\/2017\/05\/tourdeajka-768x614.jpg 768w, https:\/\/brigetiosport.hu\/wordpress\/wp-content\/uploads\/2017\/05\/tourdeajka-1200x960.jpg 1200w, https:\/\/brigetiosport.hu\/wordpress\/wp-content\/uploads\/2017\/05\/tourdeajka.jpg 1600w\" sizes=\"(max-width: 709px) 85vw, (max-width: 909px) 67vw, (max-width: 1362px) 62vw, 840px\" \/><figcaption id=\"caption-attachment-564\" class=\"wp-caption-text\">Krebsz J\u00f3zsef, Gregor Zolt\u00e1n<\/figcaption><\/figure>\n<p style=\"text-align: center;\">A Tour de Ajka \u00f6sszetett verseny\u00e9t tekintve Gregor Zolt\u00e1n abszol\u00fat 16., K1 korcsoport 6. helyen, Krebsz J\u00f3zsef abszol\u00fat 58., K3 korcsoport 32. helyen z\u00e1rta.<\/p>\n","protected":false},"excerpt":{"rendered":"<p>A hossz\u00fa h\u00e9tv\u00e9ge sz\u00e1mos ker\u00e9kp\u00e1ros esem\u00e9nyt tartogatott a sport szerelmeseinek, t\u00f6bbek k\u00f6z\u00f6tt a k\u00e9t szakaszos Tour de Ajka orsz\u00e1g\u00fati ker\u00e9kp\u00e1rversenyt, ahol Krebsz J\u00f3zsef \u00e9s Gregor Zolt\u00e1n tagunk k\u00e9pviselt\u00e9k egyes\u00fclet\u00fcnket. Vas\u00e1rnap az 1. szakasz \u201cbemeleg\u00edt\u0151\u201d 5 km-es egyenk\u00e9nti ind\u00edt\u00e1s\u00fa id\u0151futammal kezd\u0151d\u00f6tt Ajka belv\u00e1ros\u00e1ban. A versenyz\u0151k a nagyon sz\u00e9pen kialak\u00edtott rajtter\u00fcletr\u0151l, emelv\u00e9nyr\u0151l rajtoltak el, majd 2,5 km &hellip; <a href=\"https:\/\/brigetiosport.hu\/wordpress\/2017\/05\/03\/tour-de-ajka\/\" class=\"more-link\"><span class=\"screen-reader-text\">&#8222;Tour de Ajka&#8221;<\/span> b\u0151vebben<\/a><\/p>\n","protected":false},"author":3,"featured_media":0,"comment_status":"closed","ping_status":"closed","sticky":false,"template":"","format":"standard","meta":{"footnotes":""},"categories":[6,3],"tags":[],"_links":{"self":[{"href":"https:\/\/brigetiosport.hu\/wordpress\/wp-json\/wp\/v2\/posts\/562"}],"collection":[{"href":"https:\/\/brigetiosport.hu\/wordpress\/wp-json\/wp\/v2\/posts"}],"about":[{"href":"https:\/\/brigetiosport.hu\/wordpress\/wp-json\/wp\/v2\/types\/post"}],"author":[{"embeddable":true,"href":"https:\/\/brigetiosport.hu\/wordpress\/wp-json\/wp\/v2\/users\/3"}],"replies":[{"embeddable":true,"href":"https:\/\/brigetiosport.hu\/wordpress\/wp-json\/wp\/v2\/comments?post=562"}],"version-history":[{"count":1,"href":"https:\/\/brigetiosport.hu\/wordpress\/wp-json\/wp\/v2\/posts\/562\/revisions"}],"predecessor-version":[{"id":565,"href":"https:\/\/brigetiosport.hu\/wordpress\/wp-json\/wp\/v2\/posts\/562\/revisions\/565"}],"wp:attachment":[{"href":"https:\/\/brigetiosport.hu\/wordpress\/wp-json\/wp\/v2\/media?parent=562"}],"wp:term":[{"taxonomy":"category","embeddable":true,"href":"https:\/\/brigetiosport.hu\/wordpress\/wp-json\/wp\/v2\/categories?post=562"},{"taxonomy":"post_tag","embeddable":true,"href":"https:\/\/brigetiosport.hu\/wordpress\/wp-json\/wp\/v2\/tags?post=562"}],"curies":[{"name":"wp","href":"https:\/\/api.w.org\/{rel}","templated":true}]}}