{"id":528,"date":"2017-04-30T19:45:24","date_gmt":"2017-04-30T18:45:24","guid":{"rendered":"http:\/\/brigetiosport.hu\/wordpress\/?p=528"},"modified":"2017-04-30T19:45:24","modified_gmt":"2017-04-30T18:45:24","slug":"3-helyszinen-18-fovel-versenyeztunk","status":"publish","type":"post","link":"https:\/\/brigetiosport.hu\/wordpress\/2017\/04\/30\/3-helyszinen-18-fovel-versenyeztunk\/","title":{"rendered":"3 helysz\u00ednen, 18 f\u0151vel versenyezt\u00fcnk"},"content":{"rendered":"<p style=\"text-align: center;\">A mai napon nem csak versenyt szervezt\u00fcnk, egyes\u00fclet\u00fcnk tagjai 3 k\u00fcl\u00f6nb\u00f6z\u0151 megm\u00e9rettet\u00e9sen \u00e1lltak rajthoz!<\/p>\n<p style=\"text-align: center;\"><img loading=\"lazy\" decoding=\"async\" class=\" wp-image-529 alignleft\" src=\"https:\/\/brigetiosport.hu\/wordpress\/wp-content\/uploads\/2017\/04\/18222033_1834088746853054_4169575984137375865_n.jpg\" alt=\"\" width=\"334\" height=\"250\" srcset=\"https:\/\/brigetiosport.hu\/wordpress\/wp-content\/uploads\/2017\/04\/18222033_1834088746853054_4169575984137375865_n.jpg 960w, https:\/\/brigetiosport.hu\/wordpress\/wp-content\/uploads\/2017\/04\/18222033_1834088746853054_4169575984137375865_n-300x225.jpg 300w, https:\/\/brigetiosport.hu\/wordpress\/wp-content\/uploads\/2017\/04\/18222033_1834088746853054_4169575984137375865_n-768x576.jpg 768w\" sizes=\"(max-width: 334px) 85vw, 334px\" \/>\u00a0 D\u00e9lel\u0151tt a <strong>III. Brigetio MTB Maraton -\u00e9s gyermekversenyen 11 f\u0151vel<\/strong> k\u00e9pviselt\u00fck csapatunkat, azonban err\u0151l a versenyr\u0151l k\u00e9sz\u00fclt cikkben r\u00e9szletesen besz\u00e1molunk.<\/p>\n<p style=\"text-align: center;\">A saj\u00e1t szervez\u00e9s\u0171 versennyel egyid\u0151ben a Magyar Ker\u00e9kp\u00e1ros Amat\u0151r Bajnoks\u00e1g 4. fordul\u00f3j\u00e1t rendezt\u00e9k <strong>P\u00e9tf\u00fcrd\u0151n<\/strong>, ahol 21 km-es dimbes-dombos p\u00e1ly\u00e1n m\u00e9rt\u00e9k \u00f6ssze erej\u00fcket az orsz\u00e1g\u00fati bring\u00e1sok. Egyes\u00fclet\u00fcnket tek<span class=\"text_exposed_show\">intve ifj. H\u00e9regi P\u00e9ter volt a leggyorsabb, aki 37-<\/span><span class=\"text_exposed_show\">es \u00e1tlagot has\u00edtva U19 koroszt\u00e1lyban a 2. helyen \u00e9rt c\u00e9lba! <\/span><\/p>\n<figure id=\"attachment_530\" aria-describedby=\"caption-attachment-530\" style=\"width: 450px\" class=\"wp-caption aligncenter\"><img loading=\"lazy\" decoding=\"async\" class=\"wp-image-530\" src=\"https:\/\/brigetiosport.hu\/wordpress\/wp-content\/uploads\/2017\/04\/18199123_1834088753519720_5340510057959771562_n.jpg\" alt=\"\" width=\"450\" height=\"338\" srcset=\"https:\/\/brigetiosport.hu\/wordpress\/wp-content\/uploads\/2017\/04\/18199123_1834088753519720_5340510057959771562_n.jpg 960w, https:\/\/brigetiosport.hu\/wordpress\/wp-content\/uploads\/2017\/04\/18199123_1834088753519720_5340510057959771562_n-300x225.jpg 300w, https:\/\/brigetiosport.hu\/wordpress\/wp-content\/uploads\/2017\/04\/18199123_1834088753519720_5340510057959771562_n-768x576.jpg 768w\" sizes=\"(max-width: 450px) 85vw, 450px\" \/><figcaption id=\"caption-attachment-530\" class=\"wp-caption-text\">Ifj. Papp Mih\u00e1ly U19 &#8211; 2. hely<\/figcaption><\/figure>\n<p style=\"text-align: center;\"><span class=\"text_exposed_show\">Csere Lajos master korcsoportban a 18., m\u00edg Papp Mih\u00e1ly a 28. helyen z\u00e1rta a versenyt. A h\u00f6lgyek verseny\u00e9ben Fail Bogl\u00e1rka \u00e9pphogy lecs\u00faszva a dobog\u00f3r\u00f3l a n\u0151i elit 4. helyez\u00e9st \u00e9rt el. Ifj. Papp Mih\u00e1ly is nagyon \u00fcgyesen szerepelt, az U13-as korcsoportban a dobog\u00f3 legals\u00f3 fok\u00e1ra \u00e1llhatott fel!<\/span><\/p>\n<figure id=\"attachment_531\" aria-describedby=\"caption-attachment-531\" style=\"width: 450px\" class=\"wp-caption aligncenter\"><img loading=\"lazy\" decoding=\"async\" class=\"wp-image-531\" src=\"https:\/\/brigetiosport.hu\/wordpress\/wp-content\/uploads\/2017\/04\/18222667_1834088756853053_9083987281519081597_n.jpg\" alt=\"\" width=\"450\" height=\"338\" srcset=\"https:\/\/brigetiosport.hu\/wordpress\/wp-content\/uploads\/2017\/04\/18222667_1834088756853053_9083987281519081597_n.jpg 960w, https:\/\/brigetiosport.hu\/wordpress\/wp-content\/uploads\/2017\/04\/18222667_1834088756853053_9083987281519081597_n-300x225.jpg 300w, https:\/\/brigetiosport.hu\/wordpress\/wp-content\/uploads\/2017\/04\/18222667_1834088756853053_9083987281519081597_n-768x576.jpg 768w\" sizes=\"(max-width: 450px) 85vw, 450px\" \/><figcaption id=\"caption-attachment-531\" class=\"wp-caption-text\">Ifj. Papp Mih\u00e1ly a dobog\u00f3 als\u00f3 fok\u00e1n<\/figcaption><\/figure>\n<div class=\"text_exposed_show\">\n<p style=\"text-align: center;\">R\u00e9szletes eredm\u00e9nyek:<br \/>\n<a href=\"http:\/\/www.bakonybike.hu\/wp-content\/uploads\/2017\/04\/abs2017.pdf\" target=\"_blank\" rel=\"nofollow noopener noreferrer\">http:\/\/www.bakonybike.hu\/wp-content\/uploads\/\u2026\/04\/abs2017.pdf<\/a><\/p>\n<figure id=\"attachment_532\" aria-describedby=\"caption-attachment-532\" style=\"width: 401px\" class=\"wp-caption alignleft\"><img loading=\"lazy\" decoding=\"async\" class=\"wp-image-532\" src=\"https:\/\/brigetiosport.hu\/wordpress\/wp-content\/uploads\/2017\/04\/IMG_20170430_142807-1024x576.jpg\" alt=\"\" width=\"401\" height=\"226\" srcset=\"https:\/\/brigetiosport.hu\/wordpress\/wp-content\/uploads\/2017\/04\/IMG_20170430_142807.jpg 1024w, https:\/\/brigetiosport.hu\/wordpress\/wp-content\/uploads\/2017\/04\/IMG_20170430_142807-300x169.jpg 300w, https:\/\/brigetiosport.hu\/wordpress\/wp-content\/uploads\/2017\/04\/IMG_20170430_142807-768x432.jpg 768w\" sizes=\"(max-width: 401px) 85vw, 401px\" \/><figcaption id=\"caption-attachment-532\" class=\"wp-caption-text\">Tour de Ajka rajt-c\u00e9lter\u00fclet<\/figcaption><\/figure>\n<p style=\"text-align: center;\">D\u00e9lut\u00e1n a k\u00e9t szakaszos <strong>Tour de Ajka<\/strong> is elrajtolt, ahol Krebsz J\u00f3zsef \u00e9s Gregor Zolt\u00e1n \u00e1lltak rajthoz. Az <strong>1. szakasz<\/strong> &#8222;bemeleg\u00edt\u0151&#8221; 5 km-es egyenk\u00e9nti ind\u00edt\u00e1s\u00fa id\u0151futammal kezd\u0151d\u00f6tt Ajka belv\u00e1ros\u00e1ban. A versenyz\u0151k a nagyon sz\u00e9pen kialak\u00edtott rajtter\u00fcletr\u0151l, emelv\u00e9nyr\u0151l rajtoltak el, majd 2,5 km megt\u00e9tel\u00e9t k\u00f6vet\u0151en j\u00f6hetett a ford\u00edt\u00f3. A p\u00e1ly\u00e1t csup\u00e1n egy k\u00f6rforgalom nehez\u00edtette, melyen oda \u00e9s vissza fele is \u00e1t kellett haladni. A 105 r\u00e9sztvev\u0151b\u0151l Gregor Zolt\u00e1n abszol\u00fat 50., K2 korcsoport 15. helyen, m\u00edg Krebsz J\u00f3zsef abszol\u00fat 81., K3 korcsoport 46. helyen \u00e9rtek c\u00e9lba! Gregor Zolt\u00e1n 1:12, m\u00edg Krebsz J\u00f3zsef 1:44 h\u00e1tr\u00e1nnyal kezdhetik a holnapi 60 km-es mez\u0151nyversenyt!<\/p>\n<p style=\"text-align: center;\">\n<p style=\"text-align: center;\">Eredm\u00e9nyek: <a href=\"http:\/\/live.darktiming.hu\/event\/9066\/1\" target=\"_blank\" rel=\"nofollow noopener noreferrer\">http:\/\/live.darktiming.hu\/event\/9066\/1<\/a><\/p>\n<\/div>\n","protected":false},"excerpt":{"rendered":"<p>A mai napon nem csak versenyt szervezt\u00fcnk, egyes\u00fclet\u00fcnk tagjai 3 k\u00fcl\u00f6nb\u00f6z\u0151 megm\u00e9rettet\u00e9sen \u00e1lltak rajthoz! \u00a0 D\u00e9lel\u0151tt a III. Brigetio MTB Maraton -\u00e9s gyermekversenyen 11 f\u0151vel k\u00e9pviselt\u00fck csapatunkat, azonban err\u0151l a versenyr\u0151l k\u00e9sz\u00fclt cikkben r\u00e9szletesen besz\u00e1molunk. A saj\u00e1t szervez\u00e9s\u0171 versennyel egyid\u0151ben a Magyar Ker\u00e9kp\u00e1ros Amat\u0151r Bajnoks\u00e1g 4. fordul\u00f3j\u00e1t rendezt\u00e9k P\u00e9tf\u00fcrd\u0151n, ahol 21 km-es dimbes-dombos p\u00e1ly\u00e1n m\u00e9rt\u00e9k &hellip; <a href=\"https:\/\/brigetiosport.hu\/wordpress\/2017\/04\/30\/3-helyszinen-18-fovel-versenyeztunk\/\" class=\"more-link\"><span class=\"screen-reader-text\">&#8222;3 helysz\u00ednen, 18 f\u0151vel versenyezt\u00fcnk&#8221;<\/span> b\u0151vebben<\/a><\/p>\n","protected":false},"author":3,"featured_media":0,"comment_status":"closed","ping_status":"closed","sticky":false,"template":"","format":"standard","meta":{"footnotes":""},"categories":[1],"tags":[],"_links":{"self":[{"href":"https:\/\/brigetiosport.hu\/wordpress\/wp-json\/wp\/v2\/posts\/528"}],"collection":[{"href":"https:\/\/brigetiosport.hu\/wordpress\/wp-json\/wp\/v2\/posts"}],"about":[{"href":"https:\/\/brigetiosport.hu\/wordpress\/wp-json\/wp\/v2\/types\/post"}],"author":[{"embeddable":true,"href":"https:\/\/brigetiosport.hu\/wordpress\/wp-json\/wp\/v2\/users\/3"}],"replies":[{"embeddable":true,"href":"https:\/\/brigetiosport.hu\/wordpress\/wp-json\/wp\/v2\/comments?post=528"}],"version-history":[{"count":1,"href":"https:\/\/brigetiosport.hu\/wordpress\/wp-json\/wp\/v2\/posts\/528\/revisions"}],"predecessor-version":[{"id":533,"href":"https:\/\/brigetiosport.hu\/wordpress\/wp-json\/wp\/v2\/posts\/528\/revisions\/533"}],"wp:attachment":[{"href":"https:\/\/brigetiosport.hu\/wordpress\/wp-json\/wp\/v2\/media?parent=528"}],"wp:term":[{"taxonomy":"category","embeddable":true,"href":"https:\/\/brigetiosport.hu\/wordpress\/wp-json\/wp\/v2\/categories?post=528"},{"taxonomy":"post_tag","embeddable":true,"href":"https:\/\/brigetiosport.hu\/wordpress\/wp-json\/wp\/v2\/tags?post=528"}],"curies":[{"name":"wp","href":"https:\/\/api.w.org\/{rel}","templated":true}]}}