{"id":522,"date":"2017-04-30T16:03:18","date_gmt":"2017-04-30T15:03:18","guid":{"rendered":"http:\/\/brigetiosport.hu\/wordpress\/?p=522"},"modified":"2017-05-08T19:45:57","modified_gmt":"2017-05-08T18:45:57","slug":"iii-brigetio-maraton-eredmenyek","status":"publish","type":"post","link":"https:\/\/brigetiosport.hu\/wordpress\/2017\/04\/30\/iii-brigetio-maraton-eredmenyek\/","title":{"rendered":"Kov\u00e1cs Gy\u0151z\u0151 \u00f3ri\u00e1si temp\u00f3val nyerte a III. Brigetio MTB Maratont!"},"content":{"rendered":"<p style=\"text-align: center;\">91 f\u0151 r\u00e9szv\u00e9tel\u00e9vel zajlott vas\u00e1rnap a<strong> III. Brigetio MTB Maraton -\u00e9s gyermekversenyek<\/strong> rendezv\u00e9ny\u00fcnk, melynek id\u00e9n is a Monostori Er\u0151d adott otthont!<\/p>\n<p style=\"text-align: center;\">Az elm\u00falt napok es\u0151s id\u0151j\u00e1r\u00e1sa \u00e9s az el\u0151rejelz\u00e9sek alapj\u00e1n sem sz\u00e1m\u00edthattak a bring\u00e1sok j\u00f3 id\u0151re, de a verseny napj\u00e1ra kitisztult az \u00e9g, kis\u00fct\u00f6tt a nap \u00e9s a h\u0151m\u00e9rs\u00e9klet is felmelegedett, egysz\u00f3val minden adott volt egy d\u00e9lel\u0151tti verseng\u00e9shez! Mi szervez\u0151k is pr\u00f3b\u00e1ltunk v\u00e1ltozatos rajtcsomagot \u00f6ssze\u00e1ll\u00edtani, minden maratonon r\u00e9sztvev\u0151nek egyes\u00fclet\u00fcnk kulacs\u00e1t tov\u00e1bb\u00e1 a <em>www.nutridepo.hu<\/em> j\u00f3volt\u00e1b\u00f3l <em>1 db Science is Sport<\/em> energy g\u00e9lt aj\u00e1nd\u00e9koztunk.<\/p>\n<figure id=\"attachment_538\" aria-describedby=\"caption-attachment-538\" style=\"width: 840px\" class=\"wp-caption aligncenter\"><img loading=\"lazy\" decoding=\"async\" class=\"wp-image-538 size-large\" src=\"https:\/\/brigetiosport.hu\/wordpress\/wp-content\/uploads\/2017\/04\/DSC02141-1024x576.jpg\" alt=\"\" width=\"840\" height=\"473\" srcset=\"https:\/\/brigetiosport.hu\/wordpress\/wp-content\/uploads\/2017\/04\/DSC02141.jpg 1024w, https:\/\/brigetiosport.hu\/wordpress\/wp-content\/uploads\/2017\/04\/DSC02141-300x169.jpg 300w, https:\/\/brigetiosport.hu\/wordpress\/wp-content\/uploads\/2017\/04\/DSC02141-768x432.jpg 768w\" sizes=\"(max-width: 709px) 85vw, (max-width: 909px) 67vw, (max-width: 1362px) 62vw, 840px\" \/><figcaption id=\"caption-attachment-538\" class=\"wp-caption-text\">III. Brigetio MTB Maraton rajt<\/figcaption><\/figure>\n<figure id=\"attachment_539\" aria-describedby=\"caption-attachment-539\" style=\"width: 350px\" class=\"wp-caption alignleft\"><img loading=\"lazy\" decoding=\"async\" class=\"wp-image-539\" src=\"https:\/\/brigetiosport.hu\/wordpress\/wp-content\/uploads\/2017\/04\/DSC02165-1024x576.jpg\" alt=\"\" width=\"350\" height=\"197\" srcset=\"https:\/\/brigetiosport.hu\/wordpress\/wp-content\/uploads\/2017\/04\/DSC02165.jpg 1024w, https:\/\/brigetiosport.hu\/wordpress\/wp-content\/uploads\/2017\/04\/DSC02165-300x169.jpg 300w, https:\/\/brigetiosport.hu\/wordpress\/wp-content\/uploads\/2017\/04\/DSC02165-768x432.jpg 768w\" sizes=\"(max-width: 350px) 85vw, 350px\" \/><figcaption id=\"caption-attachment-539\" class=\"wp-caption-text\">Verseny az ellenlejt\u0151n<\/figcaption><\/figure>\n<p style=\"text-align: center;\">D\u00e9lel\u0151tt 10 \u00f3rakor k\u00f6z\u00f6s rajttal v\u00e1gtak neki a montisok a 33 km-es p\u00e1ly\u00e1nak, amely igaz sok szintet nem tartalmaz, azonban pihenni sem hagyja a bring\u00e1sokat. A rajt ut\u00e1ni pillanatok igaz\u00e1n fontos annak aki nyerni akar, a Monostori Er\u0151d ellenlejt\u0151n kialak\u00edtott k\u00f6rp\u00e1ly\u00e1n minden poz\u00edci\u00f3\u00e9rt meg kell k\u00fczdeni, aki egy lassabb versenyz\u0151 m\u00f6g\u00e9 beszorul jelent\u0151s h\u00e1tr\u00e1nyt is \u00f6sszeszedhet az \u00e9len l\u00e9v\u0151kh\u00f6z k\u00e9pest.\u00a0 A rajtot k\u00f6vet\u0151en m\u00e1r kij\u00f6ttek az er\u0151k\u00fcl\u00f6nbs\u00e9gek, <strong>Kov\u00e1cs Gy\u0151z\u0151<\/strong> m\u00e1r a verseny kezdet\u00e9n elszakadt a mez\u0151nyt\u0151l \u00e9s folyamatosan n\u00f6velte el\u0151ny\u00e9t az \u00fcld\u00f6z\u0151 csoportt\u00f3l, melyet <strong>Fekete Zsolt (Bakony Racing Team)<\/strong>, <strong>Kurdi Istv\u00e1n (C.K. Piko Bike), D\u00e9k\u00e1ny Tam\u00e1s (Fender), Kov\u00e1cs Norbert<\/strong> alkottak.<\/p>\n<figure id=\"attachment_540\" aria-describedby=\"caption-attachment-540\" style=\"width: 350px\" class=\"wp-caption alignleft\"><img loading=\"lazy\" decoding=\"async\" class=\"wp-image-540\" src=\"https:\/\/brigetiosport.hu\/wordpress\/wp-content\/uploads\/2017\/04\/DSC02500-1024x576.jpg\" alt=\"\" width=\"350\" height=\"197\" srcset=\"https:\/\/brigetiosport.hu\/wordpress\/wp-content\/uploads\/2017\/04\/DSC02500.jpg 1024w, https:\/\/brigetiosport.hu\/wordpress\/wp-content\/uploads\/2017\/04\/DSC02500-300x169.jpg 300w, https:\/\/brigetiosport.hu\/wordpress\/wp-content\/uploads\/2017\/04\/DSC02500-768x432.jpg 768w\" sizes=\"(max-width: 350px) 85vw, 350px\" \/><figcaption id=\"caption-attachment-540\" class=\"wp-caption-text\">Kurdi Istv\u00e1n, Kov\u00e1cs Gy\u0151z\u0151, Fekete Zsolt (balr\u00f3l jobbra)<\/figcaption><\/figure>\n<figure id=\"attachment_542\" aria-describedby=\"caption-attachment-542\" style=\"width: 350px\" class=\"wp-caption alignleft\"><img loading=\"lazy\" decoding=\"async\" class=\"wp-image-542\" src=\"https:\/\/brigetiosport.hu\/wordpress\/wp-content\/uploads\/2017\/04\/DSC02499-1024x576.jpg\" alt=\"\" width=\"350\" height=\"197\" srcset=\"https:\/\/brigetiosport.hu\/wordpress\/wp-content\/uploads\/2017\/04\/DSC02499.jpg 1024w, https:\/\/brigetiosport.hu\/wordpress\/wp-content\/uploads\/2017\/04\/DSC02499-300x169.jpg 300w, https:\/\/brigetiosport.hu\/wordpress\/wp-content\/uploads\/2017\/04\/DSC02499-768x432.jpg 768w\" sizes=\"(max-width: 350px) 85vw, 350px\" \/><figcaption id=\"caption-attachment-542\" class=\"wp-caption-text\">Csiba Ildik\u00f3, Farkas Szilvia, Kardos N\u00f3ra (balr\u00f3l jobbra)<\/figcaption><\/figure>\n<p style=\"text-align: center;\"><strong>Kov\u00e1cs Gy\u0151z\u0151<\/strong> v\u00e9g\u00fcl eg\u00e9szen \u00f3ri\u00e1si <strong>1:15:55<\/strong> menetid\u0151vel megnyerte a <strong>III. Brigetio MTB Maratont<\/strong>! A m\u00e1r eml\u00edtett \u00fcld\u00f6z\u0151 csoportb\u00f3l 1 perc 19 m\u00e1sodperces h\u00e1tr\u00e1nnyal m\u00e1sodik helyen <strong>Fekete Zsolt (Bakony Racing Team)<\/strong>, a harmadik helyen <strong>Kurdi Istv\u00e1n (C.K. Piko Bike)<\/strong> \u00e9rt c\u00e9lba! A n\u0151k verseny\u00e9t 1:45:03 menetid\u0151vel <strong>Farkas Szilvia (C.K. Piko Bike)<\/strong> nyerte meg <strong>Kardos N\u00f3ra<\/strong> \u00e9s <strong>Csiba Ildik\u00f3 (C.K. Piko Bike)<\/strong> el\u0151tt!<\/p>\n<p style=\"text-align: center;\"><em>Egyes\u00fclet\u00fcnket 11 f\u0151 k\u00e9pviselte a versenyen, sz\u00e9p eredm\u00e9nyeket el\u00e9rve.<\/em><br \/>\n<em>&#8211; Kolozsv\u00e1ry Szil\u00e1rd: bukott az ellenlejt\u0151n, elt\u00f6r\u00f6tt a korm\u00e1nya, ez\u00e9rt feladni k\u00e9nyszer\u00fclt a versenyt<\/em><\/p>\n<figure id=\"attachment_541\" aria-describedby=\"caption-attachment-541\" style=\"width: 840px\" class=\"wp-caption alignright\"><img loading=\"lazy\" decoding=\"async\" class=\"wp-image-541 size-large\" src=\"https:\/\/brigetiosport.hu\/wordpress\/wp-content\/uploads\/2017\/04\/DSC02340-1024x576.jpg\" alt=\"\" width=\"840\" height=\"473\" srcset=\"https:\/\/brigetiosport.hu\/wordpress\/wp-content\/uploads\/2017\/04\/DSC02340.jpg 1024w, https:\/\/brigetiosport.hu\/wordpress\/wp-content\/uploads\/2017\/04\/DSC02340-300x169.jpg 300w, https:\/\/brigetiosport.hu\/wordpress\/wp-content\/uploads\/2017\/04\/DSC02340-768x432.jpg 768w\" sizes=\"(max-width: 709px) 85vw, (max-width: 909px) 67vw, (max-width: 1362px) 62vw, 840px\" \/><figcaption id=\"caption-attachment-541\" class=\"wp-caption-text\">Nagy S\u00e1ndor Attila tagunk befut\u00f3ja<\/figcaption><\/figure>\n<p style=\"text-align: center;\"><em>&#8211; Gelle Ol\u00edvia: n\u0151i serd\u00fcl\u0151 2. hely<\/em><br \/>\n<em>&#8211; Orot Bence: f\u00e9rfi serd\u00fcl\u0151 1. hely<\/em><br \/>\n<em>&#8211; Eisemann R\u00f3bert: f\u00e9rfi master 4. hely<\/em><br \/>\n<em>&#8211; T\u00f3th Viktor: f\u00e9rfi master 8. hely<\/em><br \/>\n<em>&#8211; Fekete N\u00f3ra: n\u0151i master 4. hely<\/em><br \/>\n<em>&#8211; Nagy S\u00e1ndor Attila: f\u00e9rfi master2 6. hely<\/em><br \/>\n<em>&#8211; Szili Ferenc: f\u00e9rfi master2 15. hely<\/em><br \/>\n<em>&#8211; Ag\u00f3cs G\u00e1bor: f\u00e9rfi master3 7. hely<\/em><br \/>\n<em>&#8211; Csintalan Mikl\u00f3s: f\u00e9rfi master4 1. hely<\/em><br \/>\n<em>&#8211; N\u00e9meth Zolt\u00e1n: f\u00e9rfi master4 2. hely<\/em><\/p>\n<p style=\"text-align: center;\">Az abszol\u00fat f\u00e9rfi-n\u0151i dobog\u00f3s helyezettek gy\u00f6ny\u00f6r\u0171, k\u00e9zm\u0171ves mester \u00e1ltal k\u00e9sz\u00edtett d\u00edjat, a leggyorsabb f\u00e9rfi \u00e9s n\u0151 1-1 vacsora utalv\u00e1nyt vehetett \u00e1t a <strong>BOSS-CO Pizz\u00e9ria<\/strong> felaj\u00e1nl\u00e1s\u00e1b\u00f3l. Helyezettjeinknek a <strong>Kom\u00e1romi Teremgokart<\/strong> p\u00e1lya 10 perces gokartoz\u00e1st, a <strong>Brigeto Gy\u00f3gyf\u00fcrd\u0151<\/strong> strandbel\u00e9p\u0151ket aj\u00e1nlott fel.<\/p>\n<p style=\"text-align: center;\">Ezen a napon a gyermekek is belek\u00f3stolhattak a ker\u00e9kp\u00e1rverseny hangulat\u00e1ba, r\u00e9sz\u00fckre a Monostori Er\u0151dben kialak\u00edtott k\u00f6rp\u00e1ly\u00e1n szervezt\u00fcnk gyermekversenyt, ahol 1 vagy 3 k\u00f6rt kellett teljes\u00edteni koroszt\u00e1lyt\u00f3l f\u00fcgg\u0151en.<\/p>\n<figure id=\"attachment_543\" aria-describedby=\"caption-attachment-543\" style=\"width: 840px\" class=\"wp-caption aligncenter\"><img loading=\"lazy\" decoding=\"async\" class=\"wp-image-543 size-large\" src=\"https:\/\/brigetiosport.hu\/wordpress\/wp-content\/uploads\/2017\/04\/IMG_20170430_101312-1024x576.jpg\" alt=\"\" width=\"840\" height=\"473\" srcset=\"https:\/\/brigetiosport.hu\/wordpress\/wp-content\/uploads\/2017\/04\/IMG_20170430_101312.jpg 1024w, https:\/\/brigetiosport.hu\/wordpress\/wp-content\/uploads\/2017\/04\/IMG_20170430_101312-300x169.jpg 300w, https:\/\/brigetiosport.hu\/wordpress\/wp-content\/uploads\/2017\/04\/IMG_20170430_101312-768x432.jpg 768w\" sizes=\"(max-width: 709px) 85vw, (max-width: 909px) 67vw, (max-width: 1362px) 62vw, 840px\" \/><figcaption id=\"caption-attachment-543\" class=\"wp-caption-text\">A gyerekek is egym\u00e1snak fesz\u00fcltek<\/figcaption><\/figure>\n<p style=\"text-align: center;\">Let\u00f6lthet\u0151 eredm\u00e9nyek: <a href=\"https:\/\/brigetiosport.hu\/wordpress\/?media_dl=524\">xlsx<\/a><\/p>\n<p style=\"text-align: center;\">Tov\u00e1bbi k\u00e9pek: <a href=\"https:\/\/drive.google.com\/drive\/folders\/0B_Jw2oV2GVH6M2UtLWJQQXk5Q28?usp=sharing\" target=\"_blank\" rel=\"noopener noreferrer\">LINK<\/a><\/p>\n<figure id=\"attachment_544\" aria-describedby=\"caption-attachment-544\" style=\"width: 840px\" class=\"wp-caption aligncenter\"><img loading=\"lazy\" decoding=\"async\" class=\"wp-image-544 size-large\" src=\"https:\/\/brigetiosport.hu\/wordpress\/wp-content\/uploads\/2017\/04\/DSC02507-1024x576.jpg\" alt=\"\" width=\"840\" height=\"473\" srcset=\"https:\/\/brigetiosport.hu\/wordpress\/wp-content\/uploads\/2017\/04\/DSC02507.jpg 1024w, https:\/\/brigetiosport.hu\/wordpress\/wp-content\/uploads\/2017\/04\/DSC02507-300x169.jpg 300w, https:\/\/brigetiosport.hu\/wordpress\/wp-content\/uploads\/2017\/04\/DSC02507-768x432.jpg 768w\" sizes=\"(max-width: 709px) 85vw, (max-width: 909px) 67vw, (max-width: 1362px) 62vw, 840px\" \/><figcaption id=\"caption-attachment-544\" class=\"wp-caption-text\">Gratul\u00e1lunk a helyezetteknek!<\/figcaption><\/figure>\n<p style=\"text-align: center;\">Rendezv\u00e9ny\u00fcnkh\u00f6z jelent\u0151sen hozz\u00e1j\u00e1rult az <strong>Ireks Stamag Kft.<\/strong>, senkit sem hagytak \u00e9hesen, zs\u00edroskeny\u00e9rrel \u00e9s s\u00fctem\u00e9nnyel l\u00e1tt\u00e1k el a r\u00e9sztvev\u0151ket! Az<strong> Ireks Stamag Kft<\/strong>-nek k\u00f6sz\u00f6nhetj\u00fck a nagyszer\u0171, sz\u00e9l\u00e1ll\u00f3 rendezv\u00e9nys\u00e1trat is, emellett k\u00f6sz\u00f6net\u00fcnket szeretn\u00e9k kifejezni az egyes\u00fclet\u00fcnknek k\u00e9sz\u00edtett 4 db strandz\u00e1szl\u00f3\u00e9rt is!<\/p>\n<figure id=\"attachment_545\" aria-describedby=\"caption-attachment-545\" style=\"width: 840px\" class=\"wp-caption aligncenter\"><img loading=\"lazy\" decoding=\"async\" class=\"wp-image-545 size-large\" src=\"https:\/\/brigetiosport.hu\/wordpress\/wp-content\/uploads\/2017\/04\/DSC02251-1024x576.jpg\" alt=\"\" width=\"840\" height=\"473\" srcset=\"https:\/\/brigetiosport.hu\/wordpress\/wp-content\/uploads\/2017\/04\/DSC02251.jpg 1024w, https:\/\/brigetiosport.hu\/wordpress\/wp-content\/uploads\/2017\/04\/DSC02251-300x169.jpg 300w, https:\/\/brigetiosport.hu\/wordpress\/wp-content\/uploads\/2017\/04\/DSC02251-768x432.jpg 768w\" sizes=\"(max-width: 709px) 85vw, (max-width: 909px) 67vw, (max-width: 1362px) 62vw, 840px\" \/><figcaption id=\"caption-attachment-545\" class=\"wp-caption-text\">Mi \u00e9s \u0151k is nagyon k\u00f6sz\u00f6nj\u00fck Ireks Stamag, mind elfogyott! \ud83d\ude42<\/figcaption><\/figure>\n<p style=\"text-align: center;\">A kiv\u00e1l\u00f3 min\u0151s\u00e9g\u0171 rajtsz\u00e1mokat, okleveleket, eml\u00e9klapokat a <strong>DP COPY<\/strong>-nak k\u00f6sz\u00f6nj\u00fck!<\/p>\n<p style=\"text-align: center;\">T\u00e1mogat\u00f3inknak nagyon k\u00f6sz\u00f6nj\u00fck a vagyoni \u00e9s egy\u00e9b hozz\u00e1j\u00e1rul\u00e1st, n\u00e9lk\u00fcl\u00fck ez a rendezv\u00e9ny nem val\u00f3sulhatott volna meg!<\/p>\n<p style=\"text-align: center;\"><strong>K\u00d6SZ\u00d6NJ\u00dcK!<\/strong><br \/>\n&#8211; Kom\u00e1rom V\u00e1ros \u00d6nkorm\u00e1nyzat<br \/>\n&#8211; Water Seal<br \/>\n&#8211; TibiZ\u00e1r<br \/>\n&#8211; Hartmann Hungary<br \/>\n&#8211; Monaco K\u00e1v\u00e9z\u00f3<br \/>\n&#8211; Ireks Stamag (rendezv\u00e9nys\u00e1tor, zs\u00edroskeny\u00e9r, s\u00fctem\u00e9ny, strandz\u00e1szl\u00f3)<br \/>\n&#8211; Teremgokart Kom\u00e1rom (30% kedvezm\u00e9ny a Teremgokart p\u00e1ly\u00e1n minden indul\u00f3nak, 20 db 10 perces gokartoz\u00e1s bel\u00e9p\u0151jegy)<br \/>\n&#8211; Boss-Co Kom\u00e1rom (50% kedvezm\u00e9ny a rajtsz\u00e1m felmutat\u00f3j\u00e1nak + 2 f\u0151nek a helyben fogyasztott pizz\u00e1k \u00e1r\u00e1b\u00f3l, 2 db vacsorautalv\u00e1ny)<br \/>\n&#8211; DP Copy (rajtsz\u00e1m, oklev\u00e9l, eml\u00e9klap, plak\u00e1t)<br \/>\n&#8211; Nutridepo, a bajnokok ell\u00e1t\u00f3ja (Science in Sport energy gel)<br \/>\n&#8211; Brigetio Gy\u00f3gyf\u00fcrd\u0151 (bel\u00e9p\u0151jegy)<br \/>\n&#8211; Herczeg B\u00e1lint grafikus (grafikai munk\u00e1k elk\u00e9sz\u00edt\u00e9se)<\/p>\n<p style=\"text-align: center;\">Tagjainknak, seg\u00edt\u0151inknek k\u00f6sz\u00f6nj\u00fck a rengeteg munk\u00e1t, aminek k\u00f6sz\u00f6nhet\u0151en ezt a rendezv\u00e9nyt megszervezhett\u00fck!<\/p>\n","protected":false},"excerpt":{"rendered":"<p>91 f\u0151 r\u00e9szv\u00e9tel\u00e9vel zajlott vas\u00e1rnap a III. Brigetio MTB Maraton -\u00e9s gyermekversenyek rendezv\u00e9ny\u00fcnk, melynek id\u00e9n is a Monostori Er\u0151d adott otthont! Az elm\u00falt napok es\u0151s id\u0151j\u00e1r\u00e1sa \u00e9s az el\u0151rejelz\u00e9sek alapj\u00e1n sem sz\u00e1m\u00edthattak a bring\u00e1sok j\u00f3 id\u0151re, de a verseny napj\u00e1ra kitisztult az \u00e9g, kis\u00fct\u00f6tt a nap \u00e9s a h\u0151m\u00e9rs\u00e9klet is felmelegedett, egysz\u00f3val minden adott volt &hellip; <a href=\"https:\/\/brigetiosport.hu\/wordpress\/2017\/04\/30\/iii-brigetio-maraton-eredmenyek\/\" class=\"more-link\"><span class=\"screen-reader-text\">&#8222;Kov\u00e1cs Gy\u0151z\u0151 \u00f3ri\u00e1si temp\u00f3val nyerte a III. Brigetio MTB Maratont!&#8221;<\/span> b\u0151vebben<\/a><\/p>\n","protected":false},"author":3,"featured_media":0,"comment_status":"closed","ping_status":"closed","sticky":false,"template":"","format":"standard","meta":{"footnotes":""},"categories":[8],"tags":[],"_links":{"self":[{"href":"https:\/\/brigetiosport.hu\/wordpress\/wp-json\/wp\/v2\/posts\/522"}],"collection":[{"href":"https:\/\/brigetiosport.hu\/wordpress\/wp-json\/wp\/v2\/posts"}],"about":[{"href":"https:\/\/brigetiosport.hu\/wordpress\/wp-json\/wp\/v2\/types\/post"}],"author":[{"embeddable":true,"href":"https:\/\/brigetiosport.hu\/wordpress\/wp-json\/wp\/v2\/users\/3"}],"replies":[{"embeddable":true,"href":"https:\/\/brigetiosport.hu\/wordpress\/wp-json\/wp\/v2\/comments?post=522"}],"version-history":[{"count":12,"href":"https:\/\/brigetiosport.hu\/wordpress\/wp-json\/wp\/v2\/posts\/522\/revisions"}],"predecessor-version":[{"id":551,"href":"https:\/\/brigetiosport.hu\/wordpress\/wp-json\/wp\/v2\/posts\/522\/revisions\/551"}],"wp:attachment":[{"href":"https:\/\/brigetiosport.hu\/wordpress\/wp-json\/wp\/v2\/media?parent=522"}],"wp:term":[{"taxonomy":"category","embeddable":true,"href":"https:\/\/brigetiosport.hu\/wordpress\/wp-json\/wp\/v2\/categories?post=522"},{"taxonomy":"post_tag","embeddable":true,"href":"https:\/\/brigetiosport.hu\/wordpress\/wp-json\/wp\/v2\/tags?post=522"}],"curies":[{"name":"wp","href":"https:\/\/api.w.org\/{rel}","templated":true}]}}