{"id":487,"date":"2017-04-23T07:33:24","date_gmt":"2017-04-23T06:33:24","guid":{"rendered":"http:\/\/brigetiosport.hu\/wordpress\/?p=487"},"modified":"2017-04-23T07:51:06","modified_gmt":"2017-04-23T06:51:06","slug":"sikeres-mez-avatas-a-csarda-turan","status":"publish","type":"post","link":"https:\/\/brigetiosport.hu\/wordpress\/2017\/04\/23\/sikeres-mez-avatas-a-csarda-turan\/","title":{"rendered":"Sikeres mez avat\u00e1s a Cs\u00e1rda-t\u00far\u00e1n"},"content":{"rendered":"\n\t\t<div id='gallery-1' class='gallery galleryid-487 gallery-columns-2 gallery-size-large gal170423'><script type=\"text\/javascript\">\r\n\/\/ <![CDATA[\r\n\tjQuery(document).ready(function () {\r\n\t\tjQuery(\".gal170423 a\").attr(\"rel\",\"gal170423\");\t\r\n\t\tjQuery('a[rel=\"gal170423\"]').colorbox({maxWidth:\"95%\", maxHeight:\"95%\",title: function(){ return jQuery(this).children().attr(\"alt\"); }});\r\n\t});\r\n\/\/ ]]>\r\n<\/script>\n<figure class=\"gallery-item\">\n<div class=\"gallery-icon\">\r\n<a href=\"https:\/\/brigetiosport.hu\/wordpress\/wp-content\/uploads\/2017\/04\/2017_csardatura_1.jpg\" title=\"Id. H\u00e9regi P\u00e9ter a dobog\u00f3n\" rel=\"gal170423\"><img loading=\"lazy\" decoding=\"async\" src=\"https:\/\/brigetiosport.hu\/wordpress\/wp-content\/uploads\/2017\/04\/2017_csardatura_1.jpg\" width=\"840\" height=\"630\" alt=\"Id. H\u00e9regi P\u00e9ter a dobog\u00f3n\" \/><\/a>\r\n<\/div><figcaption class=\"gallery-caption\" id=\"caption490\"><span class=\"imagecaption\">Id. H\u00e9regi P\u00e9ter a dobog\u00f3n<\/span><br \/>\n<\/figcaption><\/figure>\r\n\t\t<\/div>\n\n<p>A mai napon az \u00e9szak-kom\u00e1romi Cs\u00e1rda t\u00far\u00e1n vett r\u00e9sz csapatunk t\u00f6bb tagja, sz\u00e9p eredm\u00e9nyeket el\u00e9rve.<br \/>\nA versenyen a versenyz\u0151k 4 t\u00e1von m\u00e9rhett\u00e9k \u00f6ssze erej\u00fcket.<br \/>\nA Classic 40-\u00e9s t\u00e1von csapatunkat 5 tagunk k\u00e9pviselte. Csintalan Mikl\u00f3s ezen a t\u00e1von kateg\u00f3ri\u00e1j\u00e1ban 1. helyen v\u00e9gzett, m\u00edg N\u00e9meth Zolt\u00e1n a 2. helyen \u00e9rt c\u00e9lba.<br \/>\nFekete N\u00f3ra 4. helyen v\u00e9gzett kateg\u00f3ri\u00e1j\u00e1ban.<br \/>\nId. H\u00e9regi P\u00e9ternek siker\u00fclt megszerezni kateg\u00f3ri\u00e1j\u00e1ban a 2. helyet. Stipsits B\u00e9la az MTB ut\u00e1n orsz\u00e1g\u00fatira v\u00e1ltott, kateg\u00f3r<span class=\"text_exposed_show\">i\u00e1j\u00e1nak 12. hely\u00e9n v\u00e9gzett.<\/span><\/p>\n\n\t\t<div id='gallery-2' class='gallery galleryid-487 gallery-columns-2 gallery-size-medium gal170423'><script type=\"text\/javascript\">\r\n\/\/ <![CDATA[\r\n\tjQuery(document).ready(function () {\r\n\t\tjQuery(\".gal170423 a\").attr(\"rel\",\"gal170423\");\t\r\n\t\tjQuery('a[rel=\"gal170423\"]').colorbox({maxWidth:\"95%\", maxHeight:\"95%\",title: function(){ return jQuery(this).children().attr(\"alt\"); }});\r\n\t});\r\n\/\/ ]]>\r\n<\/script>\n<figure class=\"gallery-item\">\n<div class=\"gallery-icon\">\r\n<a href=\"https:\/\/brigetiosport.hu\/wordpress\/wp-content\/uploads\/2017\/04\/2017_csardatura_4.jpg\" title=\"\" rel=\"gal170423\"><img loading=\"lazy\" decoding=\"async\" src=\"https:\/\/brigetiosport.hu\/wordpress\/wp-content\/uploads\/2017\/04\/2017_csardatura_4-225x300.jpg\" width=\"225\" height=\"300\" alt=\"\" \/><\/a>\r\n<\/div><\/figure>\r\n\t\t<\/div>\n\n<div class=\"text_exposed_show\">\n<p>MTB 55 km-es t\u00e1von 8 tagunk indult. Csintalan Mikl\u00f3s \u00e9s N\u00e9meth Zolt\u00e1n ezen a t\u00e1von is elindultak, eredm\u00e9nyesen. Mikl\u00f3s 1. helyen, m\u00edg Zolt\u00e1n a 2. helyen v\u00e9gzett. Gelle Ol\u00edvia junior kateg\u00f3ri\u00e1ban az 1. helyen v\u00e9gzett. Fail Bogl\u00e1rka n\u0151i kateg\u00f3ri\u00e1ban 3. helyen \u00e9rt c\u00e9lba. Niro Viktor a 14. helyen, Ag\u00f3cs G\u00e1bor a 10. helyen, Szili Ferenc a 9. helyen, m\u00edg Kolozsv\u00e1ry Szil\u00e1rd az 5. helyen v\u00e9gzett.<\/p>\n\n\t\t<div id='gallery-3' class='gallery galleryid-487 gallery-columns-3 gallery-size-medium gal170423'><script type=\"text\/javascript\">\r\n\/\/ <![CDATA[\r\n\tjQuery(document).ready(function () {\r\n\t\tjQuery(\".gal170423 a\").attr(\"rel\",\"gal170423\");\t\r\n\t\tjQuery('a[rel=\"gal170423\"]').colorbox({maxWidth:\"95%\", maxHeight:\"95%\",title: function(){ return jQuery(this).children().attr(\"alt\"); }});\r\n\t});\r\n\/\/ ]]>\r\n<\/script>\n<figure class=\"gallery-item\">\n<div class=\"gallery-icon\">\r\n<a href=\"https:\/\/brigetiosport.hu\/wordpress\/wp-content\/uploads\/2017\/04\/2017_csardatura_3.jpg\" title=\"Moravek Lajos, a 80km-es t\u00e1v abszol\u00fat gy\u0151ztese\" rel=\"gal170423\"><img loading=\"lazy\" decoding=\"async\" src=\"https:\/\/brigetiosport.hu\/wordpress\/wp-content\/uploads\/2017\/04\/2017_csardatura_3-225x300.jpg\" width=\"225\" height=\"300\" alt=\"Moravek Lajos, a 80km-es t\u00e1v abszol\u00fat gy\u0151ztese\" \/><\/a>\r\n<\/div><figcaption class=\"gallery-caption\" id=\"caption496\"><span class=\"imagecaption\">Moravek Lajos, a 80km-es t\u00e1v abszol\u00fat gy\u0151ztese<\/span><br \/>\n<\/figcaption><\/figure><figure class=\"gallery-item\">\n<div class=\"gallery-icon\">\r\n<a href=\"https:\/\/brigetiosport.hu\/wordpress\/wp-content\/uploads\/2017\/04\/2017_csardatura_5.jpg\" title=\"Gelle Ol\u00edvia ism\u00e9t a dobog\u00f3 tetej\u00e9n\" rel=\"gal170423\"><img loading=\"lazy\" decoding=\"async\" src=\"https:\/\/brigetiosport.hu\/wordpress\/wp-content\/uploads\/2017\/04\/2017_csardatura_5-225x300.jpg\" width=\"225\" height=\"300\" alt=\"Gelle Ol\u00edvia ism\u00e9t a dobog\u00f3 tetej\u00e9n\" \/><\/a>\r\n<\/div><figcaption class=\"gallery-caption\" id=\"caption500\"><span class=\"imagecaption\">Gelle Ol\u00edvia ism\u00e9t a dobog\u00f3 tetej\u00e9n<\/span><br \/>\n<\/figcaption><\/figure><figure class=\"gallery-item\">\n<div class=\"gallery-icon\">\r\n<a href=\"https:\/\/brigetiosport.hu\/wordpress\/wp-content\/uploads\/2017\/04\/2017_csardatura_6.jpg\" title=\"Fail Bogl\u00e1rka MTB-ben is eredm\u00e9nyes\" rel=\"gal170423\"><img loading=\"lazy\" decoding=\"async\" src=\"https:\/\/brigetiosport.hu\/wordpress\/wp-content\/uploads\/2017\/04\/2017_csardatura_6-225x300.jpg\" width=\"225\" height=\"300\" alt=\"Fail Bogl\u00e1rka MTB-ben is eredm\u00e9nyes\" \/><\/a>\r\n<\/div><figcaption class=\"gallery-caption\" id=\"caption501\"><span class=\"imagecaption\">Fail Bogl\u00e1rka MTB-ben is eredm\u00e9nyes<\/span><br \/>\n<\/figcaption><\/figure>\r\n\t\t<\/div>\n\n<p>Road 80 km-es t\u00e1von Moravek Lajos indult \u00e9s remek id\u0151vel megnyerte kateg\u00f3ri\u00e1j\u00e1t.<\/p>\n<\/div>\n\n\t\t<div id='gallery-4' class='gallery galleryid-487 gallery-columns-2 gallery-size-medium gal170423_2'><script type=\"text\/javascript\">\r\n\/\/ <![CDATA[\r\n\tjQuery(document).ready(function () {\r\n\t\tjQuery(\".gal170423_2 a\").attr(\"rel\",\"gal170423_2\");\t\r\n\t\tjQuery('a[rel=\"gal170423_2\"]').colorbox({maxWidth:\"95%\", maxHeight:\"95%\",title: function(){ return jQuery(this).children().attr(\"alt\"); }});\r\n\t});\r\n\/\/ ]]>\r\n<\/script>\n<figure class=\"gallery-item\">\n<div class=\"gallery-icon\">\r\n<a href=\"https:\/\/brigetiosport.hu\/wordpress\/wp-content\/uploads\/2017\/04\/2017_csardatura_2.jpg\" title=\"Nagy Andr\u00e1s, ifj. H\u00e9regi P\u00e9ter az eredm\u00e9nyh\u00edrdet\u00e9sen\" rel=\"gal170423_2\"><img loading=\"lazy\" decoding=\"async\" src=\"https:\/\/brigetiosport.hu\/wordpress\/wp-content\/uploads\/2017\/04\/2017_csardatura_2-300x225.jpg\" width=\"300\" height=\"225\" alt=\"Nagy Andr\u00e1s, ifj. H\u00e9regi P\u00e9ter az eredm\u00e9nyh\u00edrdet\u00e9sen\" \/><\/a>\r\n<\/div><figcaption class=\"gallery-caption\" id=\"caption499\"><span class=\"imagecaption\">Nagy Andr\u00e1s, ifj. H\u00e9regi P\u00e9ter az eredm\u00e9nyh\u00edrdet\u00e9sen<\/span><br \/>\n<\/figcaption><\/figure>\r\n\t\t<\/div>\n\n<div class=\"text_exposed_show\">\n<p>Extreme 110 km-es t\u00e1von csapatunk 4 tagja vett r\u00e9szt.<br \/>\nEgy kis technikai probl\u00e9ma v\u00e9gett ifj. H\u00e9regi P\u00e9ter leszakadt a csapatt\u00f3l, ez\u00e9rt egyed\u00fcl teljes\u00edtette a t\u00e1vot, \u00e9s a 2. helyen v\u00e9gzett kateg\u00f3ri\u00e1j\u00e1ban. Nagy Andr\u00e1s a csapattal \u00f6ssze dolgozva \u00e9rkezett meg a c\u00e9lhoz, \u00edgy 1. helyen v\u00e9gzett.<br \/>\nPapp Mih\u00e1ly szint\u00e9n \u00f6ssze dolgozott a csapattal \u00e9s az 5. helyen v\u00e9gzett. Simon Andrew a csapatt\u00f3l kiss\u00e9 lemaradva \u00e9rkezett a c\u00e9lba, \u00edgy a 9. helyen v\u00e9gzett.<\/p>\n<\/div>\n<p>A rendezv\u00e9ny hivatalos oldala, eredm\u00e9nyek az al\u00e1bbi linken \u00e9rhet\u0151ek el: <a href=\"https:\/\/www.csardatura.sk\/hu\" target=\"_blank\" rel=\"noopener noreferrer\">link<\/a><\/p>\n","protected":false},"excerpt":{"rendered":"<p>A mai napon az \u00e9szak-kom\u00e1romi Cs\u00e1rda t\u00far\u00e1n vett r\u00e9sz csapatunk t\u00f6bb tagja, sz\u00e9p eredm\u00e9nyeket el\u00e9rve. A versenyen a versenyz\u0151k 4 t\u00e1von m\u00e9rhett\u00e9k \u00f6ssze erej\u00fcket. A Classic 40-\u00e9s t\u00e1von csapatunkat 5 tagunk k\u00e9pviselte. Csintalan Mikl\u00f3s ezen a t\u00e1von kateg\u00f3ri\u00e1j\u00e1ban 1. helyen v\u00e9gzett, m\u00edg N\u00e9meth Zolt\u00e1n a 2. helyen \u00e9rt c\u00e9lba. Fekete N\u00f3ra 4. helyen v\u00e9gzett kateg\u00f3ri\u00e1j\u00e1ban. &hellip; <a href=\"https:\/\/brigetiosport.hu\/wordpress\/2017\/04\/23\/sikeres-mez-avatas-a-csarda-turan\/\" class=\"more-link\"><span class=\"screen-reader-text\">&#8222;Sikeres mez avat\u00e1s a Cs\u00e1rda-t\u00far\u00e1n&#8221;<\/span> b\u0151vebben<\/a><\/p>\n","protected":false},"author":1,"featured_media":0,"comment_status":"closed","ping_status":"closed","sticky":false,"template":"","format":"standard","meta":{"footnotes":""},"categories":[7,6],"tags":[],"_links":{"self":[{"href":"https:\/\/brigetiosport.hu\/wordpress\/wp-json\/wp\/v2\/posts\/487"}],"collection":[{"href":"https:\/\/brigetiosport.hu\/wordpress\/wp-json\/wp\/v2\/posts"}],"about":[{"href":"https:\/\/brigetiosport.hu\/wordpress\/wp-json\/wp\/v2\/types\/post"}],"author":[{"embeddable":true,"href":"https:\/\/brigetiosport.hu\/wordpress\/wp-json\/wp\/v2\/users\/1"}],"replies":[{"embeddable":true,"href":"https:\/\/brigetiosport.hu\/wordpress\/wp-json\/wp\/v2\/comments?post=487"}],"version-history":[{"count":11,"href":"https:\/\/brigetiosport.hu\/wordpress\/wp-json\/wp\/v2\/posts\/487\/revisions"}],"predecessor-version":[{"id":504,"href":"https:\/\/brigetiosport.hu\/wordpress\/wp-json\/wp\/v2\/posts\/487\/revisions\/504"}],"wp:attachment":[{"href":"https:\/\/brigetiosport.hu\/wordpress\/wp-json\/wp\/v2\/media?parent=487"}],"wp:term":[{"taxonomy":"category","embeddable":true,"href":"https:\/\/brigetiosport.hu\/wordpress\/wp-json\/wp\/v2\/categories?post=487"},{"taxonomy":"post_tag","embeddable":true,"href":"https:\/\/brigetiosport.hu\/wordpress\/wp-json\/wp\/v2\/tags?post=487"}],"curies":[{"name":"wp","href":"https:\/\/api.w.org\/{rel}","templated":true}]}}