{"id":3561,"date":"2026-04-04T08:27:29","date_gmt":"2026-04-04T07:27:29","guid":{"rendered":"https:\/\/brigetiosport.hu\/wordpress\/?p=3561"},"modified":"2026-04-07T15:02:59","modified_gmt":"2026-04-07T14:02:59","slug":"akesz-bajnoksag-2-ik-fordulo-40-kerekvar-bekas-idofutam-beszamolo","status":"publish","type":"post","link":"https:\/\/brigetiosport.hu\/wordpress\/2026\/04\/04\/akesz-bajnoksag-2-ik-fordulo-40-kerekvar-bekas-idofutam-beszamolo\/","title":{"rendered":"Akesz-bajnoks\u00e1g: 2-ik fordul\u00f3 &#8211; 40. Ker\u00e9kv\u00e1r-B\u00e9k\u00e1s id\u0151futam besz\u00e1mol\u00f3"},"content":{"rendered":"<p>M\u00e1rcius 29-\u00e9n rendezt\u00e9k meg a jubileumi, 40. KER\u00c9KV\u00c1R\u2013B\u00c9K\u00c1S Id\u0151futamot, amely az AKESZ bajnoks\u00e1g idei m\u00e1sodik fordul\u00f3ja volt, \u00e9s egyben egy korszak lez\u00e1r\u00e1s\u00e1t is jelentette.<br \/>\nA 18 kilom\u00e9teres t\u00e1von 156 versenyz\u0151 \u2013 131 f\u00e9rfi \u00e9s 25 n\u0151 \u2013 \u00e1llt rajthoz, 10 f\u00e9rfi \u00e9s 7 n\u0151i koroszt\u00e1lyban. A mez\u0151ny soksz\u00edn\u0171s\u00e9ge ism\u00e9t bizony\u00edtotta a verseny k\u00fcl\u00f6nleges hely\u00e9t a hazai ker\u00e9kp\u00e1rsportban: fiatalok \u00e9s tapasztalt versenyz\u0151k egy\u00fctt, ugyanazon a p\u00e1ly\u00e1n, ugyanaz\u00e9rt a kih\u00edv\u00e1s\u00e9rt.<br \/>\nAz id\u0151j\u00e1r\u00e1s ez\u00fattal sem k\u00edm\u00e9lte az indul\u00f3kat: 5\u20137 \u00b0C-os hideg, folyamatos es\u0151 \u00e9s er\u0151s sz\u00e9l tette m\u00e9g embert pr\u00f3b\u00e1l\u00f3bb\u00e1 a versenyt. A cs\u00fasz\u00f3s utak \u00e9s a neh\u00e9z k\u00f6r\u00fclm\u00e9nyek ellen\u00e9re a r\u00e9sztvev\u0151k p\u00e9ldamutat\u00f3 kitart\u00e1ssal \u00e9s sportszer\u0171s\u00e9ggel teljes\u00edtett\u00e9k a t\u00e1vot.<br \/>\nA jubileumi futam azonban t\u00f6bbr\u0151l sz\u00f3lt, mint egy versenyr\u0151l. A KER\u00c9KV\u00c1R\u2013B\u00c9K\u00c1S Id\u0151futam sokak sz\u00e1m\u00e1ra nem csup\u00e1n egy \u00e1llom\u00e1s volt a versenynapt\u00e1rban, hanem meghat\u00e1roz\u00f3 \u00e9lm\u00e9ny: gener\u00e1ci\u00f3k n\u0151ttek fel ezen a p\u00e1ly\u00e1n, itt szerezt\u00e9k els\u0151 tapasztalataikat, sikereiket \u00e9s k\u00f6z\u00f6ss\u00e9gi \u00e9lm\u00e9nyeiket. Az idei \u00e9vben azonban utolj\u00e1ra rendezt\u00e9k meg a versenyt, \u00edgy a mez\u0151ny egy legend\u00e1s esem\u00e9nyt\u0151l is b\u00facs\u00fat vett.<br \/>\nA Brigetio KSE versenyz\u0151i ism\u00e9t sz\u00e9p sz\u00e1mban \u00e1lltak rajthoz, \u00e9s k\u00fcl\u00f6n \u00f6r\u00f6m sz\u00e1munkra, hogy Nagy Levente az U19-es koroszt\u00e1lyban 2. helyez\u00e9st \u00e9rt el, ezzel a csapat egyik leger\u0151sebb eredm\u00e9ny\u00e9t szerezte meg a jubileumi viadalon.<\/p>\n<p>Brigetio KSE eredm\u00e9nyek:<br \/>\n\u2022 Nagy Levente \u2013 U19, 2. hely<br \/>\n\u2022 B\u00e9r M\u00e1ty\u00e1s J\u00e1nos \u2013 U19, 7. hely<br \/>\n\u2022 Vizi Gerg\u0151 \u2013 U17, 4. hely<br \/>\n\u2022 G\u00e1lik Kriszti\u00e1n \u2013 Elit1, 8. hely<br \/>\n\u2022 Damsits L\u00e1szl\u00f3 \u2013 Elit1, 18. hely<br \/>\n\u2022 Leiter Ferenc \u2013 Elit1, 24. hely<br \/>\n\u2022 \u00c1brah\u00e1m Tam\u00e1s \u2013 Elit2, 9. hely<br \/>\n\u2022 Aszal\u00f3s G\u00e1bor \u2013 Elit2, 12. hely<br \/>\n\u2022 Hered Bal\u00e1zs \u2013 Elit2, 14. hely<\/p>\n<p>Gratul\u00e1lunk minden Brigeti\u00f3s versenyz\u0151nknek, hogy ilyen neh\u00e9z k\u00f6r\u00fclm\u00e9nyek k\u00f6z\u00f6tt is helyt\u00e1lltak. B\u00fcszk\u00e9k vagyunk r\u00e1, hogy a Brigetio KSE is r\u00e9szese lehetett ennek a k\u00fcl\u00f6nleges, t\u00f6rt\u00e9nelmi jelent\u0151s\u00e9g\u0171 versenynek.<\/p>\n\n\t\t<div id='gallery-1' class='gallery galleryid-3561 gallery-columns-1 gallery-size-large gal260404'><script type=\"text\/javascript\">\r\n\/\/ <![CDATA[\r\n\tjQuery(document).ready(function () {\r\n\t\tjQuery(\".gal260404 a\").attr(\"rel\",\"gal260404\");\t\r\n\t\tjQuery('a[rel=\"gal260404\"]').colorbox({maxWidth:\"95%\", maxHeight:\"95%\",title: function(){ return jQuery(this).children().attr(\"alt\"); }});\r\n\t});\r\n\/\/ ]]>\r\n<\/script>\n<figure class=\"gallery-item\">\n<div class=\"gallery-icon\">\r\n<a href=\"https:\/\/brigetiosport.hu\/wordpress\/wp-content\/uploads\/2026\/04\/20260329_bekasidofutam_01.jpg\" title=\"\" rel=\"gal260404\"><img loading=\"lazy\" decoding=\"async\" src=\"https:\/\/brigetiosport.hu\/wordpress\/wp-content\/uploads\/2026\/04\/20260329_bekasidofutam_01-1024x683.jpg\" width=\"840\" height=\"560\" alt=\"\" \/><\/a>\r\n<\/div><\/figure><figure class=\"gallery-item\">\n<div class=\"gallery-icon\">\r\n<a href=\"https:\/\/brigetiosport.hu\/wordpress\/wp-content\/uploads\/2026\/04\/20260329_bekasidofutam_02.jpg\" title=\"\" rel=\"gal260404\"><img loading=\"lazy\" decoding=\"async\" src=\"https:\/\/brigetiosport.hu\/wordpress\/wp-content\/uploads\/2026\/04\/20260329_bekasidofutam_02-1024x577.jpg\" width=\"840\" height=\"473\" alt=\"\" \/><\/a>\r\n<\/div><\/figure>\r\n\t\t<\/div>\n\n","protected":false},"excerpt":{"rendered":"<p>M\u00e1rcius 29-\u00e9n rendezt\u00e9k meg a jubileumi, 40. KER\u00c9KV\u00c1R\u2013B\u00c9K\u00c1S Id\u0151futamot, amely az AKESZ bajnoks\u00e1g idei m\u00e1sodik fordul\u00f3ja volt, \u00e9s egyben egy korszak lez\u00e1r\u00e1s\u00e1t is jelentette. A 18 kilom\u00e9teres t\u00e1von 156 versenyz\u0151 \u2013 131 f\u00e9rfi \u00e9s 25 n\u0151 \u2013 \u00e1llt rajthoz, 10 f\u00e9rfi \u00e9s 7 n\u0151i koroszt\u00e1lyban. A mez\u0151ny soksz\u00edn\u0171s\u00e9ge ism\u00e9t bizony\u00edtotta a verseny k\u00fcl\u00f6nleges hely\u00e9t a &hellip; <a href=\"https:\/\/brigetiosport.hu\/wordpress\/2026\/04\/04\/akesz-bajnoksag-2-ik-fordulo-40-kerekvar-bekas-idofutam-beszamolo\/\" class=\"more-link\"><span class=\"screen-reader-text\">&#8222;Akesz-bajnoks\u00e1g: 2-ik fordul\u00f3 &#8211; 40. Ker\u00e9kv\u00e1r-B\u00e9k\u00e1s id\u0151futam besz\u00e1mol\u00f3&#8221;<\/span> b\u0151vebben<\/a><\/p>\n","protected":false},"author":3,"featured_media":0,"comment_status":"closed","ping_status":"closed","sticky":false,"template":"","format":"standard","meta":{"footnotes":""},"categories":[10,6],"tags":[],"_links":{"self":[{"href":"https:\/\/brigetiosport.hu\/wordpress\/wp-json\/wp\/v2\/posts\/3561"}],"collection":[{"href":"https:\/\/brigetiosport.hu\/wordpress\/wp-json\/wp\/v2\/posts"}],"about":[{"href":"https:\/\/brigetiosport.hu\/wordpress\/wp-json\/wp\/v2\/types\/post"}],"author":[{"embeddable":true,"href":"https:\/\/brigetiosport.hu\/wordpress\/wp-json\/wp\/v2\/users\/3"}],"replies":[{"embeddable":true,"href":"https:\/\/brigetiosport.hu\/wordpress\/wp-json\/wp\/v2\/comments?post=3561"}],"version-history":[{"count":1,"href":"https:\/\/brigetiosport.hu\/wordpress\/wp-json\/wp\/v2\/posts\/3561\/revisions"}],"predecessor-version":[{"id":3564,"href":"https:\/\/brigetiosport.hu\/wordpress\/wp-json\/wp\/v2\/posts\/3561\/revisions\/3564"}],"wp:attachment":[{"href":"https:\/\/brigetiosport.hu\/wordpress\/wp-json\/wp\/v2\/media?parent=3561"}],"wp:term":[{"taxonomy":"category","embeddable":true,"href":"https:\/\/brigetiosport.hu\/wordpress\/wp-json\/wp\/v2\/categories?post=3561"},{"taxonomy":"post_tag","embeddable":true,"href":"https:\/\/brigetiosport.hu\/wordpress\/wp-json\/wp\/v2\/tags?post=3561"}],"curies":[{"name":"wp","href":"https:\/\/api.w.org\/{rel}","templated":true}]}}