{"id":3532,"date":"2026-03-03T19:37:27","date_gmt":"2026-03-03T18:37:27","guid":{"rendered":"https:\/\/brigetiosport.hu\/wordpress\/?p=3532"},"modified":"2026-03-29T15:20:55","modified_gmt":"2026-03-29T14:20:55","slug":"beszamolo-lezajlott-a-brigetio-kerekparos-akademia-elso-edzese","status":"publish","type":"post","link":"https:\/\/brigetiosport.hu\/wordpress\/2026\/03\/03\/beszamolo-lezajlott-a-brigetio-kerekparos-akademia-elso-edzese\/","title":{"rendered":"Besz\u00e1mol\u00f3: Lezajlott a Brigetio Ker\u00e9kp\u00e1ros Akad\u00e9mia els\u0151 edz\u00e9se"},"content":{"rendered":"<p>Nagy nap volt a mai a Brigetio Ker\u00e9kp\u00e1ros Sportegyes\u00fclet \u00e9let\u00e9ben! \ud83d\udeb4\u200d\u2642\ufe0f<\/p>\n<p>A Monostori Er\u0151dben elindult a Brigetio Ker\u00e9kp\u00e1ros Akad\u00e9mia programunk, amelynek keret\u00e9ben megkezdt\u00fck a gyerekek ker\u00e9kp\u00e1ros k\u00e9pz\u00e9s\u00e9t \u00e9s az ut\u00e1np\u00f3tl\u00e1s-nevel\u00e9st. Ez hatalmas m\u00e9rf\u00f6ldk\u0151 sz\u00e1munkra, hiszen hossz\u00fa t\u00e1von szeretn\u00e9nk fel\u00e9p\u00edteni a k\u00f6vetkez\u0151 ker\u00e9kp\u00e1ros gener\u00e1ci\u00f3t, stabil alapokkal, szakmai szeml\u00e9lettel \u00e9s j\u00f3 hangulat\u00fa edz\u00e9sekkel. \ud83d\udc99<\/p>\n<p>Az els\u0151 edz\u00e9s j\u00f3 hangulatban telt, lelkes \u00e9s \u00fcgyes gyerekekkel. \ud83d\udd25<\/p>\n<p>Ha szeretn\u00e9d, hogy gyermeked biztons\u00e1gos, szakmailag fel\u00e9p\u00edtett k\u00f6rnyezetben tanuljon meg magabiztosan ker\u00e9kp\u00e1rozni, fejl\u0151dj\u00f6n \u00e9s k\u00f6z\u00f6ss\u00e9ghez tartozzon, v\u00e1rjuk szeretettel edz\u00e9seinken! \ud83d\udeb4\u200d\u2640\ufe0f\ud83d\udcaa<\/p>\n\n\t\t<div id='gallery-1' class='gallery galleryid-3532 gallery-columns-2 gallery-size-large gal260303'><script type=\"text\/javascript\">\r\n\/\/ <![CDATA[\r\n\tjQuery(document).ready(function () {\r\n\t\tjQuery(\".gal260303 a\").attr(\"rel\",\"gal260303\");\t\r\n\t\tjQuery('a[rel=\"gal260303\"]').colorbox({maxWidth:\"95%\", maxHeight:\"95%\",title: function(){ return jQuery(this).children().attr(\"alt\"); }});\r\n\t});\r\n\/\/ ]]>\r\n<\/script>\n<figure class=\"gallery-item\">\n<div class=\"gallery-icon\">\r\n<a href=\"https:\/\/brigetiosport.hu\/wordpress\/wp-content\/uploads\/2026\/03\/20260303_akademia_edzes1.jpg\" title=\"\" rel=\"gal260303\"><img loading=\"lazy\" decoding=\"async\" src=\"https:\/\/brigetiosport.hu\/wordpress\/wp-content\/uploads\/2026\/03\/20260303_akademia_edzes1-1024x473.jpg\" width=\"840\" height=\"388\" alt=\"\" \/><\/a>\r\n<\/div><\/figure><figure class=\"gallery-item\">\n<div class=\"gallery-icon\">\r\n<a href=\"https:\/\/brigetiosport.hu\/wordpress\/wp-content\/uploads\/2026\/03\/20260303_akademia_edzes2.jpg\" title=\"\" rel=\"gal260303\"><img loading=\"lazy\" decoding=\"async\" src=\"https:\/\/brigetiosport.hu\/wordpress\/wp-content\/uploads\/2026\/03\/20260303_akademia_edzes2-1024x473.jpg\" width=\"840\" height=\"388\" alt=\"\" \/><\/a>\r\n<\/div><\/figure><figure class=\"gallery-item\">\n<div class=\"gallery-icon\">\r\n<a href=\"https:\/\/brigetiosport.hu\/wordpress\/wp-content\/uploads\/2026\/03\/20260303_akademia_edzes3.jpg\" title=\"\" rel=\"gal260303\"><img loading=\"lazy\" decoding=\"async\" src=\"https:\/\/brigetiosport.hu\/wordpress\/wp-content\/uploads\/2026\/03\/20260303_akademia_edzes3-1024x473.jpg\" width=\"840\" height=\"388\" alt=\"\" \/><\/a>\r\n<\/div><\/figure><figure class=\"gallery-item\">\n<div class=\"gallery-icon\">\r\n<a href=\"https:\/\/brigetiosport.hu\/wordpress\/wp-content\/uploads\/2026\/03\/20260303_akademia_edzes4.jpg\" title=\"\" rel=\"gal260303\"><img loading=\"lazy\" decoding=\"async\" src=\"https:\/\/brigetiosport.hu\/wordpress\/wp-content\/uploads\/2026\/03\/20260303_akademia_edzes4-1024x473.jpg\" width=\"840\" height=\"388\" alt=\"\" \/><\/a>\r\n<\/div><\/figure>\r\n\t\t<\/div>\n\n","protected":false},"excerpt":{"rendered":"<p>Nagy nap volt a mai a Brigetio Ker\u00e9kp\u00e1ros Sportegyes\u00fclet \u00e9let\u00e9ben! \ud83d\udeb4\u200d\u2642\ufe0f A Monostori Er\u0151dben elindult a Brigetio Ker\u00e9kp\u00e1ros Akad\u00e9mia programunk, amelynek keret\u00e9ben megkezdt\u00fck a gyerekek ker\u00e9kp\u00e1ros k\u00e9pz\u00e9s\u00e9t \u00e9s az ut\u00e1np\u00f3tl\u00e1s-nevel\u00e9st. Ez hatalmas m\u00e9rf\u00f6ldk\u0151 sz\u00e1munkra, hiszen hossz\u00fa t\u00e1von szeretn\u00e9nk fel\u00e9p\u00edteni a k\u00f6vetkez\u0151 ker\u00e9kp\u00e1ros gener\u00e1ci\u00f3t, stabil alapokkal, szakmai szeml\u00e9lettel \u00e9s j\u00f3 hangulat\u00fa edz\u00e9sekkel. \ud83d\udc99 Az els\u0151 edz\u00e9s &hellip; <a href=\"https:\/\/brigetiosport.hu\/wordpress\/2026\/03\/03\/beszamolo-lezajlott-a-brigetio-kerekparos-akademia-elso-edzese\/\" class=\"more-link\"><span class=\"screen-reader-text\">&#8222;Besz\u00e1mol\u00f3: Lezajlott a Brigetio Ker\u00e9kp\u00e1ros Akad\u00e9mia els\u0151 edz\u00e9se&#8221;<\/span> b\u0151vebben<\/a><\/p>\n","protected":false},"author":3,"featured_media":0,"comment_status":"closed","ping_status":"closed","sticky":false,"template":"","format":"standard","meta":{"footnotes":""},"categories":[10],"tags":[],"_links":{"self":[{"href":"https:\/\/brigetiosport.hu\/wordpress\/wp-json\/wp\/v2\/posts\/3532"}],"collection":[{"href":"https:\/\/brigetiosport.hu\/wordpress\/wp-json\/wp\/v2\/posts"}],"about":[{"href":"https:\/\/brigetiosport.hu\/wordpress\/wp-json\/wp\/v2\/types\/post"}],"author":[{"embeddable":true,"href":"https:\/\/brigetiosport.hu\/wordpress\/wp-json\/wp\/v2\/users\/3"}],"replies":[{"embeddable":true,"href":"https:\/\/brigetiosport.hu\/wordpress\/wp-json\/wp\/v2\/comments?post=3532"}],"version-history":[{"count":1,"href":"https:\/\/brigetiosport.hu\/wordpress\/wp-json\/wp\/v2\/posts\/3532\/revisions"}],"predecessor-version":[{"id":3537,"href":"https:\/\/brigetiosport.hu\/wordpress\/wp-json\/wp\/v2\/posts\/3532\/revisions\/3537"}],"wp:attachment":[{"href":"https:\/\/brigetiosport.hu\/wordpress\/wp-json\/wp\/v2\/media?parent=3532"}],"wp:term":[{"taxonomy":"category","embeddable":true,"href":"https:\/\/brigetiosport.hu\/wordpress\/wp-json\/wp\/v2\/categories?post=3532"},{"taxonomy":"post_tag","embeddable":true,"href":"https:\/\/brigetiosport.hu\/wordpress\/wp-json\/wp\/v2\/tags?post=3532"}],"curies":[{"name":"wp","href":"https:\/\/api.w.org\/{rel}","templated":true}]}}