{"id":3529,"date":"2026-01-22T09:10:00","date_gmt":"2026-01-22T08:10:00","guid":{"rendered":"https:\/\/brigetiosport.hu\/wordpress\/?p=3529"},"modified":"2026-03-29T15:21:01","modified_gmt":"2026-03-29T14:21:01","slug":"akesz-bajnoksag-2026-ban-is","status":"publish","type":"post","link":"https:\/\/brigetiosport.hu\/wordpress\/2026\/01\/22\/akesz-bajnoksag-2026-ban-is\/","title":{"rendered":"AKESZ bajnoks\u00e1g 2026-ban is!"},"content":{"rendered":"<p>2026-ban is megrendezik a Magyar Ker\u00e9kp\u00e1ros Amat\u0151r Bajnoks\u00e1got, amelyre v\u00e1rj\u00e1k a hazai amat\u0151r ker\u00e9kp\u00e1rosokat \u00e9s a ker\u00e9kp\u00e1rsport szerelmeseit, hogy egy teljes szezonon \u00e1t tart\u00f3, motiv\u00e1l\u00f3 versenysorozatban m\u00e9rj\u00e9k \u00f6ssze erej\u00fcket.<\/p>\n<p>A bajnoks\u00e1g egy eg\u00e9sz szezont fel\u00f6lel\u0151 kih\u00edv\u00e1s: 10 mez\u0151nyversenyb\u0151l \u00e9s 6 id\u0151futamb\u00f3l \u00e1ll, a sikeres teljes\u00edt\u00e9shez pedig minimum 6 mez\u0151nyversenyen \u00e9s 4 id\u0151futamon sz\u00fcks\u00e9ges rajthoz \u00e1llni. A felt\u00e9teleket teljes\u00edt\u0151k az \u00f6sszetett eredm\u00e9nyhirdet\u00e9sen finisher \u00e9rmet vehetnek \u00e1t, amely a kitart\u00e1s, a fejl\u0151d\u00e9s \u00e9s a k\u00f6z\u00f6s \u00e9lm\u00e9nyek jelk\u00e9pe.<\/p>\n<p>A szezon v\u00e9g\u00e9n 17 korcsoportban lesz d\u00edjaz\u00e1s, ahol kup\u00e1kat kapnak a helyezettek, a korcsoportgy\u0151ztesek pedig magyar amat\u0151r bajnoki mezt vehetnek \u00e1t. Emellett 2026-ban egyes\u00fcleti eredm\u00e9nyess\u00e9gi verseny is indul h\u00e1rom korcsoportban, ami k\u00fcl\u00f6n hangs\u00falyt ad a k\u00f6z\u00f6ss\u00e9gnek \u00e9s az egyes\u00fcletek \u00f6sszefog\u00e1s\u00e1nak.<\/p>\n<p>A bajnoks\u00e1gban val\u00f3 r\u00e9szv\u00e9tel regisztr\u00e1ci\u00f3hoz k\u00f6t\u00f6tt: az \u00faj fel\u00fcleten mindenkinek regisztr\u00e1lnia kell, \u00e9s 2026-ra minden indul\u00f3 \u00faj AKESZ sz\u00e1mot kap. A regisztr\u00e1ci\u00f3val rendelkez\u0151 versenyz\u0151k a szezon sor\u00e1n 10% kedvezm\u00e9nyt \u00e9rv\u00e9nyes\u00edthetnek minden AKESZ verseny nevez\u00e9s\u00e9n, ami t\u00f6bb indul\u00e1s eset\u00e9n m\u00e1r \u00e9rezhet\u0151 megtakar\u00edt\u00e1st jelent.<\/p>\n<p>Ne maradj le: regisztr\u00e1lj \u00e9s tal\u00e1lkozunk a versenyeken! \ud83c\udded\ud83c\uddfa<\/p>\n\n\t\t<div id='gallery-1' class='gallery galleryid-3529 gallery-columns-1 gallery-size-large gal260122'><script type=\"text\/javascript\">\r\n\/\/ <![CDATA[\r\n\tjQuery(document).ready(function () {\r\n\t\tjQuery(\".gal260122 a\").attr(\"rel\",\"gal260122\");\t\r\n\t\tjQuery('a[rel=\"gal260122\"]').colorbox({maxWidth:\"95%\", maxHeight:\"95%\",title: function(){ return jQuery(this).children().attr(\"alt\"); }});\r\n\t});\r\n\/\/ ]]>\r\n<\/script>\n<figure class=\"gallery-item\">\n<div class=\"gallery-icon\">\r\n<a href=\"https:\/\/brigetiosport.hu\/wordpress\/wp-content\/uploads\/2026\/03\/2026_akesz_regisztracio.jpg\" title=\"\" rel=\"gal260122\"><img loading=\"lazy\" decoding=\"async\" src=\"https:\/\/brigetiosport.hu\/wordpress\/wp-content\/uploads\/2026\/03\/2026_akesz_regisztracio.jpg\" width=\"800\" height=\"533\" alt=\"\" \/><\/a>\r\n<\/div><\/figure>\r\n\t\t<\/div>\n\n<p>Akesz weboldal: <a href=\"https:\/\/akesz.hu\" target=\"_blank\" rel=\"noopener\">LINK<\/a><\/p>\n","protected":false},"excerpt":{"rendered":"<p>2026-ban is megrendezik a Magyar Ker\u00e9kp\u00e1ros Amat\u0151r Bajnoks\u00e1got, amelyre v\u00e1rj\u00e1k a hazai amat\u0151r ker\u00e9kp\u00e1rosokat \u00e9s a ker\u00e9kp\u00e1rsport szerelmeseit, hogy egy teljes szezonon \u00e1t tart\u00f3, motiv\u00e1l\u00f3 versenysorozatban m\u00e9rj\u00e9k \u00f6ssze erej\u00fcket. A bajnoks\u00e1g egy eg\u00e9sz szezont fel\u00f6lel\u0151 kih\u00edv\u00e1s: 10 mez\u0151nyversenyb\u0151l \u00e9s 6 id\u0151futamb\u00f3l \u00e1ll, a sikeres teljes\u00edt\u00e9shez pedig minimum 6 mez\u0151nyversenyen \u00e9s 4 id\u0151futamon sz\u00fcks\u00e9ges rajthoz \u00e1llni. &hellip; <a href=\"https:\/\/brigetiosport.hu\/wordpress\/2026\/01\/22\/akesz-bajnoksag-2026-ban-is\/\" class=\"more-link\"><span class=\"screen-reader-text\">&#8222;AKESZ bajnoks\u00e1g 2026-ban is!&#8221;<\/span> b\u0151vebben<\/a><\/p>\n","protected":false},"author":3,"featured_media":0,"comment_status":"closed","ping_status":"closed","sticky":false,"template":"","format":"standard","meta":{"footnotes":""},"categories":[1],"tags":[],"_links":{"self":[{"href":"https:\/\/brigetiosport.hu\/wordpress\/wp-json\/wp\/v2\/posts\/3529"}],"collection":[{"href":"https:\/\/brigetiosport.hu\/wordpress\/wp-json\/wp\/v2\/posts"}],"about":[{"href":"https:\/\/brigetiosport.hu\/wordpress\/wp-json\/wp\/v2\/types\/post"}],"author":[{"embeddable":true,"href":"https:\/\/brigetiosport.hu\/wordpress\/wp-json\/wp\/v2\/users\/3"}],"replies":[{"embeddable":true,"href":"https:\/\/brigetiosport.hu\/wordpress\/wp-json\/wp\/v2\/comments?post=3529"}],"version-history":[{"count":1,"href":"https:\/\/brigetiosport.hu\/wordpress\/wp-json\/wp\/v2\/posts\/3529\/revisions"}],"predecessor-version":[{"id":3531,"href":"https:\/\/brigetiosport.hu\/wordpress\/wp-json\/wp\/v2\/posts\/3529\/revisions\/3531"}],"wp:attachment":[{"href":"https:\/\/brigetiosport.hu\/wordpress\/wp-json\/wp\/v2\/media?parent=3529"}],"wp:term":[{"taxonomy":"category","embeddable":true,"href":"https:\/\/brigetiosport.hu\/wordpress\/wp-json\/wp\/v2\/categories?post=3529"},{"taxonomy":"post_tag","embeddable":true,"href":"https:\/\/brigetiosport.hu\/wordpress\/wp-json\/wp\/v2\/tags?post=3529"}],"curies":[{"name":"wp","href":"https:\/\/api.w.org\/{rel}","templated":true}]}}