{"id":3490,"date":"2026-02-28T08:07:33","date_gmt":"2026-02-28T07:07:33","guid":{"rendered":"https:\/\/brigetiosport.hu\/wordpress\/?p=3490"},"modified":"2026-03-17T20:42:58","modified_gmt":"2026-03-17T19:42:58","slug":"winter-ride-challenge-zarofordulo-eredmenyek-es-beszamolo","status":"publish","type":"post","link":"https:\/\/brigetiosport.hu\/wordpress\/2026\/02\/28\/winter-ride-challenge-zarofordulo-eredmenyek-es-beszamolo\/","title":{"rendered":"Winter Ride Challenge z\u00e1r\u00f3fordul\u00f3 eredm\u00e9nyek \u00e9s besz\u00e1mol\u00f3"},"content":{"rendered":"<p>Tegnap lezajlott a Winter Ride Challenge 9., egyben z\u00e1r\u00f3 szakasza a Passo Sella from Canazei p\u00e1ly\u00e1n, ahol 13,26 km \u00e9s 793 m\u00e9ter szintemelked\u00e9s v\u00e1rt a mez\u0151nyre, ami m\u00e9lt\u00f3, igazi hegyi fin\u00e1l\u00e9 volt a sorozat v\u00e9g\u00e9re \ud83c\udfd4\ufe0f\ud83d\udeb4\u200d\u2642\ufe0f<\/p>\n<p>9. szakasz \u2013 dobog\u00f3<br \/>\n\ud83e\udd47Holczer P\u00e9ter \u2013 0:50:48.9<br \/>\n\ud83e\udd48Jagadics Istv\u00e1n \u2013 0:53:03.0 (+0:02:14.1)<br \/>\n\ud83e\udd49Moln\u00e1r G\u00e1bor Attila \u2013 1:08:21.4 (+0:17:32.5)<\/p>\n<p>Ezzel v\u00e9get \u00e9rt a 9 fordul\u00f3s Winter Ride Challenge, ami sz\u00e1munkra egyben azt is jelenti: elk\u00f6sz\u00f6n a t\u00e9l, meg\u00e9rkezik a tavasz \u2600\ufe0f<br \/>\nA sorozat l\u00e9nyege az volt, hogy h\u00e9tr\u0151l h\u00e9tre tal\u00e1lkoz\u00e1si pontot \u00e9s k\u00e9zzelfoghat\u00f3 c\u00e9lt adjunk a t\u00e9li felk\u00e9sz\u00fcl\u00e9shez, k\u00f6z\u00f6s kih\u00edv\u00e1st jelent\u0151 szakaszokkal \u00e9s motiv\u00e1l\u00f3 versenyhangulattal a g\u00f6rg\u0151n.<br \/>\nNagyon k\u00f6sz\u00f6nj\u00fck mindenkinek a r\u00e9szv\u00e9telt, a kitart\u00e1st \u00e9s a sportszer\u0171 hozz\u00e1\u00e1ll\u00e1st! A helyezetteknek \u00e9s a teljes\u00edt\u0151knek gratul\u00e1lunk!\ud83d\udc4f<\/p>\n","protected":false},"excerpt":{"rendered":"<p>Tegnap lezajlott a Winter Ride Challenge 9., egyben z\u00e1r\u00f3 szakasza a Passo Sella from Canazei p\u00e1ly\u00e1n, ahol 13,26 km \u00e9s 793 m\u00e9ter szintemelked\u00e9s v\u00e1rt a mez\u0151nyre, ami m\u00e9lt\u00f3, igazi hegyi fin\u00e1l\u00e9 volt a sorozat v\u00e9g\u00e9re \ud83c\udfd4\ufe0f\ud83d\udeb4\u200d\u2642\ufe0f 9. szakasz \u2013 dobog\u00f3 \ud83e\udd47Holczer P\u00e9ter \u2013 0:50:48.9 \ud83e\udd48Jagadics Istv\u00e1n \u2013 0:53:03.0 (+0:02:14.1) \ud83e\udd49Moln\u00e1r G\u00e1bor Attila \u2013 1:08:21.4 (+0:17:32.5) &hellip; <a href=\"https:\/\/brigetiosport.hu\/wordpress\/2026\/02\/28\/winter-ride-challenge-zarofordulo-eredmenyek-es-beszamolo\/\" class=\"more-link\"><span class=\"screen-reader-text\">&#8222;Winter Ride Challenge z\u00e1r\u00f3fordul\u00f3 eredm\u00e9nyek \u00e9s besz\u00e1mol\u00f3&#8221;<\/span> b\u0151vebben<\/a><\/p>\n","protected":false},"author":3,"featured_media":0,"comment_status":"closed","ping_status":"closed","sticky":false,"template":"","format":"standard","meta":{"footnotes":""},"categories":[10],"tags":[],"_links":{"self":[{"href":"https:\/\/brigetiosport.hu\/wordpress\/wp-json\/wp\/v2\/posts\/3490"}],"collection":[{"href":"https:\/\/brigetiosport.hu\/wordpress\/wp-json\/wp\/v2\/posts"}],"about":[{"href":"https:\/\/brigetiosport.hu\/wordpress\/wp-json\/wp\/v2\/types\/post"}],"author":[{"embeddable":true,"href":"https:\/\/brigetiosport.hu\/wordpress\/wp-json\/wp\/v2\/users\/3"}],"replies":[{"embeddable":true,"href":"https:\/\/brigetiosport.hu\/wordpress\/wp-json\/wp\/v2\/comments?post=3490"}],"version-history":[{"count":3,"href":"https:\/\/brigetiosport.hu\/wordpress\/wp-json\/wp\/v2\/posts\/3490\/revisions"}],"predecessor-version":[{"id":3493,"href":"https:\/\/brigetiosport.hu\/wordpress\/wp-json\/wp\/v2\/posts\/3490\/revisions\/3493"}],"wp:attachment":[{"href":"https:\/\/brigetiosport.hu\/wordpress\/wp-json\/wp\/v2\/media?parent=3490"}],"wp:term":[{"taxonomy":"category","embeddable":true,"href":"https:\/\/brigetiosport.hu\/wordpress\/wp-json\/wp\/v2\/categories?post=3490"},{"taxonomy":"post_tag","embeddable":true,"href":"https:\/\/brigetiosport.hu\/wordpress\/wp-json\/wp\/v2\/tags?post=3490"}],"curies":[{"name":"wp","href":"https:\/\/api.w.org\/{rel}","templated":true}]}}