{"id":347,"date":"2017-03-16T17:20:03","date_gmt":"2017-03-16T16:20:03","guid":{"rendered":"http:\/\/brigetiosport.hu\/wordpress\/?p=347"},"modified":"2017-03-16T21:17:01","modified_gmt":"2017-03-16T20:17:01","slug":"marcius-15-en-acsteszerre-latogattunk","status":"publish","type":"post","link":"https:\/\/brigetiosport.hu\/wordpress\/2017\/03\/16\/marcius-15-en-acsteszerre-latogattunk\/","title":{"rendered":"M\u00e1rcius 15-\u00e9n \u00c1cstesz\u00e9rre l\u00e1togattunk"},"content":{"rendered":"<p>&nbsp;<\/p>\n<p style=\"text-align: center;\">M\u00e1rcius 15-\u00e9n, nemzeti \u00fcnnep\u00fcnk\u00f6n az 1848-49-es forradalom \u00e9s szabads\u00e1gharc h\u0151seire eml\u00e9kezt\u00fcnk. Hagyom\u00e1ny\u0151rz\u0151 ker\u00e9kp\u00e1ros t\u00fara keret\u00e9ben ezen a napon \u00c1cstesz\u00e9rre, T\u00e1ncsics Mih\u00e1ly sz\u00fcl\u0151faluj\u00e1ba ker\u00e9kp\u00e1roztunk el, ahol az \u00fcnnepi megeml\u00e9kez\u00e9sen megkoszor\u00faztuk T\u00e1ncsics Mih\u00e1ly mellszobr\u00e1t. A koszor\u00faz\u00e1st k\u00f6vet\u0151en \u00c1cstesz\u00e9r Alpolg\u00e1rmestere vend\u00e9g\u00fcl l\u00e1tta eb\u00e9dre csapatunkat, majd j\u00f3l lakottan megm\u00e1sztuk a T\u00e1ncsics Mih\u00e1ly szobra melletti meredek emelked\u0151t, ezut\u00e1n m\u00e1r csak a haza \u00fat maradt h\u00e1tra, ahol az er\u0151s szembe sz\u00e9l mindenkit kell\u0151en lef\u00e1rasztott.<\/p>\n\n\t\t<div id='gallery-1' class='gallery galleryid-347 gallery-columns-1 gallery-size-large gallery170316_1'><script type=\"text\/javascript\">\r\n\/\/ <![CDATA[\r\n\tjQuery(document).ready(function () {\r\n\t\tjQuery(\".gallery170316_1 a\").attr(\"rel\",\"gallery170316_1\");\t\r\n\t\tjQuery('a[rel=\"gallery170316_1\"]').colorbox({maxWidth:\"95%\", maxHeight:\"95%\",title: function(){ return jQuery(this).children().attr(\"alt\"); }});\r\n\t});\r\n\/\/ ]]>\r\n<\/script>\n<figure class=\"gallery-item\">\n<div class=\"gallery-icon\">\r\n<a href=\"https:\/\/brigetiosport.hu\/wordpress\/wp-content\/uploads\/2017\/03\/201703151.jpg\" title=\"\" rel=\"gallery170316_1\"><img loading=\"lazy\" decoding=\"async\" src=\"https:\/\/brigetiosport.hu\/wordpress\/wp-content\/uploads\/2017\/03\/201703151-1024x1000.jpg\" width=\"840\" height=\"820\" alt=\"\" \/><\/a>\r\n<\/div><\/figure>\r\n\t\t<\/div>\n\n<p style=\"text-align: center;\">\n","protected":false},"excerpt":{"rendered":"<p>&nbsp; M\u00e1rcius 15-\u00e9n, nemzeti \u00fcnnep\u00fcnk\u00f6n az 1848-49-es forradalom \u00e9s szabads\u00e1gharc h\u0151seire eml\u00e9kezt\u00fcnk. Hagyom\u00e1ny\u0151rz\u0151 ker\u00e9kp\u00e1ros t\u00fara keret\u00e9ben ezen a napon \u00c1cstesz\u00e9rre, T\u00e1ncsics Mih\u00e1ly sz\u00fcl\u0151faluj\u00e1ba ker\u00e9kp\u00e1roztunk el, ahol az \u00fcnnepi megeml\u00e9kez\u00e9sen megkoszor\u00faztuk T\u00e1ncsics Mih\u00e1ly mellszobr\u00e1t. A koszor\u00faz\u00e1st k\u00f6vet\u0151en \u00c1cstesz\u00e9r Alpolg\u00e1rmestere vend\u00e9g\u00fcl l\u00e1tta eb\u00e9dre csapatunkat, majd j\u00f3l lakottan megm\u00e1sztuk a T\u00e1ncsics Mih\u00e1ly szobra melletti meredek emelked\u0151t, ezut\u00e1n m\u00e1r &hellip; <a href=\"https:\/\/brigetiosport.hu\/wordpress\/2017\/03\/16\/marcius-15-en-acsteszerre-latogattunk\/\" class=\"more-link\"><span class=\"screen-reader-text\">&#8222;M\u00e1rcius 15-\u00e9n \u00c1cstesz\u00e9rre l\u00e1togattunk&#8221;<\/span> b\u0151vebben<\/a><\/p>\n","protected":false},"author":3,"featured_media":0,"comment_status":"closed","ping_status":"closed","sticky":false,"template":"","format":"standard","meta":{"footnotes":""},"categories":[1],"tags":[],"_links":{"self":[{"href":"https:\/\/brigetiosport.hu\/wordpress\/wp-json\/wp\/v2\/posts\/347"}],"collection":[{"href":"https:\/\/brigetiosport.hu\/wordpress\/wp-json\/wp\/v2\/posts"}],"about":[{"href":"https:\/\/brigetiosport.hu\/wordpress\/wp-json\/wp\/v2\/types\/post"}],"author":[{"embeddable":true,"href":"https:\/\/brigetiosport.hu\/wordpress\/wp-json\/wp\/v2\/users\/3"}],"replies":[{"embeddable":true,"href":"https:\/\/brigetiosport.hu\/wordpress\/wp-json\/wp\/v2\/comments?post=347"}],"version-history":[{"count":3,"href":"https:\/\/brigetiosport.hu\/wordpress\/wp-json\/wp\/v2\/posts\/347\/revisions"}],"predecessor-version":[{"id":351,"href":"https:\/\/brigetiosport.hu\/wordpress\/wp-json\/wp\/v2\/posts\/347\/revisions\/351"}],"wp:attachment":[{"href":"https:\/\/brigetiosport.hu\/wordpress\/wp-json\/wp\/v2\/media?parent=347"}],"wp:term":[{"taxonomy":"category","embeddable":true,"href":"https:\/\/brigetiosport.hu\/wordpress\/wp-json\/wp\/v2\/categories?post=347"},{"taxonomy":"post_tag","embeddable":true,"href":"https:\/\/brigetiosport.hu\/wordpress\/wp-json\/wp\/v2\/tags?post=347"}],"curies":[{"name":"wp","href":"https:\/\/api.w.org\/{rel}","templated":true}]}}