{"id":343,"date":"2017-03-16T17:16:41","date_gmt":"2017-03-16T16:16:41","guid":{"rendered":"http:\/\/brigetiosport.hu\/wordpress\/?p=343"},"modified":"2017-03-16T21:22:52","modified_gmt":"2017-03-16T20:22:52","slug":"lassan-vege-az-alapozo-edzeseknek-kezdodhet-a-versenyszezon","status":"publish","type":"post","link":"https:\/\/brigetiosport.hu\/wordpress\/2017\/03\/16\/lassan-vege-az-alapozo-edzeseknek-kezdodhet-a-versenyszezon\/","title":{"rendered":"Lassan v\u00e9ge az alapoz\u00f3 edz\u00e9seknek, kezd\u0151dhet a versenyszezon!"},"content":{"rendered":"<p style=\"text-align: left;\">Az elm\u00falt hetekben alapoz\u00f3 edz\u00e9seket tartottunk tagjainknak azzal a c\u00e9llal, hogy a hamarosan kezd\u0151d\u0151 ker\u00e9kp\u00e1ros rendezv\u00e9nyekhez alapot adva b\u00e1tran rajthoz \u00e1llhassanak.<\/p>\n\n\t\t<div id='gallery-1' class='gallery galleryid-343 gallery-columns-2 gallery-size-medium 170316_2'><script type=\"text\/javascript\">\r\n\/\/ <![CDATA[\r\n\tjQuery(document).ready(function () {\r\n\t\tjQuery(\".170316_2 a\").attr(\"rel\",\"170316_2\");\t\r\n\t\tjQuery('a[rel=\"170316_2\"]').colorbox({maxWidth:\"95%\", maxHeight:\"95%\",title: function(){ return jQuery(this).children().attr(\"alt\"); }});\r\n\t});\r\n\/\/ ]]>\r\n<\/script>\n<figure class=\"gallery-item\">\n<div class=\"gallery-icon\">\r\n<a href=\"https:\/\/brigetiosport.hu\/wordpress\/wp-content\/uploads\/2017\/03\/IMG_20170312_112924.jpg\" title=\"\" rel=\"170316_2\"><img loading=\"lazy\" decoding=\"async\" src=\"https:\/\/brigetiosport.hu\/wordpress\/wp-content\/uploads\/2017\/03\/IMG_20170312_112924-300x169.jpg\" width=\"300\" height=\"169\" alt=\"\" \/><\/a>\r\n<\/div><\/figure>\r\n\t\t<\/div>\n\n<p style=\"text-align: left;\">M\u00e1rcius 5-\u00e9n a Brigetio Orsz\u00e1g\u00fati Mez\u0151nyverseny \u00fatvonal\u00e1n, m\u00edg m\u00e1rcius 12-\u00e9n Szlov\u00e1ki\u00e1ban, kiv\u00e1l\u00f3 min\u0151s\u00e9g\u0171 utakon, 90 km-es dombos terepen haladt az edz\u00e9s.\u00a0 \u00c9rdekess\u00e9g, hogy mindk\u00e9t edz\u00e9sen a 2016 \u00e9v Brigetio Orsz\u00e1g\u00fati Mez\u0151nyverseny abszol\u00fat gy\u0151ztese Strecko Ondrej is r\u00e9szt vett, aminek nagyon \u00f6r\u00fclt\u00fcnk.<\/p>\n\n\t\t<div id='gallery-2' class='gallery galleryid-343 gallery-columns-1 gallery-size-large 170316_2'><script type=\"text\/javascript\">\r\n\/\/ <![CDATA[\r\n\tjQuery(document).ready(function () {\r\n\t\tjQuery(\".170316_2 a\").attr(\"rel\",\"170316_2\");\t\r\n\t\tjQuery('a[rel=\"170316_2\"]').colorbox({maxWidth:\"95%\", maxHeight:\"95%\",title: function(){ return jQuery(this).children().attr(\"alt\"); }});\r\n\t});\r\n\/\/ ]]>\r\n<\/script>\n<figure class=\"gallery-item\">\n<div class=\"gallery-icon\">\r\n<a href=\"https:\/\/brigetiosport.hu\/wordpress\/wp-content\/uploads\/2017\/03\/IMG_20170312_104817.jpg\" title=\"\" rel=\"170316_2\"><img loading=\"lazy\" decoding=\"async\" src=\"https:\/\/brigetiosport.hu\/wordpress\/wp-content\/uploads\/2017\/03\/IMG_20170312_104817-1024x576.jpg\" width=\"840\" height=\"473\" alt=\"\" \/><\/a>\r\n<\/div><\/figure>\r\n\t\t<\/div>\n\n","protected":false},"excerpt":{"rendered":"<p>Az elm\u00falt hetekben alapoz\u00f3 edz\u00e9seket tartottunk tagjainknak azzal a c\u00e9llal, hogy a hamarosan kezd\u0151d\u0151 ker\u00e9kp\u00e1ros rendezv\u00e9nyekhez alapot adva b\u00e1tran rajthoz \u00e1llhassanak. M\u00e1rcius 5-\u00e9n a Brigetio Orsz\u00e1g\u00fati Mez\u0151nyverseny \u00fatvonal\u00e1n, m\u00edg m\u00e1rcius 12-\u00e9n Szlov\u00e1ki\u00e1ban, kiv\u00e1l\u00f3 min\u0151s\u00e9g\u0171 utakon, 90 km-es dombos terepen haladt az edz\u00e9s.\u00a0 \u00c9rdekess\u00e9g, hogy mindk\u00e9t edz\u00e9sen a 2016 \u00e9v Brigetio Orsz\u00e1g\u00fati Mez\u0151nyverseny abszol\u00fat gy\u0151ztese Strecko &hellip; <a href=\"https:\/\/brigetiosport.hu\/wordpress\/2017\/03\/16\/lassan-vege-az-alapozo-edzeseknek-kezdodhet-a-versenyszezon\/\" class=\"more-link\"><span class=\"screen-reader-text\">&#8222;Lassan v\u00e9ge az alapoz\u00f3 edz\u00e9seknek, kezd\u0151dhet a versenyszezon!&#8221;<\/span> b\u0151vebben<\/a><\/p>\n","protected":false},"author":3,"featured_media":0,"comment_status":"closed","ping_status":"closed","sticky":false,"template":"","format":"standard","meta":{"footnotes":""},"categories":[1],"tags":[],"_links":{"self":[{"href":"https:\/\/brigetiosport.hu\/wordpress\/wp-json\/wp\/v2\/posts\/343"}],"collection":[{"href":"https:\/\/brigetiosport.hu\/wordpress\/wp-json\/wp\/v2\/posts"}],"about":[{"href":"https:\/\/brigetiosport.hu\/wordpress\/wp-json\/wp\/v2\/types\/post"}],"author":[{"embeddable":true,"href":"https:\/\/brigetiosport.hu\/wordpress\/wp-json\/wp\/v2\/users\/3"}],"replies":[{"embeddable":true,"href":"https:\/\/brigetiosport.hu\/wordpress\/wp-json\/wp\/v2\/comments?post=343"}],"version-history":[{"count":6,"href":"https:\/\/brigetiosport.hu\/wordpress\/wp-json\/wp\/v2\/posts\/343\/revisions"}],"predecessor-version":[{"id":356,"href":"https:\/\/brigetiosport.hu\/wordpress\/wp-json\/wp\/v2\/posts\/343\/revisions\/356"}],"wp:attachment":[{"href":"https:\/\/brigetiosport.hu\/wordpress\/wp-json\/wp\/v2\/media?parent=343"}],"wp:term":[{"taxonomy":"category","embeddable":true,"href":"https:\/\/brigetiosport.hu\/wordpress\/wp-json\/wp\/v2\/categories?post=343"},{"taxonomy":"post_tag","embeddable":true,"href":"https:\/\/brigetiosport.hu\/wordpress\/wp-json\/wp\/v2\/tags?post=343"}],"curies":[{"name":"wp","href":"https:\/\/api.w.org\/{rel}","templated":true}]}}