{"id":3288,"date":"2025-06-26T19:00:07","date_gmt":"2025-06-26T18:00:07","guid":{"rendered":"https:\/\/brigetiosport.hu\/wordpress\/?p=3288"},"modified":"2025-07-06T15:04:51","modified_gmt":"2025-07-06T14:04:51","slug":"beszamolo-idofutam-ob","status":"publish","type":"post","link":"https:\/\/brigetiosport.hu\/wordpress\/2025\/06\/26\/beszamolo-idofutam-ob\/","title":{"rendered":"Besz\u00e1mol\u00f3: Id\u0151futam OB"},"content":{"rendered":"<p><span class=\"x193iq5w xeuugli x13faqbe x1vvkbs x1xmvt09 x1lliihq x1s928wv xhkezso x1gmr53x x1cpjm7i x1fgarty x1943h6x xudqn12 x3x7a5m x6prxxf xvq8zen xo1l8bm xzsf02u x1yc453h\" dir=\"auto\">2025. 06. 25-\u00e9n, az idei \u00e9v eddig legmelegebb napj\u00e1n ker\u00fclt sor Magyarorsz\u00e1g Id\u0151futam Bajnoks\u00e1g\u00e1ra, Debrecen-Bocskaikert mellett, a 354. sz. \u00faton. Egyes\u00fclet\u00fcnket U23 kateg\u00f3ri\u00e1ban Havasi Zolt\u00e1n k\u00e9pviselte. Zoli hossz\u00fa kihagy\u00e1s ut\u00e1n, ebben a kateg\u00f3ri\u00e1ban els\u0151 \u00e9vesk\u00e9nt, nagyon er\u0151s ellenfelek k\u00f6z\u00f6tt az el\u0151kel\u0151 6. helyen \u00e9rt c\u00e9lba. Eredm\u00e9ny\u00e9hez gratul\u00e1lunk, tov\u00e1bbi sok sikert k\u00edv\u00e1nunk!<span class=\"html-span xexx8yu xyri2b x18d9i69 x1c1uobl x1hl2dhg x16tdsg8 x1vvkbs x3nfvp2 x1j61x8r x1fcty0u xdj266r xat24cr xm2jcoa x1mpyi22 xxymvpz xlup9mm x1kky2od\"><img loading=\"lazy\" decoding=\"async\" class=\"xz74otr x15mokao x1ga7v0g x16uus16 xbiv7yw\" src=\"https:\/\/static.xx.fbcdn.net\/images\/emoji.php\/v9\/tfe\/1\/16\/1f44f.png\" alt=\"\ud83d\udc4f\" width=\"16\" height=\"16\" \/><\/span><span class=\"html-span xexx8yu xyri2b x18d9i69 x1c1uobl x1hl2dhg x16tdsg8 x1vvkbs x3nfvp2 x1j61x8r x1fcty0u xdj266r xat24cr xm2jcoa x1mpyi22 xxymvpz xlup9mm x1kky2od\"><img loading=\"lazy\" decoding=\"async\" class=\"xz74otr x15mokao x1ga7v0g x16uus16 xbiv7yw\" src=\"https:\/\/static.xx.fbcdn.net\/images\/emoji.php\/v9\/t20\/1\/16\/1f1ed_1f1fa.png\" alt=\"\ud83c\udded\ud83c\uddfa\" width=\"16\" height=\"16\" \/><\/span><\/span><\/p>\n\n\t\t<div id='gallery-1' class='gallery galleryid-3288 gallery-columns-1 gallery-size-large gal250626'><script type=\"text\/javascript\">\r\n\/\/ <![CDATA[\r\n\tjQuery(document).ready(function () {\r\n\t\tjQuery(\".gal250626 a\").attr(\"rel\",\"gal250626\");\t\r\n\t\tjQuery('a[rel=\"gal250626\"]').colorbox({maxWidth:\"95%\", maxHeight:\"95%\",title: function(){ return jQuery(this).children().attr(\"alt\"); }});\r\n\t});\r\n\/\/ ]]>\r\n<\/script>\n<figure class=\"gallery-item\">\n<div class=\"gallery-icon\">\r\n<a href=\"https:\/\/brigetiosport.hu\/wordpress\/wp-content\/uploads\/2025\/07\/20250625_idofutam_ob.jpg\" title=\"\" rel=\"gal250626\"><img loading=\"lazy\" decoding=\"async\" src=\"https:\/\/brigetiosport.hu\/wordpress\/wp-content\/uploads\/2025\/07\/20250625_idofutam_ob-1024x683.jpg\" width=\"840\" height=\"560\" alt=\"\" \/><\/a>\r\n<\/div><\/figure>\r\n\t\t<\/div>\n\n","protected":false},"excerpt":{"rendered":"<p>2025. 06. 25-\u00e9n, az idei \u00e9v eddig legmelegebb napj\u00e1n ker\u00fclt sor Magyarorsz\u00e1g Id\u0151futam Bajnoks\u00e1g\u00e1ra, Debrecen-Bocskaikert mellett, a 354. sz. \u00faton. Egyes\u00fclet\u00fcnket U23 kateg\u00f3ri\u00e1ban Havasi Zolt\u00e1n k\u00e9pviselte. Zoli hossz\u00fa kihagy\u00e1s ut\u00e1n, ebben a kateg\u00f3ri\u00e1ban els\u0151 \u00e9vesk\u00e9nt, nagyon er\u0151s ellenfelek k\u00f6z\u00f6tt az el\u0151kel\u0151 6. helyen \u00e9rt c\u00e9lba. Eredm\u00e9ny\u00e9hez gratul\u00e1lunk, tov\u00e1bbi sok sikert k\u00edv\u00e1nunk!<\/p>\n","protected":false},"author":3,"featured_media":0,"comment_status":"closed","ping_status":"closed","sticky":false,"template":"","format":"standard","meta":{"footnotes":""},"categories":[10,6],"tags":[],"_links":{"self":[{"href":"https:\/\/brigetiosport.hu\/wordpress\/wp-json\/wp\/v2\/posts\/3288"}],"collection":[{"href":"https:\/\/brigetiosport.hu\/wordpress\/wp-json\/wp\/v2\/posts"}],"about":[{"href":"https:\/\/brigetiosport.hu\/wordpress\/wp-json\/wp\/v2\/types\/post"}],"author":[{"embeddable":true,"href":"https:\/\/brigetiosport.hu\/wordpress\/wp-json\/wp\/v2\/users\/3"}],"replies":[{"embeddable":true,"href":"https:\/\/brigetiosport.hu\/wordpress\/wp-json\/wp\/v2\/comments?post=3288"}],"version-history":[{"count":2,"href":"https:\/\/brigetiosport.hu\/wordpress\/wp-json\/wp\/v2\/posts\/3288\/revisions"}],"predecessor-version":[{"id":3291,"href":"https:\/\/brigetiosport.hu\/wordpress\/wp-json\/wp\/v2\/posts\/3288\/revisions\/3291"}],"wp:attachment":[{"href":"https:\/\/brigetiosport.hu\/wordpress\/wp-json\/wp\/v2\/media?parent=3288"}],"wp:term":[{"taxonomy":"category","embeddable":true,"href":"https:\/\/brigetiosport.hu\/wordpress\/wp-json\/wp\/v2\/categories?post=3288"},{"taxonomy":"post_tag","embeddable":true,"href":"https:\/\/brigetiosport.hu\/wordpress\/wp-json\/wp\/v2\/tags?post=3288"}],"curies":[{"name":"wp","href":"https:\/\/api.w.org\/{rel}","templated":true}]}}