{"id":3249,"date":"2025-06-13T19:00:52","date_gmt":"2025-06-13T18:00:52","guid":{"rendered":"https:\/\/brigetiosport.hu\/wordpress\/?p=3249"},"modified":"2025-10-24T07:25:39","modified_gmt":"2025-10-24T06:25:39","slug":"akesz-kupa-7-ik-fordulo-tour-de-matra-orszaguti-mezonyverseny","status":"publish","type":"post","link":"https:\/\/brigetiosport.hu\/wordpress\/2025\/06\/13\/akesz-kupa-7-ik-fordulo-tour-de-matra-orszaguti-mezonyverseny\/","title":{"rendered":"AKESZ-kupa: 7-ik fordul\u00f3 &#8211; Tour de M\u00e1tra orsz\u00e1g\u00fati mez\u0151nyverseny"},"content":{"rendered":"<div dir=\"auto\">\n\n\t\t<div id='gallery-1' class='gallery galleryid-3249 gallery-columns-2 gallery-size-medium gal250613'><script type=\"text\/javascript\">\r\n\/\/ <![CDATA[\r\n\tjQuery(document).ready(function () {\r\n\t\tjQuery(\".gal250613 a\").attr(\"rel\",\"gal250613\");\t\r\n\t\tjQuery('a[rel=\"gal250613\"]').colorbox({maxWidth:\"95%\", maxHeight:\"95%\",title: function(){ return jQuery(this).children().attr(\"alt\"); }});\r\n\t});\r\n\/\/ ]]>\r\n<\/script>\n<figure class=\"gallery-item\">\n<div class=\"gallery-icon\">\r\n<a href=\"https:\/\/brigetiosport.hu\/wordpress\/wp-content\/uploads\/2025\/07\/20250607_tourdematra_01.jpg\" title=\"\" rel=\"gal250613\"><img loading=\"lazy\" decoding=\"async\" src=\"https:\/\/brigetiosport.hu\/wordpress\/wp-content\/uploads\/2025\/07\/20250607_tourdematra_01-300x157.jpg\" width=\"300\" height=\"157\" alt=\"\" \/><\/a>\r\n<\/div><\/figure><figure class=\"gallery-item\">\n<div class=\"gallery-icon\">\r\n<a href=\"https:\/\/brigetiosport.hu\/wordpress\/wp-content\/uploads\/2025\/07\/20250607_tourdematra_02.jpg\" title=\"\" rel=\"gal250613\"><img loading=\"lazy\" decoding=\"async\" src=\"https:\/\/brigetiosport.hu\/wordpress\/wp-content\/uploads\/2025\/07\/20250607_tourdematra_02-300x157.jpg\" width=\"300\" height=\"157\" alt=\"\" \/><\/a>\r\n<\/div><\/figure><figure class=\"gallery-item\">\n<div class=\"gallery-icon\">\r\n<a href=\"https:\/\/brigetiosport.hu\/wordpress\/wp-content\/uploads\/2025\/07\/20250607_tourdematra_03.jpg\" title=\"\" rel=\"gal250613\"><img loading=\"lazy\" decoding=\"async\" src=\"https:\/\/brigetiosport.hu\/wordpress\/wp-content\/uploads\/2025\/07\/20250607_tourdematra_03-300x157.jpg\" width=\"300\" height=\"157\" alt=\"\" \/><\/a>\r\n<\/div><\/figure><figure class=\"gallery-item\">\n<div class=\"gallery-icon\">\r\n<a href=\"https:\/\/brigetiosport.hu\/wordpress\/wp-content\/uploads\/2025\/07\/20250607_tourdematra_04.jpg\" title=\"\" rel=\"gal250613\"><img loading=\"lazy\" decoding=\"async\" src=\"https:\/\/brigetiosport.hu\/wordpress\/wp-content\/uploads\/2025\/07\/20250607_tourdematra_04-300x157.jpg\" width=\"300\" height=\"157\" alt=\"\" \/><\/a>\r\n<\/div><\/figure><figure class=\"gallery-item\">\n<div class=\"gallery-icon\">\r\n<a href=\"https:\/\/brigetiosport.hu\/wordpress\/wp-content\/uploads\/2025\/07\/20250607_tourdematra_05.jpg\" title=\"\" rel=\"gal250613\"><img loading=\"lazy\" decoding=\"async\" src=\"https:\/\/brigetiosport.hu\/wordpress\/wp-content\/uploads\/2025\/07\/20250607_tourdematra_05-300x157.jpg\" width=\"300\" height=\"157\" alt=\"\" \/><\/a>\r\n<\/div><\/figure><figure class=\"gallery-item\">\n<div class=\"gallery-icon\">\r\n<a href=\"https:\/\/brigetiosport.hu\/wordpress\/wp-content\/uploads\/2025\/07\/20250607_tourdematra_06.jpg\" title=\"\" rel=\"gal250613\"><img loading=\"lazy\" decoding=\"async\" src=\"https:\/\/brigetiosport.hu\/wordpress\/wp-content\/uploads\/2025\/07\/20250607_tourdematra_06-300x157.jpg\" width=\"300\" height=\"157\" alt=\"\" \/><\/a>\r\n<\/div><\/figure><figure class=\"gallery-item\">\n<div class=\"gallery-icon\">\r\n<a href=\"https:\/\/brigetiosport.hu\/wordpress\/wp-content\/uploads\/2025\/07\/20250607_tourdematra_07.jpg\" title=\"\" rel=\"gal250613\"><img loading=\"lazy\" decoding=\"async\" src=\"https:\/\/brigetiosport.hu\/wordpress\/wp-content\/uploads\/2025\/07\/20250607_tourdematra_07-300x157.jpg\" width=\"300\" height=\"157\" alt=\"\" \/><\/a>\r\n<\/div><\/figure><figure class=\"gallery-item\">\n<div class=\"gallery-icon\">\r\n<a href=\"https:\/\/brigetiosport.hu\/wordpress\/wp-content\/uploads\/2025\/07\/20250607_tourdematra_08.jpg\" title=\"\" rel=\"gal250613\"><img loading=\"lazy\" decoding=\"async\" src=\"https:\/\/brigetiosport.hu\/wordpress\/wp-content\/uploads\/2025\/07\/20250607_tourdematra_08-300x157.jpg\" width=\"300\" height=\"157\" alt=\"\" \/><\/a>\r\n<\/div><\/figure><figure class=\"gallery-item\">\n<div class=\"gallery-icon\">\r\n<a href=\"https:\/\/brigetiosport.hu\/wordpress\/wp-content\/uploads\/2025\/07\/20250607_tourdematra_09.jpg\" title=\"\" rel=\"gal250613\"><img loading=\"lazy\" decoding=\"async\" src=\"https:\/\/brigetiosport.hu\/wordpress\/wp-content\/uploads\/2025\/07\/20250607_tourdematra_09-300x157.jpg\" width=\"300\" height=\"157\" alt=\"\" \/><\/a>\r\n<\/div><\/figure><figure class=\"gallery-item\">\n<div class=\"gallery-icon\">\r\n<a href=\"https:\/\/brigetiosport.hu\/wordpress\/wp-content\/uploads\/2025\/07\/20250607_tourdematra_10.jpg\" title=\"\" rel=\"gal250613\"><img loading=\"lazy\" decoding=\"async\" src=\"https:\/\/brigetiosport.hu\/wordpress\/wp-content\/uploads\/2025\/07\/20250607_tourdematra_10-300x157.jpg\" width=\"300\" height=\"157\" alt=\"\" \/><\/a>\r\n<\/div><\/figure>\r\n\t\t<\/div>\n\n<\/div>\n<p>Az elm\u00falt h\u00e9tv\u00e9g\u00e9n csapatunk \u00f6t versenyz\u0151vel \u00e1llt rajthoz haz\u00e1nk egyik legkem\u00e9nyebb, k\u00e9tnapos amat\u0151r orsz\u00e1g\u00fati verseny\u00e9n, a Tour de M\u00e1tr\u00e1n, amely a Magyar Ker\u00e9kp\u00e1ros Amat\u0151r Bajnoks\u00e1g 7. fordul\u00f3jak\u00e9nt szerepelt a napt\u00e1rban. A verseny k\u00fcl\u00f6nlegess\u00e9ge, hogy mindk\u00e9t nap Magyarorsz\u00e1g legmagasabb pontj\u00e1n, a K\u00e9kestet\u0151n volt a c\u00e9l \u2013 ami nem csak a l\u00e1tv\u00e1ny miatt ikonikus, hanem az emelked\u0151 utols\u00f3 3 km-\u00e9nek brut\u00e1lis meredeks\u00e9ge miatt is. Tagjaink kiv\u00e1l\u00f3an helyt \u00e1lltak \u00e9s kiv\u00e1l\u00f3 eredm\u00e9nyekkel t\u00e9rtek haza.<\/p>\n<p><span class=\"html-span xexx8yu xyri2b x18d9i69 x1c1uobl x1hl2dhg x16tdsg8 x1vvkbs x3nfvp2 x1j61x8r x1fcty0u xdj266r xat24cr xm2jcoa x1mpyi22 xxymvpz xlup9mm x1kky2od\"><img loading=\"lazy\" decoding=\"async\" class=\"xz74otr x15mokao x1ga7v0g x16uus16 xbiv7yw\" src=\"https:\/\/static.xx.fbcdn.net\/images\/emoji.php\/v9\/te\/1\/16\/1f6b4_200d_2640.png\" alt=\"\ud83d\udeb4\u200d\u2640\ufe0f\" width=\"16\" height=\"16\" \/><\/span> K\u00e1lin\u00e9 Sz\u00e9kely Vikt\u00f3ria<br \/>\nViki minden szempontb\u00f3l kiemelked\u0151 teljes\u00edtm\u00e9nyt ny\u00fajtott a h\u00e9tv\u00e9g\u00e9n. A szombati 83 km-es, 1538 m szintk\u00fcl\u00f6nbs\u00e9g\u0171 t\u00e1von v\u00e9gig a leger\u0151sebb n\u0151i \u00e9s f\u00e9rfi csoportban haladt, remek\u00fcl osztotta be erej\u00e9t, \u00e9s kateg\u00f3riagy\u0151zelmet aratott, abszol\u00fatban pedig a 6. helyen z\u00e1rt.<br \/>\nVas\u00e1rnap, a 16 km-es mez\u0151nyversenyen ism\u00e9t kiv\u00e1l\u00f3 form\u00e1t mutatott, \u00fajabb kateg\u00f3riaels\u0151s\u00e9get szerzett, \u00e9s ezzel \u00f6sszetettben a n\u0151i mez\u0151ny 2. hely\u00e9t is elh\u00f3d\u00edtotta.<\/p>\n<p><span class=\"html-span xexx8yu xyri2b x18d9i69 x1c1uobl x1hl2dhg x16tdsg8 x1vvkbs x3nfvp2 x1j61x8r x1fcty0u xdj266r xat24cr xm2jcoa x1mpyi22 xxymvpz xlup9mm x1kky2od\"><img loading=\"lazy\" decoding=\"async\" class=\"xz74otr x15mokao x1ga7v0g x16uus16 xbiv7yw\" src=\"https:\/\/static.xx.fbcdn.net\/images\/emoji.php\/v9\/te\/1\/16\/1f6b4_200d_2640.png\" alt=\"\ud83d\udeb4\u200d\u2640\ufe0f\" width=\"16\" height=\"16\" \/><\/span> K\u00e1li S\u00e1ndor<br \/>\nSanyi sz\u00e1m\u00e1ra nem indult k\u00f6nnyen a szombati verseny: a rajtproced\u00fara elh\u00faz\u00f3d\u00e1sa miatt h\u00e1tr\u00e1nyb\u00f3l indult, de hamar felz\u00e1rk\u00f3zott \u00e9s m\u00e1r az els\u0151 emelked\u0151 tetej\u00e9n, M\u00e1trah\u00e1z\u00e1n kateg\u00f3riaels\u0151k\u00e9nt haladt \u00e1t. Sajnos a lejtmenetben leesett a l\u00e1nca, \u00edgy \u00fajra h\u00e1tr\u00e1nyba ker\u00fclt, m\u00e9gis siker\u00fclt ism\u00e9t az \u00e9lre \u00e9rnie. Az utols\u00f3 m\u00e1sz\u00e1son viszont m\u00e1r nem maradt el\u00e9g tartal\u00e9ka, \u00edgy 20 m\u00e1sodperces lemarad\u00e1ssal 2. helyen \u00e9rt c\u00e9lba.<br \/>\nVas\u00e1rnap azonban visszav\u00e1gott: remek\u00fcl osztotta be az erej\u00e9t, \u00e9s a K\u00e9kes cs\u00facs\u00e1n \u0151 szak\u00edtotta \u00e1t els\u0151k\u00e9nt a c\u00e9lvonalat, ezzel megszerezve a kateg\u00f3ria- \u00e9s abszol\u00fat gy\u0151zelmet, valamint az \u00f6sszetett els\u0151 helyet is!<\/p>\n<p><span class=\"html-span xexx8yu xyri2b x18d9i69 x1c1uobl x1hl2dhg x16tdsg8 x1vvkbs x3nfvp2 x1j61x8r x1fcty0u xdj266r xat24cr xm2jcoa x1mpyi22 xxymvpz xlup9mm x1kky2od\"><img loading=\"lazy\" decoding=\"async\" class=\"xz74otr x15mokao x1ga7v0g x16uus16 xbiv7yw\" src=\"https:\/\/static.xx.fbcdn.net\/images\/emoji.php\/v9\/te\/1\/16\/1f6b4_200d_2640.png\" alt=\"\ud83d\udeb4\u200d\u2640\ufe0f\" width=\"16\" height=\"16\" \/><\/span> Bojsza Krist\u00f3f<br \/>\nKrist\u00f3f a szombati versenyen kiv\u00e1l\u00f3an mozgott: fesz\u00edtett temp\u00f3ban haladt a M\u00e1trah\u00e1z\u00e1ig, majd a technik\u00e1s lejtmenetben \u00e9s az emelked\u0151 m\u00e1sodik m\u00e1sz\u00e1s\u00e1n\u00e1l is tudott t\u00e1madni. Ahogy elmondta, a v\u00e9g\u00e9n m\u00e9g saj\u00e1t mag\u00e1t is meglepte a teljes\u00edtm\u00e9nye, mikor siker\u00fclt leszak\u00edtania a t\u00f6bbieket. V\u00e9g\u00fcl a kateg\u00f3ri\u00e1ja 7. hely\u00e9n z\u00e1rt.<\/p>\n<p><span class=\"html-span xexx8yu xyri2b x18d9i69 x1c1uobl x1hl2dhg x16tdsg8 x1vvkbs x3nfvp2 x1j61x8r x1fcty0u xdj266r xat24cr xm2jcoa x1mpyi22 xxymvpz xlup9mm x1kky2od\"><img loading=\"lazy\" decoding=\"async\" class=\"xz74otr x15mokao x1ga7v0g x16uus16 xbiv7yw\" src=\"https:\/\/static.xx.fbcdn.net\/images\/emoji.php\/v9\/te\/1\/16\/1f6b4_200d_2640.png\" alt=\"\ud83d\udeb4\u200d\u2640\ufe0f\" width=\"16\" height=\"16\" \/><\/span> Dr. T\u00f3th \u00c1lmos D\u00e1vid<br \/>\n\u00c1lmos tudatosan osztotta be az erej\u00e9t a neh\u00e9z szakaszokon. A rajt ut\u00e1n saj\u00e1t temp\u00f3ra v\u00e1ltott, majd Par\u00e1d \u00e9s Domoszl\u00f3 k\u00f6z\u00f6tt bolyozott kisebb csoportokban. M\u00e1trah\u00e1z\u00e1n m\u00e1r \u00e9rezte, hogy fogyt\u00e1n az energia, \u00edgy a K\u00e9kes emelked\u0151j\u00e9t ink\u00e1bb t\u00fal\u00e9l\u00e9sre j\u00e1tszva teljes\u00edtette. Ennek ellen\u00e9re v\u00e9gigk\u00fczd\u00f6tte mag\u00e1t, \u00e9s a 83 km-es versenyt a 41. helyen z\u00e1rta \u2013 ahogy fogalmazott: \u201eNagy \u00e9lm\u00e9ny volt feljutni a K\u00e9kesre, de nagyon kimer\u00edt\u0151 is.\u201d<\/p>\n<p><span class=\"html-span xexx8yu xyri2b x18d9i69 x1c1uobl x1hl2dhg x16tdsg8 x1vvkbs x3nfvp2 x1j61x8r x1fcty0u xdj266r xat24cr xm2jcoa x1mpyi22 xxymvpz xlup9mm x1kky2od\"><img loading=\"lazy\" decoding=\"async\" class=\"xz74otr x15mokao x1ga7v0g x16uus16 xbiv7yw\" src=\"https:\/\/static.xx.fbcdn.net\/images\/emoji.php\/v9\/te\/1\/16\/1f6b4_200d_2640.png\" alt=\"\ud83d\udeb4\u200d\u2640\ufe0f\" width=\"16\" height=\"16\" \/><\/span> Csintalan Mikl\u00f3s<br \/>\nMikl\u00f3s a vas\u00e1rnapi 16 km-es versenyen \u00e1llt rajthoz, ahol a senior3 korcsoportban versenyzett, \u00e9s bronz\u00e9rmet szerzett! A j\u00f3 form\u00e1j\u00e1t \u00e9s hegyi k\u00e9pess\u00e9geit kiv\u00e1l\u00f3an kamatoztatta ezen a r\u00f6vid, de brut\u00e1lisan emelked\u0151 szakaszon.<\/p>\n<p><strong>Eredm\u00e9nyek \u00f6sszefoglalva:<\/strong><\/p>\n<p><strong>K\u00e1li S\u00e1ndor<\/strong><br \/>\n\u2013 83 km \u2013 2. hely<br \/>\n\u2013 16 km \u2013 1. hely<br \/>\n\u2013 \u00d6sszetett abszol\u00fat gy\u0151zelem<\/p>\n<p><strong>K\u00e1lin\u00e9 Sz\u00e9kely Vikt\u00f3ria<\/strong><br \/>\n\u2013 83 km \u2013 1. hely<br \/>\n\u2013 16 km \u2013 1. hely<br \/>\n\u2013 \u00d6sszetett n\u0151i 2. hely<\/p>\n<p><strong>Bojsza Krist\u00f3f<\/strong><br \/>\n\u2013 83 km \u2013 7. hely<\/p>\n<p><strong>Dr. T\u00f3th \u00c1lmos D\u00e1vid<\/strong><br \/>\n\u2013 83 km \u2013 41. hely<\/p>\n<p><strong>Csintalan Mikl\u00f3s<\/strong><br \/>\n\u2013 16 km \u2013 3. hely (senior3)<\/p>\n<p>Gratul\u00e1lunk minden versenyz\u0151nknek a fantasztikus helyt\u00e1ll\u00e1shoz!<\/p>\n","protected":false},"excerpt":{"rendered":"<p>Az elm\u00falt h\u00e9tv\u00e9g\u00e9n csapatunk \u00f6t versenyz\u0151vel \u00e1llt rajthoz haz\u00e1nk egyik legkem\u00e9nyebb, k\u00e9tnapos amat\u0151r orsz\u00e1g\u00fati verseny\u00e9n, a Tour de M\u00e1tr\u00e1n, amely a Magyar Ker\u00e9kp\u00e1ros Amat\u0151r Bajnoks\u00e1g 7. fordul\u00f3jak\u00e9nt szerepelt a napt\u00e1rban. A verseny k\u00fcl\u00f6nlegess\u00e9ge, hogy mindk\u00e9t nap Magyarorsz\u00e1g legmagasabb pontj\u00e1n, a K\u00e9kestet\u0151n volt a c\u00e9l \u2013 ami nem csak a l\u00e1tv\u00e1ny miatt ikonikus, hanem az emelked\u0151 &hellip; <a href=\"https:\/\/brigetiosport.hu\/wordpress\/2025\/06\/13\/akesz-kupa-7-ik-fordulo-tour-de-matra-orszaguti-mezonyverseny\/\" class=\"more-link\"><span class=\"screen-reader-text\">&#8222;AKESZ-kupa: 7-ik fordul\u00f3 &#8211; Tour de M\u00e1tra orsz\u00e1g\u00fati mez\u0151nyverseny&#8221;<\/span> b\u0151vebben<\/a><\/p>\n","protected":false},"author":3,"featured_media":0,"comment_status":"closed","ping_status":"closed","sticky":false,"template":"","format":"standard","meta":{"footnotes":""},"categories":[10,3],"tags":[],"_links":{"self":[{"href":"https:\/\/brigetiosport.hu\/wordpress\/wp-json\/wp\/v2\/posts\/3249"}],"collection":[{"href":"https:\/\/brigetiosport.hu\/wordpress\/wp-json\/wp\/v2\/posts"}],"about":[{"href":"https:\/\/brigetiosport.hu\/wordpress\/wp-json\/wp\/v2\/types\/post"}],"author":[{"embeddable":true,"href":"https:\/\/brigetiosport.hu\/wordpress\/wp-json\/wp\/v2\/users\/3"}],"replies":[{"embeddable":true,"href":"https:\/\/brigetiosport.hu\/wordpress\/wp-json\/wp\/v2\/comments?post=3249"}],"version-history":[{"count":16,"href":"https:\/\/brigetiosport.hu\/wordpress\/wp-json\/wp\/v2\/posts\/3249\/revisions"}],"predecessor-version":[{"id":3402,"href":"https:\/\/brigetiosport.hu\/wordpress\/wp-json\/wp\/v2\/posts\/3249\/revisions\/3402"}],"wp:attachment":[{"href":"https:\/\/brigetiosport.hu\/wordpress\/wp-json\/wp\/v2\/media?parent=3249"}],"wp:term":[{"taxonomy":"category","embeddable":true,"href":"https:\/\/brigetiosport.hu\/wordpress\/wp-json\/wp\/v2\/categories?post=3249"},{"taxonomy":"post_tag","embeddable":true,"href":"https:\/\/brigetiosport.hu\/wordpress\/wp-json\/wp\/v2\/tags?post=3249"}],"curies":[{"name":"wp","href":"https:\/\/api.w.org\/{rel}","templated":true}]}}