{"id":3246,"date":"2025-06-10T19:30:52","date_gmt":"2025-06-10T18:30:52","guid":{"rendered":"https:\/\/brigetiosport.hu\/wordpress\/?p=3246"},"modified":"2025-10-24T07:31:01","modified_gmt":"2025-10-24T06:31:01","slug":"interju-nagy-leventevel-egyesuletunk-elhivatott-versenyzojevel","status":"publish","type":"post","link":"https:\/\/brigetiosport.hu\/wordpress\/2025\/06\/10\/interju-nagy-leventevel-egyesuletunk-elhivatott-versenyzojevel\/","title":{"rendered":"Interj\u00fa Nagy Levent\u00e9vel, egyes\u00fclet\u00fcnk elhivatott versenyz\u0151j\u00e9vel"},"content":{"rendered":"<div dir=\"auto\">\n\n\t\t<div id='gallery-1' class='gallery galleryid-3246 gallery-columns-1 gallery-size-large gal250610'><script type=\"text\/javascript\">\r\n\/\/ <![CDATA[\r\n\tjQuery(document).ready(function () {\r\n\t\tjQuery(\".gal250610 a\").attr(\"rel\",\"gal250610\");\t\r\n\t\tjQuery('a[rel=\"gal250610\"]').colorbox({maxWidth:\"95%\", maxHeight:\"95%\",title: function(){ return jQuery(this).children().attr(\"alt\"); }});\r\n\t});\r\n\/\/ ]]>\r\n<\/script>\n<figure class=\"gallery-item\">\n<div class=\"gallery-icon\">\r\n<a href=\"https:\/\/brigetiosport.hu\/wordpress\/wp-content\/uploads\/2025\/07\/20250610_nagylevente_interju.jpg\" title=\"\" rel=\"gal250610\"><img loading=\"lazy\" decoding=\"async\" src=\"https:\/\/brigetiosport.hu\/wordpress\/wp-content\/uploads\/2025\/07\/20250610_nagylevente_interju-1024x683.jpg\" width=\"840\" height=\"560\" alt=\"\" \/><\/a>\r\n<\/div><\/figure>\r\n\t\t<\/div>\n\n<\/div>\n<p>B\u00fcszk\u00e9n osztjuk meg veletek ezt az inspir\u00e1l\u00f3 interj\u00fat, amely Nagy Levent\u00e9vel, egyes\u00fclet\u00fcnk fiatal \u00e9s elhivatott versenyz\u0151j\u00e9vel k\u00e9sz\u00fclt.<\/p>\n<p>A besz\u00e9lget\u00e9sb\u0151l kider\u00fcl, hogyan lett sz\u00e1m\u00e1ra a ker\u00e9kp\u00e1roz\u00e1s \u00e9letforma, milyen utat j\u00e1rt be eddig, \u00e9s hogyan form\u00e1lta \u0151t emberileg is ez a sport.<\/p>\n<blockquote><p>A ker\u00e9kp\u00e1roz\u00e1s lett az \u00e9letem, ami \u00f6nbizalmat, nyitotts\u00e1got \u00e9s fejl\u0151d\u00e9st hozott sz\u00e1momra.<\/p><\/blockquote>\n<p>\u2013 mondja Levi az interj\u00faban. \u00c9s mi sem mondhattuk volna szebben!<\/p>\n<p>Olvass\u00e1tok el a teljes cikket itt: <a href=\"https:\/\/www.klikkout.sk\/2025\/06\/07\/a-kerekparozas-lett-az-eletem-ami-onbizalmat-nyitottsagot-es-fejlodest-hozott-szamomra-interju-nagy-leventevel\" target=\"_blank\" rel=\"noopener\">https:\/\/www.klikkout.sk\/\u2026\/a-kerekparozas-lett-az-eletem\u2026<\/a><\/p>\n<p>Gratul\u00e1lunk Levi, csak \u00edgy tov\u00e1bb \u2013 j\u00f3 l\u00e1tni, hogy a munk\u00e1d, a kitart\u00e1sod \u00e9s a szenved\u00e9lyed m\u00e1sok sz\u00e1m\u00e1ra is p\u00e9ldamutat\u00f3!<\/p>\n","protected":false},"excerpt":{"rendered":"<p>B\u00fcszk\u00e9n osztjuk meg veletek ezt az inspir\u00e1l\u00f3 interj\u00fat, amely Nagy Levent\u00e9vel, egyes\u00fclet\u00fcnk fiatal \u00e9s elhivatott versenyz\u0151j\u00e9vel k\u00e9sz\u00fclt. A besz\u00e9lget\u00e9sb\u0151l kider\u00fcl, hogyan lett sz\u00e1m\u00e1ra a ker\u00e9kp\u00e1roz\u00e1s \u00e9letforma, milyen utat j\u00e1rt be eddig, \u00e9s hogyan form\u00e1lta \u0151t emberileg is ez a sport. A ker\u00e9kp\u00e1roz\u00e1s lett az \u00e9letem, ami \u00f6nbizalmat, nyitotts\u00e1got \u00e9s fejl\u0151d\u00e9st hozott sz\u00e1momra. \u2013 mondja Levi &hellip; <a href=\"https:\/\/brigetiosport.hu\/wordpress\/2025\/06\/10\/interju-nagy-leventevel-egyesuletunk-elhivatott-versenyzojevel\/\" class=\"more-link\"><span class=\"screen-reader-text\">&#8222;Interj\u00fa Nagy Levent\u00e9vel, egyes\u00fclet\u00fcnk elhivatott versenyz\u0151j\u00e9vel&#8221;<\/span> b\u0151vebben<\/a><\/p>\n","protected":false},"author":3,"featured_media":0,"comment_status":"closed","ping_status":"closed","sticky":false,"template":"","format":"standard","meta":{"footnotes":""},"categories":[1],"tags":[],"_links":{"self":[{"href":"https:\/\/brigetiosport.hu\/wordpress\/wp-json\/wp\/v2\/posts\/3246"}],"collection":[{"href":"https:\/\/brigetiosport.hu\/wordpress\/wp-json\/wp\/v2\/posts"}],"about":[{"href":"https:\/\/brigetiosport.hu\/wordpress\/wp-json\/wp\/v2\/types\/post"}],"author":[{"embeddable":true,"href":"https:\/\/brigetiosport.hu\/wordpress\/wp-json\/wp\/v2\/users\/3"}],"replies":[{"embeddable":true,"href":"https:\/\/brigetiosport.hu\/wordpress\/wp-json\/wp\/v2\/comments?post=3246"}],"version-history":[{"count":3,"href":"https:\/\/brigetiosport.hu\/wordpress\/wp-json\/wp\/v2\/posts\/3246\/revisions"}],"predecessor-version":[{"id":3404,"href":"https:\/\/brigetiosport.hu\/wordpress\/wp-json\/wp\/v2\/posts\/3246\/revisions\/3404"}],"wp:attachment":[{"href":"https:\/\/brigetiosport.hu\/wordpress\/wp-json\/wp\/v2\/media?parent=3246"}],"wp:term":[{"taxonomy":"category","embeddable":true,"href":"https:\/\/brigetiosport.hu\/wordpress\/wp-json\/wp\/v2\/categories?post=3246"},{"taxonomy":"post_tag","embeddable":true,"href":"https:\/\/brigetiosport.hu\/wordpress\/wp-json\/wp\/v2\/tags?post=3246"}],"curies":[{"name":"wp","href":"https:\/\/api.w.org\/{rel}","templated":true}]}}