{"id":3238,"date":"2025-06-09T09:01:47","date_gmt":"2025-06-09T08:01:47","guid":{"rendered":"https:\/\/brigetiosport.hu\/wordpress\/?p=3238"},"modified":"2025-10-24T07:33:03","modified_gmt":"2025-10-24T06:33:03","slug":"beszamolo-brm-kalandok-szlovakiabol","status":"publish","type":"post","link":"https:\/\/brigetiosport.hu\/wordpress\/2025\/06\/09\/beszamolo-brm-kalandok-szlovakiabol\/","title":{"rendered":"Besz\u00e1mol\u00f3: BRM kalandok Szlov\u00e1ki\u00e1b\u00f3l"},"content":{"rendered":"<div dir=\"auto\">\n\n\t\t<div id='gallery-1' class='gallery galleryid-3238 gallery-columns-3 gallery-size-medium gal250609'><script type=\"text\/javascript\">\r\n\/\/ <![CDATA[\r\n\tjQuery(document).ready(function () {\r\n\t\tjQuery(\".gal250609 a\").attr(\"rel\",\"gal250609\");\t\r\n\t\tjQuery('a[rel=\"gal250609\"]').colorbox({maxWidth:\"95%\", maxHeight:\"95%\",title: function(){ return jQuery(this).children().attr(\"alt\"); }});\r\n\t});\r\n\/\/ ]]>\r\n<\/script>\n<figure class=\"gallery-item\">\n<div class=\"gallery-icon\">\r\n<a href=\"https:\/\/brigetiosport.hu\/wordpress\/wp-content\/uploads\/2025\/07\/202505_brm_01.jpg\" title=\"\" rel=\"gal250609\"><img loading=\"lazy\" decoding=\"async\" src=\"https:\/\/brigetiosport.hu\/wordpress\/wp-content\/uploads\/2025\/07\/202505_brm_01-300x300.jpg\" width=\"300\" height=\"300\" alt=\"\" \/><\/a>\r\n<\/div><\/figure><figure class=\"gallery-item\">\n<div class=\"gallery-icon\">\r\n<a href=\"https:\/\/brigetiosport.hu\/wordpress\/wp-content\/uploads\/2025\/07\/202505_brm_02.jpg\" title=\"\" rel=\"gal250609\"><img loading=\"lazy\" decoding=\"async\" src=\"https:\/\/brigetiosport.hu\/wordpress\/wp-content\/uploads\/2025\/07\/202505_brm_02-300x300.jpg\" width=\"300\" height=\"300\" alt=\"\" \/><\/a>\r\n<\/div><\/figure><figure class=\"gallery-item\">\n<div class=\"gallery-icon\">\r\n<a href=\"https:\/\/brigetiosport.hu\/wordpress\/wp-content\/uploads\/2025\/07\/202505_brm_03.jpg\" title=\"\" rel=\"gal250609\"><img loading=\"lazy\" decoding=\"async\" src=\"https:\/\/brigetiosport.hu\/wordpress\/wp-content\/uploads\/2025\/07\/202505_brm_03-300x300.jpg\" width=\"300\" height=\"300\" alt=\"\" \/><\/a>\r\n<\/div><\/figure><figure class=\"gallery-item\">\n<div class=\"gallery-icon\">\r\n<a href=\"https:\/\/brigetiosport.hu\/wordpress\/wp-content\/uploads\/2025\/07\/202505_brm_04.jpg\" title=\"\" rel=\"gal250609\"><img loading=\"lazy\" decoding=\"async\" src=\"https:\/\/brigetiosport.hu\/wordpress\/wp-content\/uploads\/2025\/07\/202505_brm_04-300x300.jpg\" width=\"300\" height=\"300\" alt=\"\" \/><\/a>\r\n<\/div><\/figure><figure class=\"gallery-item\">\n<div class=\"gallery-icon\">\r\n<a href=\"https:\/\/brigetiosport.hu\/wordpress\/wp-content\/uploads\/2025\/07\/202505_brm_05.jpg\" title=\"\" rel=\"gal250609\"><img loading=\"lazy\" decoding=\"async\" src=\"https:\/\/brigetiosport.hu\/wordpress\/wp-content\/uploads\/2025\/07\/202505_brm_05-300x300.jpg\" width=\"300\" height=\"300\" alt=\"\" \/><\/a>\r\n<\/div><\/figure><figure class=\"gallery-item\">\n<div class=\"gallery-icon\">\r\n<a href=\"https:\/\/brigetiosport.hu\/wordpress\/wp-content\/uploads\/2025\/07\/202505_brm_06.jpg\" title=\"\" rel=\"gal250609\"><img loading=\"lazy\" decoding=\"async\" src=\"https:\/\/brigetiosport.hu\/wordpress\/wp-content\/uploads\/2025\/07\/202505_brm_06-300x300.jpg\" width=\"300\" height=\"300\" alt=\"\" \/><\/a>\r\n<\/div><\/figure>\r\n\t\t<\/div>\n\n<\/div>\n<p>Egyes\u00fclet\u00fcnk tagja Eszterg\u00e1lyos Patrik m\u00e1jusban k\u00e9t embert pr\u00f3b\u00e1l\u00f3 BRM-rendezv\u00e9nyen is bizony\u00edtott, m\u00e9ghozz\u00e1 nem is ak\u00e1rhogy!<\/p>\n<p>\ud83c\udf27 <strong>BRM400 \u2013 Moravian Rhapsody (2025. m\u00e1jus 17.)<\/strong><br \/>\nM\u00e1jus 17-\u00e9n rajtolt el a BRM400 \u2013 Moravian Rhapsody t\u00fara P\u0151sty\u00e9nb\u0151l, 416 km t\u00e1vval \u00e9s t\u00f6bb mint 5100 m\u00e9ter szintemelked\u00e9ssel. Az el\u0151rejelz\u00e9s nem sok j\u00f3t \u00edg\u00e9rt, de Patrik nem h\u00e1tr\u00e1lt meg az id\u0151j\u00e1r\u00e1st\u00f3l. M\u00e1r a rajt k\u00f6rny\u00e9k\u00e9n szemerk\u00e9lt az es\u0151, \u00e9s ez az \u00e1llapot nagyj\u00e1b\u00f3l Velehradig tartott. A 103. kilom\u00e9tern\u00e9l egy j\u00e9ges\u0151 is r\u00e1z\u00fadult a mez\u0151nyre, ami b\u00e1r gyorsan od\u00e9bb\u00e1llt, jelezte: ez nem lesz egy napos, gurul\u00f3s bring\u00e1z\u00e1s. F\u00e9lt\u00e1vig m\u00e9g viszonylag szerencs\u00e9sen meg\u00faszt\u00e1k a rossz id\u0151t, de Kvasice ut\u00e1n \u00fajabb es\u0151felh\u0151 csap\u00f3dott hozz\u00e1juk, \u00edgy 150 km-en kereszt\u00fcl hol es\u0151ben, hol csup\u00e1n nedves \u00faton haladtak tov\u00e1bb. A Sv. Host\u00fdn-i bazilika k\u00f6zel\u00e9ben m\u00e1r 3,5 fokra h\u0171lt a leveg\u0151, \u00edgy el\u0151 kellett venni minden tartal\u00e9k meleg ruh\u00e1zatot. Mintha mindez nem lett volna el\u00e9g, 100 km-rel a c\u00e9l el\u0151tt Patrik m\u00e9g egy defektet is begy\u0171jt\u00f6tt, de ez sem t\u00f6rte meg: vas\u00e1rnap reggel, kevesebb mint 19 \u00f3ra teker\u00e9s ut\u00e1n sikeresen c\u00e9lba \u00e9rt \u2013 \u00e9s az \u00f6sszes indul\u00f3 \u2013 7 f\u0151 \u2013 szintid\u0151n bel\u00fcl teljes\u00edtette a kih\u00edv\u00e1st.<\/p>\n<p>\u26f0 <strong>BRM600 \u2013 Randonneur 10K (2025. m\u00e1jus 31.)<\/strong><br \/>\nK\u00e9t h\u00e9ttel k\u00e9s\u0151bb, m\u00e1jus 31-\u00e9n k\u00f6vetkezett a BRM600 \u2013 Randonneur 10K, \u00fajra P\u0151sty\u00e9nb\u0151l indulva, ez\u00fattal 601 km \u00e9s 8527 m\u00e9ter szinttel. Az id\u0151j\u00e1r\u00e1s ez\u00fattal kedvez\u0151bben indult, \u00e9s az els\u0151 140 km-en sok ismert szakasz is visszak\u00f6sz\u00f6nt a kor\u00e1bbi 400-as t\u00far\u00e1r\u00f3l \u2013 most v\u00e9gre sz\u00e9p id\u0151ben. Zl\u00edn ut\u00e1n a terep egyre hull\u00e1mosabb\u00e1 v\u00e1lt, \u00e9s m\u00e1r Lengyelorsz\u00e1g fel\u00e9 tartva egy heves vihar is elkapta \u0151ket. A hatodik ellen\u0151rz\u0151ponton egy \u00e9tterembe menek\u00fcltek, itt siker\u00fclt \u00e1tv\u00e9szelni az \u00edt\u00e9letid\u0151t egy j\u00f3 \u00e9tkez\u00e9s k\u00f6zben. A felh\u0151k v\u00e9g\u00fcl el\u0151tt\u00fck haladtak tov\u00e1bb, \u00edgy csak a vizes aszfalt maradt eml\u00e9k\u00fcl, de ez sem k\u00f6nny\u00edtette meg a halad\u00e1st. A lengyel hat\u00e1r k\u00f6zel\u00e9ben m\u00e1r brut\u00e1lis, gyakran 14% feletti emelked\u0151k fogadt\u00e1k \u0151ket, amelyek az \u00e9jszakai halad\u00e1s k\u00f6zben is \u00e9bren tartott\u00e1k a testet \u00e9s az elm\u00e9t. Hajnalra k\u00f6dbe burkol\u00f3zott az \u00fat, \u00e9s \u0151zek is keresztezt\u00e9k a bring\u00e1sok \u00fatj\u00e1t, de a lassan sz\u00e9toszl\u00f3 p\u00e1r\u00e1ban \u00e1tsz\u0171r\u0151d\u0151 f\u00e9nyek k\u00e1rp\u00f3tolt\u00e1k a neh\u00e9zs\u00e9geket. A nappali szakaszon azt\u00e1n \u00fajabb kih\u00edv\u00e1sk\u00e9nt \u00e9rkezett a ny\u00e1ri k\u00e1nikula: 29 fok feletti h\u0151m\u00e9rs\u00e9klet \u00e9s meleg sz\u00e9l k\u00eds\u00e9rte az utols\u00f3 150 kilom\u00e9tert, ahol a v\u00edzut\u00e1np\u00f3tl\u00e1s l\u00e9tfontoss\u00e1g\u00fav\u00e1 v\u00e1lt. A visszafel\u00e9 vezet\u0151 \u00faton Szlov\u00e1ki\u00e1ban m\u00e9g n\u00e9h\u00e1ny kellemetlen emelked\u0151 is h\u00e1tra volt, de Patrik v\u00e9g\u00fcl b\u0151ven szintid\u0151n bel\u00fcl 28 \u00f3ra akt\u00edv teker\u00e9ssel c\u00e9lba \u00e9rt.<br \/>\nK\u00e9t h\u00e9t alatt t\u00f6bb mint 1000 km, majdnem 14 000 m\u00e9ter szint, hegy, es\u0151, j\u00e9ges\u0151, vihar, forr\u00f3s\u00e1g, hideg, defekt, k\u00f6d \u00e9s \u0151zek\u2026 \u00e9s Patrik mindezt fegyelmezetten, t\u00fcrelemmel, \u00e9s p\u00e9ld\u00e1s sportemberi attit\u0171ddel teljes\u00edtette. B\u00fcszk\u00e9k vagyunk r\u00e1, hogy ilyen elsz\u00e1nt, kitart\u00f3 tagja van egyes\u00fclet\u00fcnknek! \ud83d\udc4f\ud83d\udcaa<\/p>\n","protected":false},"excerpt":{"rendered":"<p>Egyes\u00fclet\u00fcnk tagja Eszterg\u00e1lyos Patrik m\u00e1jusban k\u00e9t embert pr\u00f3b\u00e1l\u00f3 BRM-rendezv\u00e9nyen is bizony\u00edtott, m\u00e9ghozz\u00e1 nem is ak\u00e1rhogy! \ud83c\udf27 BRM400 \u2013 Moravian Rhapsody (2025. m\u00e1jus 17.) M\u00e1jus 17-\u00e9n rajtolt el a BRM400 \u2013 Moravian Rhapsody t\u00fara P\u0151sty\u00e9nb\u0151l, 416 km t\u00e1vval \u00e9s t\u00f6bb mint 5100 m\u00e9ter szintemelked\u00e9ssel. Az el\u0151rejelz\u00e9s nem sok j\u00f3t \u00edg\u00e9rt, de Patrik nem h\u00e1tr\u00e1lt meg az &hellip; <a href=\"https:\/\/brigetiosport.hu\/wordpress\/2025\/06\/09\/beszamolo-brm-kalandok-szlovakiabol\/\" class=\"more-link\"><span class=\"screen-reader-text\">&#8222;Besz\u00e1mol\u00f3: BRM kalandok Szlov\u00e1ki\u00e1b\u00f3l&#8221;<\/span> b\u0151vebben<\/a><\/p>\n","protected":false},"author":3,"featured_media":0,"comment_status":"closed","ping_status":"closed","sticky":false,"template":"","format":"standard","meta":{"footnotes":""},"categories":[10],"tags":[],"_links":{"self":[{"href":"https:\/\/brigetiosport.hu\/wordpress\/wp-json\/wp\/v2\/posts\/3238"}],"collection":[{"href":"https:\/\/brigetiosport.hu\/wordpress\/wp-json\/wp\/v2\/posts"}],"about":[{"href":"https:\/\/brigetiosport.hu\/wordpress\/wp-json\/wp\/v2\/types\/post"}],"author":[{"embeddable":true,"href":"https:\/\/brigetiosport.hu\/wordpress\/wp-json\/wp\/v2\/users\/3"}],"replies":[{"embeddable":true,"href":"https:\/\/brigetiosport.hu\/wordpress\/wp-json\/wp\/v2\/comments?post=3238"}],"version-history":[{"count":5,"href":"https:\/\/brigetiosport.hu\/wordpress\/wp-json\/wp\/v2\/posts\/3238\/revisions"}],"predecessor-version":[{"id":3405,"href":"https:\/\/brigetiosport.hu\/wordpress\/wp-json\/wp\/v2\/posts\/3238\/revisions\/3405"}],"wp:attachment":[{"href":"https:\/\/brigetiosport.hu\/wordpress\/wp-json\/wp\/v2\/media?parent=3238"}],"wp:term":[{"taxonomy":"category","embeddable":true,"href":"https:\/\/brigetiosport.hu\/wordpress\/wp-json\/wp\/v2\/categories?post=3238"},{"taxonomy":"post_tag","embeddable":true,"href":"https:\/\/brigetiosport.hu\/wordpress\/wp-json\/wp\/v2\/tags?post=3238"}],"curies":[{"name":"wp","href":"https:\/\/api.w.org\/{rel}","templated":true}]}}