{"id":320,"date":"2017-01-13T17:07:22","date_gmt":"2017-01-13T16:07:22","guid":{"rendered":"http:\/\/brigetiosport.hu\/wordpress\/?p=320"},"modified":"2017-03-15T17:52:02","modified_gmt":"2017-03-15T16:52:02","slug":"tapsonyi-sandor-17-helyen-vegzett-a-cyclocross-ob-n","status":"publish","type":"post","link":"https:\/\/brigetiosport.hu\/wordpress\/2017\/01\/13\/tapsonyi-sandor-17-helyen-vegzett-a-cyclocross-ob-n\/","title":{"rendered":"Tapsonyi S\u00e1ndor 17. helyen v\u00e9gzett a cyclocross ob-n!"},"content":{"rendered":"\n\t\t<div id='gallery-1' class='gallery galleryid-320 gallery-columns-3 gallery-size-large gallery070113'><script type=\"text\/javascript\">\r\n\/\/ <![CDATA[\r\n\tjQuery(document).ready(function () {\r\n\t\tjQuery(\".gallery070113 a\").attr(\"rel\",\"gallery070113\");\t\r\n\t\tjQuery('a[rel=\"gallery070113\"]').colorbox({maxWidth:\"95%\", maxHeight:\"95%\",title: function(){ return jQuery(this).children().attr(\"alt\"); }});\r\n\t});\r\n\/\/ ]]>\r\n<\/script>\n<figure class=\"gallery-item\">\n<div class=\"gallery-icon\">\r\n<a href=\"https:\/\/brigetiosport.hu\/wordpress\/wp-content\/uploads\/2017\/03\/20170108_cx.jpg\" title=\"\" rel=\"gallery070113\"><img loading=\"lazy\" decoding=\"async\" src=\"https:\/\/brigetiosport.hu\/wordpress\/wp-content\/uploads\/2017\/03\/20170108_cx.jpg\" width=\"533\" height=\"800\" alt=\"\" \/><\/a>\r\n<\/div><\/figure>\r\n\t\t<\/div>\n\n<p>A 2017-es \u00e9v els\u0151 bring\u00e1s versenye nem v\u00e1ratott sokat mag\u00e1ra. Janu\u00e1r 8-\u00e1n, vas\u00e1rnap ugyanis Cyclocross Orsz\u00e1gos Bajnoks\u00e1got tartottak. A helysz\u00edn \u00faj volt, a rendez\u0151 g\u00e1rda viszont m\u00e1r annyira nem, ugyanis a Coffee Ride-osok \u00e1ltal meg\u00e1lmodott verseny m\u00e1r a j\u00f3 n\u00e9h\u00e1nyadik volt, melyet sikeresen lebonyol\u00edtottak. A -5 fokban megrendezett viadalon Tapsonyi S\u00e1ndor \u00e1llt rajthoz, aki master1 kateg\u00f3ri\u00e1ban a 17. helyen \u00e9rt c\u00e9lba!<\/p>\n<p>&nbsp;<\/p>\n<p>Eredm\u00e9nyek: <a href=\"http:\/\/balaton-team.com\/images\/2016_eredmenyek\/cx_ob17.pdf\" target=\"_blank\">link<\/a><\/p>\n<p>Strava log:\u00a0<a href=\"https:\/\/www.strava.com\/activities\/825481000\" target=\"_blank\">link<\/a><\/p>\n<p>Tam\u00e1s Istv\u00e1n (Stevestudio) videoja az elit futamr\u00f3l: <a href=\"https:\/\/vimeo.com\/198716252\" target=\"_blank\">link<\/a><\/p>\n<p>Hivatalos esem\u00e9nyvideo a szervez\u0151kt\u0151l: <a href=\"https:\/\/player.vimeo.com\/video\/198917091\" target=\"_blank\">link<\/a><\/p>\n<p>Hostya Zoli (HZ Pictures) fot\u00f3albuma: <a href=\"https:\/\/www.facebook.com\/medi\/set\/?set=a.1104413699656382.1073741835.100002632861017&amp;type=3\" target=\"_blank\">link<\/a><\/p>\n<p>Farkas Mil\u00e1n (Milanphoto) fot\u00f3albuma: <a href=\"https:\/\/www.facebook.com\/medi\/set\/?set=a.350678598643890.1073741914.251339891911095&amp;type=3\" target=\"_blank\">link<\/a><\/p>\n<p>Bak Ferenc fot\u00f3albuma: <a href=\"https:\/\/www.facebook.com\/medi\/set\/?set=a.1237853116299084.1073741952.100002232233403&amp;type=3\" target=\"_blank\">link<\/a><\/p>\n<p><!--more--><\/p>\n\n\t\t<div id='gallery-2' class='gallery galleryid-320 gallery-columns-2 gallery-size-large gallery070113'><script type=\"text\/javascript\">\r\n\/\/ <![CDATA[\r\n\tjQuery(document).ready(function () {\r\n\t\tjQuery(\".gallery070113 a\").attr(\"rel\",\"gallery070113\");\t\r\n\t\tjQuery('a[rel=\"gallery070113\"]').colorbox({maxWidth:\"95%\", maxHeight:\"95%\",title: function(){ return jQuery(this).children().attr(\"alt\"); }});\r\n\t});\r\n\/\/ ]]>\r\n<\/script>\n<figure class=\"gallery-item\">\n<div class=\"gallery-icon\">\r\n<a href=\"https:\/\/brigetiosport.hu\/wordpress\/wp-content\/uploads\/2017\/01\/20170108_cx_2.jpg\" title=\"\" rel=\"gallery070113\"><img loading=\"lazy\" decoding=\"async\" src=\"https:\/\/brigetiosport.hu\/wordpress\/wp-content\/uploads\/2017\/01\/20170108_cx_2.jpg\" width=\"533\" height=\"800\" alt=\"\" \/><\/a>\r\n<\/div><\/figure>\r\n\t\t<\/div>\n\n<p>&#8222;A 2017-es \u00e9v els\u0151 bring\u00e1s versenye nem v\u00e1ratott sokat mag\u00e1ra. Janu\u00e1r 8-\u00e1n, vas\u00e1rnap ugyanis Cyclocross Orsz\u00e1gos Bajnoks\u00e1got tartottak. A helysz\u00edn \u00faj volt, a rendez\u0151 g\u00e1rda viszont m\u00e1r annyira nem, ugyanis a Coffee Ride-osok \u00e1ltal meg\u00e1lmodott verseny m\u00e1r a j\u00f3 n\u00e9h\u00e1nyadik volt, melyet sikeresen lebonyol\u00edtottak.<\/p>\n<p>A k\u00f6r\u00fclm\u00e9nyek most az \u00e1tlagn\u00e1l mostoh\u00e1bbak voltak, mert ugyan d\u00e9lhez k\u00f6zeledve sz\u00e9p naps\u00fct\u00e9ses id\u0151 volt, de a nap -17 fokkal indult, mely v\u00e9g\u00fcl a verseny v\u00e9g\u00e9gig -5-ig melegedett.<\/p>\n<p>Na de nem rohanok ennyire el\u0151re. A reggel f\u00e9l kilences indul\u00e1st k\u00f6vet\u0151en majd k\u00e9t \u00f3r\u00e1s utat k\u00f6vet\u0151en \u00e9rkezt\u00fcnk meg seg\u00edt\u0151mmel, Kov\u00e1cs Norbival a verseny helysz\u00edn\u00e9re, a Csepel-sziget \u00e9szaki bej\u00e1rata mellett tal\u00e1lhat\u00f3 egykori Nagyv\u00e1s\u00e1rtelep ter\u00fclet\u00e9re.<\/p>\n<p>A p\u00e1ly\u00e1t m\u00e1r jav\u00e1ban bring\u00e1sok j\u00e1rt\u00e1k, de mi gyors rajtsz\u00e1m \u00e9s depo k\u00e1rtya \u00e1tv\u00e9tel mellett d\u00f6nt\u00f6tt\u00fcnk. A hatalmas csarnokban, mely a rajt-c\u00e9l ter\u00fcletet foglalta mag\u00e1ban, meglehet\u0151sen zord id\u0151 uralkodott. A naps\u00fct\u00e9s csak a d\u00e9lut\u00e1ni id\u0151szakra tudott melegs\u00e9get eredm\u00e9nyezni, mikorra m\u00e1r a Nap el\u00e9g magasan volt a horizonton, hogy a magasan l\u00e9v\u0151 ablakokon kereszt\u00fcl bevil\u00e1g\u00edtsa azt.<\/p>\n\n\t\t<div id='gallery-3' class='gallery galleryid-320 gallery-columns-2 gallery-size-large gallery070113'><script type=\"text\/javascript\">\r\n\/\/ <![CDATA[\r\n\tjQuery(document).ready(function () {\r\n\t\tjQuery(\".gallery070113 a\").attr(\"rel\",\"gallery070113\");\t\r\n\t\tjQuery('a[rel=\"gallery070113\"]').colorbox({maxWidth:\"95%\", maxHeight:\"95%\",title: function(){ return jQuery(this).children().attr(\"alt\"); }});\r\n\t});\r\n\/\/ ]]>\r\n<\/script>\n<figure class=\"gallery-item\">\n<div class=\"gallery-icon\">\r\n<a href=\"https:\/\/brigetiosport.hu\/wordpress\/wp-content\/uploads\/2017\/01\/20170108_cx_3.jpg\" title=\"\" rel=\"gallery070113\"><img loading=\"lazy\" decoding=\"async\" src=\"https:\/\/brigetiosport.hu\/wordpress\/wp-content\/uploads\/2017\/01\/20170108_cx_3.jpg\" width=\"800\" height=\"533\" alt=\"\" \/><\/a>\r\n<\/div><\/figure>\r\n\t\t<\/div>\n\n<p style=\"text-align: left;\">Az els\u0151 p\u00e1lyabej\u00e1r\u00e1st csak a nap m\u00e1sodik versenye ut\u00e1n tudtam megoldani, a n\u0151i elit \u00e9s Master2-es fi\u00fak versenye ut\u00e1n. H\u00e1t j\u00f3csk\u00e1n nehezebb p\u00e1ly\u00e1nak t\u0171nt ez els\u0151re, mint amelyeken eddig szerencs\u00e9m volt rajthoz \u00e1llni. Ugyanis a p\u00e1lya neh\u00e9zs\u00e9g\u00e9t homokos sirat\u00f3falak fel \u00e9s lefel\u00e9 t\u00f6rt\u00e9n\u0151 m\u00e1sz\u00e1sa tette technik\u00e1ss\u00e1. Egy k\u00f6r megt\u00e9tel\u00e9t k\u00f6vet\u0151en kiintettek a p\u00e1ly\u00e1r\u00f3l, mondv\u00e1n, hogy indul a gyermekverseny. Majd miut\u00e1n ennek v\u00e9ge volt, kb. m\u00e9g 1 \u00f3r\u00e1m maradt, hogy a 13:30-as rajtig siker\u00fclj\u00f6n megbar\u00e1tkoznom a p\u00e1ly\u00e1val.<\/p>\n<p style=\"text-align: left;\">Ez \u00fagy-ahogy siker\u00fclt is. Az egyik fejt\u00f6r\u00e9s a helyes \u00f6lt\u00f6z\u00e9k megv\u00e1laszt\u00e1sa volt. Ugyan a p\u00e1lyabej\u00e1r\u00e1sn\u00e1l szinte t\u00fal voltam \u00f6lt\u00f6zve, de nem tudtam eld\u00f6nteni, hogy mennyire vetk\u0151zhetek neki a rajtban.<\/p>\n<p style=\"text-align: left;\">A versenyhez egyenk\u00e9nti besz\u00f3l\u00edt\u00e1ssal t\u00f6lt\u00f6tt\u00e9k fel a rajtr\u00e1csot, mindezt \u00fagy, hogy el\u0151sz\u00f6r a f\u00e9rfi elit \u00e9s U23, majd f\u00e9l perccel k\u00e9s\u0151bb a Master1 korcsoportot rajtoltatt\u00e1k el. Az els\u0151 k\u00f6r meglehet\u0151sen zs\u00fafolt volt, mint mindig. Esett, kelt a mez\u0151ny v\u00e9ge, az utols\u00f3 helyek egyik\u00e9r\u0151l pr\u00f3b\u00e1ltam meg el\u0151r\u00e9bb kusz\u00e1l\u00f3dni.<\/p>\n<p style=\"text-align: left;\">Az egy\u00e9bk\u00e9nt csontsz\u00e1raz p\u00e1ly\u00e1n nagy port kavart a mez\u0151ny. Ett\u0151l \u00e9s a hidegt\u0151l p\u00e1r k\u00f6r eltelt\u00e9vel arra lettem figyelmes, hogy a szemh\u00e9jam el\u00e9gg\u00e9 lassacsk\u00e1n mozog, mint ahogy \u00e9n magam is, a mez\u0151ny elej\u00e9hez k\u00e9pest. \ud83d\ude1b<\/p>\n<p style=\"text-align: left;\">T\u00f6rt\u00e9nt ugyanis, hogy m\u00edg \u00e9n kb. 8 perces k\u00f6r\u00f6ket teljes\u00edtettem, a tavalyi bajnok &#8211; \u00e9s mint ut\u00f3lag kider\u00fclt \u2013 c\u00edmv\u00e9d\u0151 mindezt 2 perccel jobb k\u00f6rid\u0151kkel teljes\u00edtette. Ennek eredm\u00e9nyek\u00e9nt viszonylag hamar k\u00e9t k\u00f6r h\u00e1tr\u00e1nyba ker\u00fcltem. Nem kedvezett a helyzetemnek az sem, hogy b\u00e1r Norbit a dep\u00f3ba k\u00e9rtem hogy friss\u00edt\u00e9st adjon fel, de mint kider\u00fclt, a szab\u00e1lyok ezt nem tett\u00e9k lehet\u0151v\u00e9. \u00cdgy k\u00e9nytelen voltam e n\u00e9lk\u00fcl teljes\u00edteni az 1 \u00f3r\u00e1s verseny h\u00e1tral\u00e9v\u0151 r\u00e9sz\u00e9t, majd 20 percet.<\/p>\n<p style=\"text-align: left;\">A versenyt\u00e1v 10 k\u00f6r lett, melyet az els\u0151 k\u00f6r leggyorsabbj\u00e1nak idej\u00e9b\u0151l szoktak kalkul\u00e1lni. \u00c9pp hogy megkezdtem a nyolcadik k\u00f6r\u00f6met, mire a speaker hangos \u00fcdvrivalg\u00e1ssal k\u00f6sz\u00f6nt\u00f6tte a c\u00edmv\u00e9d\u0151 B\u00far Zsoltot. A versenyt \u00edgy a Master 1 17-ik hely\u00e9n fejeztem be, nyomomban egy szint\u00e9n k\u00e9t k\u00f6r\u00f6s h\u00e1tr\u00e1nyban l\u00e9v\u0151 sportt\u00e1rssal.<\/p>\n\n\t\t<div id='gallery-4' class='gallery galleryid-320 gallery-columns-2 gallery-size-large gallery070113'><script type=\"text\/javascript\">\r\n\/\/ <![CDATA[\r\n\tjQuery(document).ready(function () {\r\n\t\tjQuery(\".gallery070113 a\").attr(\"rel\",\"gallery070113\");\t\r\n\t\tjQuery('a[rel=\"gallery070113\"]').colorbox({maxWidth:\"95%\", maxHeight:\"95%\",title: function(){ return jQuery(this).children().attr(\"alt\"); }});\r\n\t});\r\n\/\/ ]]>\r\n<\/script>\n<figure class=\"gallery-item\">\n<div class=\"gallery-icon\">\r\n<a href=\"https:\/\/brigetiosport.hu\/wordpress\/wp-content\/uploads\/2017\/01\/20170108_cx_4.jpg\" title=\"\" rel=\"gallery070113\"><img loading=\"lazy\" decoding=\"async\" src=\"https:\/\/brigetiosport.hu\/wordpress\/wp-content\/uploads\/2017\/01\/20170108_cx_4-1024x768.jpg\" width=\"840\" height=\"630\" alt=\"\" \/><\/a>\r\n<\/div><\/figure>\r\n\t\t<\/div>\n\n<p style=\"text-align: left;\">A versenyt nagyon \u00e9lveztem, b\u00e1r ez k\u00edv\u00fclr\u0151l bizton \u00e1ll\u00edthatom, hogy nem l\u00e1tszott az arcomon. A j\u00f6v\u0151 \u00e9vi sorozatban majd teljes szezonos szerepl\u00e9st tervezgetek, ehhez azonban m\u00e9g sokat kell fejl\u0151dn\u00f6m. Els\u0151dleges c\u00e9lk\u00e9nt a versenyek egy k\u00f6r\u00f6s h\u00e1tr\u00e1nnyal val\u00f3 befejez\u00e9se is nagy el\u0151rel\u00e9p\u00e9snek sz\u00e1m\u00edtana, ez fogja a mot\u00edv\u00e1ci\u00f3t jelenteni sz\u00e1momra. K\u00f6sz\u00f6n\u00f6m Norbi seg\u00edts\u00e9g\u00e9t, illetve a versenyt megel\u0151z\u0151en \u00e9s\u00a0 k\u00f6vet\u0151en kapott b\u00edztat\u00f3 szavakat mindenkit\u0151l.&#8221;<\/p>\n","protected":false},"excerpt":{"rendered":"<p>A 2017-es \u00e9v els\u0151 bring\u00e1s versenye nem v\u00e1ratott sokat mag\u00e1ra. Janu\u00e1r 8-\u00e1n, vas\u00e1rnap ugyanis Cyclocross Orsz\u00e1gos Bajnoks\u00e1got tartottak. A helysz\u00edn \u00faj volt, a rendez\u0151 g\u00e1rda viszont m\u00e1r annyira nem, ugyanis a Coffee Ride-osok \u00e1ltal meg\u00e1lmodott verseny m\u00e1r a j\u00f3 n\u00e9h\u00e1nyadik volt, melyet sikeresen lebonyol\u00edtottak. A -5 fokban megrendezett viadalon Tapsonyi S\u00e1ndor \u00e1llt rajthoz, aki master1 &hellip; <a href=\"https:\/\/brigetiosport.hu\/wordpress\/2017\/01\/13\/tapsonyi-sandor-17-helyen-vegzett-a-cyclocross-ob-n\/\" class=\"more-link\"><span class=\"screen-reader-text\">&#8222;Tapsonyi S\u00e1ndor 17. helyen v\u00e9gzett a cyclocross ob-n!&#8221;<\/span> b\u0151vebben<\/a><\/p>\n","protected":false},"author":1,"featured_media":0,"comment_status":"closed","ping_status":"closed","sticky":false,"template":"","format":"standard","meta":{"footnotes":""},"categories":[1],"tags":[],"_links":{"self":[{"href":"https:\/\/brigetiosport.hu\/wordpress\/wp-json\/wp\/v2\/posts\/320"}],"collection":[{"href":"https:\/\/brigetiosport.hu\/wordpress\/wp-json\/wp\/v2\/posts"}],"about":[{"href":"https:\/\/brigetiosport.hu\/wordpress\/wp-json\/wp\/v2\/types\/post"}],"author":[{"embeddable":true,"href":"https:\/\/brigetiosport.hu\/wordpress\/wp-json\/wp\/v2\/users\/1"}],"replies":[{"embeddable":true,"href":"https:\/\/brigetiosport.hu\/wordpress\/wp-json\/wp\/v2\/comments?post=320"}],"version-history":[{"count":16,"href":"https:\/\/brigetiosport.hu\/wordpress\/wp-json\/wp\/v2\/posts\/320\/revisions"}],"predecessor-version":[{"id":341,"href":"https:\/\/brigetiosport.hu\/wordpress\/wp-json\/wp\/v2\/posts\/320\/revisions\/341"}],"wp:attachment":[{"href":"https:\/\/brigetiosport.hu\/wordpress\/wp-json\/wp\/v2\/media?parent=320"}],"wp:term":[{"taxonomy":"category","embeddable":true,"href":"https:\/\/brigetiosport.hu\/wordpress\/wp-json\/wp\/v2\/categories?post=320"},{"taxonomy":"post_tag","embeddable":true,"href":"https:\/\/brigetiosport.hu\/wordpress\/wp-json\/wp\/v2\/tags?post=320"}],"curies":[{"name":"wp","href":"https:\/\/api.w.org\/{rel}","templated":true}]}}