{"id":3177,"date":"2025-05-21T18:15:27","date_gmt":"2025-05-21T17:15:27","guid":{"rendered":"https:\/\/brigetiosport.hu\/wordpress\/?p=3177"},"modified":"2025-05-23T13:58:29","modified_gmt":"2025-05-23T12:58:29","slug":"beszamolo-33-neusiedlersee-radmarathon-nevu-versenyen-jartunk","status":"publish","type":"post","link":"https:\/\/brigetiosport.hu\/wordpress\/2025\/05\/21\/beszamolo-33-neusiedlersee-radmarathon-nevu-versenyen-jartunk\/","title":{"rendered":"Besz\u00e1mol\u00f3: 33. Neusiedlersee Radmarathon nev\u0171 versenyen j\u00e1rtunk"},"content":{"rendered":"<div class=\"html-div xdj266r x11i5rnm xat24cr x1mh8g0r xexx8yu x4uap5 x18d9i69 xkhd6sd\" dir=\"auto\">\n<div class=\"html-div xdj266r x11i5rnm xat24cr x1mh8g0r xexx8yu x4uap5 x18d9i69 xkhd6sd\" data-ad-rendering-role=\"story_message\">\n<div id=\"\u00abRlanamladbaammjabiqapapd5aqH2\u00bb\" class=\"x1l90r2v x1iorvi4 x1ye3gou xn6708d\" data-ad-comet-preview=\"message\" data-ad-preview=\"message\">\n<div class=\"x78zum5 xdt5ytf xz62fqu x16ldp7u\">\n<div class=\"xu06os2 x1ok221b\">\n<div class=\"html-div xdj266r x11i5rnm xat24cr x1mh8g0r xexx8yu x4uap5 x18d9i69 xkhd6sd\">\n<div class=\"xdj266r x11i5rnm xat24cr x1mh8g0r x1vvkbs x126k92a\">\n<div dir=\"auto\">M\u00e1jus 4-\u00e9n, vas\u00e1rnap ker\u00fclt megrendez\u00e9sre a 33. Neusiedlersee Radmarathon M\u00f6rbisch am See v\u00e1ros\u00e1ban, amely a UCI Gran Fondo World Series r\u00e9szek\u00e9nt id\u00e9n is t\u00f6bb mint 1400 bring\u00e1st vonzott a vil\u00e1g minden t\u00e1j\u00e1r\u00f3l.<\/div>\n<\/div>\n<div class=\"x11i5rnm xat24cr x1mh8g0r x1vvkbs xtlvy1s x126k92a\">\n<div dir=\"auto\">A 126 km-es t\u00e1v viszonylag s\u00edk, gyors p\u00e1ly\u00e1t k\u00edn\u00e1lt, kb. 600 m\u00e9ter szintemelked\u00e9ssel. A ny\u00edlt terepen gyakran er\u0151s oldalsz\u00e9l nehez\u00edtette a versenyz\u0151k dolg\u00e1t, k\u00fcl\u00f6n\u00f6sen a t\u00f3 keleti oldal\u00e1n, ami taktikai kih\u00edv\u00e1sok el\u00e9 \u00e1ll\u00edtotta a mez\u0151nyt.<\/div>\n<\/div>\n<div class=\"x11i5rnm xat24cr x1mh8g0r x1vvkbs xtlvy1s x126k92a\">\n<div dir=\"auto\">Egyes\u00fclet\u00fcnket k\u00e9t kiv\u00e1l\u00f3 sportol\u00f3 k\u00e9pviselte: M\u00e1ty\u00e1s Istv\u00e1n \u00e9s Csintalan Mikl\u00f3s, akik sikeresen teljes\u00edtett\u00e9k a t\u00e1vot. Gratul\u00e1lunk nekik a kitart\u00e1sukhoz \u00e9s a remek teljes\u00edtm\u00e9ny\u00fckh\u00f6z!<\/div>\n<\/div>\n<div class=\"x11i5rnm xat24cr x1mh8g0r x1vvkbs xtlvy1s x126k92a\">\n<div dir=\"auto\">A versenyen tapasztalt kiv\u00e1l\u00f3 szervez\u00e9s, a fest\u0151i t\u00e1j \u00e9s a bar\u00e1ts\u00e1gos hangulat minden r\u00e9sztvev\u0151 sz\u00e1m\u00e1ra eml\u00e9kezetes \u00e9lm\u00e9nyt ny\u00fajtott. M\u00e1r most v\u00e1rjuk a j\u00f6v\u0151 \u00e9vi megm\u00e9rettet\u00e9st!<\/div>\n<\/div>\n<\/div>\n<\/div>\n<\/div>\n<\/div>\n<\/div>\n<\/div>\n<div dir=\"auto\"><\/div>\n<div dir=\"auto\">\n\n\t\t<div id='gallery-1' class='gallery galleryid-3177 gallery-columns-3 gallery-size-medium gal250521'><script type=\"text\/javascript\">\r\n\/\/ <![CDATA[\r\n\tjQuery(document).ready(function () {\r\n\t\tjQuery(\".gal250521 a\").attr(\"rel\",\"gal250521\");\t\r\n\t\tjQuery('a[rel=\"gal250521\"]').colorbox({maxWidth:\"95%\", maxHeight:\"95%\",title: function(){ return jQuery(this).children().attr(\"alt\"); }});\r\n\t});\r\n\/\/ ]]>\r\n<\/script>\n<figure class=\"gallery-item\">\n<div class=\"gallery-icon\">\r\n<a href=\"https:\/\/brigetiosport.hu\/wordpress\/wp-content\/uploads\/2025\/05\/20250504_morbisch_radmarathon_01.jpg\" title=\"\" rel=\"gal250521\"><img loading=\"lazy\" decoding=\"async\" src=\"https:\/\/brigetiosport.hu\/wordpress\/wp-content\/uploads\/2025\/05\/20250504_morbisch_radmarathon_01-300x300.jpg\" width=\"300\" height=\"300\" alt=\"\" \/><\/a>\r\n<\/div><\/figure><figure class=\"gallery-item\">\n<div class=\"gallery-icon\">\r\n<a href=\"https:\/\/brigetiosport.hu\/wordpress\/wp-content\/uploads\/2025\/05\/20250504_morbisch_radmarathon_02.jpg\" title=\"\" rel=\"gal250521\"><img loading=\"lazy\" decoding=\"async\" src=\"https:\/\/brigetiosport.hu\/wordpress\/wp-content\/uploads\/2025\/05\/20250504_morbisch_radmarathon_02-300x300.jpg\" width=\"300\" height=\"300\" alt=\"\" \/><\/a>\r\n<\/div><\/figure><figure class=\"gallery-item\">\n<div class=\"gallery-icon\">\r\n<a href=\"https:\/\/brigetiosport.hu\/wordpress\/wp-content\/uploads\/2025\/05\/20250504_morbisch_radmarathon_03.jpg\" title=\"\" rel=\"gal250521\"><img loading=\"lazy\" decoding=\"async\" src=\"https:\/\/brigetiosport.hu\/wordpress\/wp-content\/uploads\/2025\/05\/20250504_morbisch_radmarathon_03-300x300.jpg\" width=\"300\" height=\"300\" alt=\"\" \/><\/a>\r\n<\/div><\/figure>\r\n\t\t<\/div>\n\n<\/div>\n","protected":false},"excerpt":{"rendered":"<p>M\u00e1jus 4-\u00e9n, vas\u00e1rnap ker\u00fclt megrendez\u00e9sre a 33. Neusiedlersee Radmarathon M\u00f6rbisch am See v\u00e1ros\u00e1ban, amely a UCI Gran Fondo World Series r\u00e9szek\u00e9nt id\u00e9n is t\u00f6bb mint 1400 bring\u00e1st vonzott a vil\u00e1g minden t\u00e1j\u00e1r\u00f3l. A 126 km-es t\u00e1v viszonylag s\u00edk, gyors p\u00e1ly\u00e1t k\u00edn\u00e1lt, kb. 600 m\u00e9ter szintemelked\u00e9ssel. A ny\u00edlt terepen gyakran er\u0151s oldalsz\u00e9l nehez\u00edtette a versenyz\u0151k dolg\u00e1t, &hellip; <a href=\"https:\/\/brigetiosport.hu\/wordpress\/2025\/05\/21\/beszamolo-33-neusiedlersee-radmarathon-nevu-versenyen-jartunk\/\" class=\"more-link\"><span class=\"screen-reader-text\">&#8222;Besz\u00e1mol\u00f3: 33. Neusiedlersee Radmarathon nev\u0171 versenyen j\u00e1rtunk&#8221;<\/span> b\u0151vebben<\/a><\/p>\n","protected":false},"author":3,"featured_media":0,"comment_status":"closed","ping_status":"closed","sticky":false,"template":"","format":"standard","meta":{"footnotes":""},"categories":[10,3],"tags":[],"_links":{"self":[{"href":"https:\/\/brigetiosport.hu\/wordpress\/wp-json\/wp\/v2\/posts\/3177"}],"collection":[{"href":"https:\/\/brigetiosport.hu\/wordpress\/wp-json\/wp\/v2\/posts"}],"about":[{"href":"https:\/\/brigetiosport.hu\/wordpress\/wp-json\/wp\/v2\/types\/post"}],"author":[{"embeddable":true,"href":"https:\/\/brigetiosport.hu\/wordpress\/wp-json\/wp\/v2\/users\/3"}],"replies":[{"embeddable":true,"href":"https:\/\/brigetiosport.hu\/wordpress\/wp-json\/wp\/v2\/comments?post=3177"}],"version-history":[{"count":1,"href":"https:\/\/brigetiosport.hu\/wordpress\/wp-json\/wp\/v2\/posts\/3177\/revisions"}],"predecessor-version":[{"id":3181,"href":"https:\/\/brigetiosport.hu\/wordpress\/wp-json\/wp\/v2\/posts\/3177\/revisions\/3181"}],"wp:attachment":[{"href":"https:\/\/brigetiosport.hu\/wordpress\/wp-json\/wp\/v2\/media?parent=3177"}],"wp:term":[{"taxonomy":"category","embeddable":true,"href":"https:\/\/brigetiosport.hu\/wordpress\/wp-json\/wp\/v2\/categories?post=3177"},{"taxonomy":"post_tag","embeddable":true,"href":"https:\/\/brigetiosport.hu\/wordpress\/wp-json\/wp\/v2\/tags?post=3177"}],"curies":[{"name":"wp","href":"https:\/\/api.w.org\/{rel}","templated":true}]}}