{"id":3170,"date":"2025-05-15T19:00:46","date_gmt":"2025-05-15T18:00:46","guid":{"rendered":"https:\/\/brigetiosport.hu\/wordpress\/?p=3170"},"modified":"2025-05-18T13:29:09","modified_gmt":"2025-05-18T12:29:09","slug":"akesz-kupa-6-ik-fordulo-v-orfui-kriterium-orszaguti-kerekparverseny","status":"publish","type":"post","link":"https:\/\/brigetiosport.hu\/wordpress\/2025\/05\/15\/akesz-kupa-6-ik-fordulo-v-orfui-kriterium-orszaguti-kerekparverseny\/","title":{"rendered":"AKESZ-kupa: 6-ik fordul\u00f3 &#8211; V. Orf\u0171i Krit\u00e9rium orsz\u00e1g\u00fati ker\u00e9kp\u00e1rverseny"},"content":{"rendered":"<div class=\"html-div xdj266r x11i5rnm xat24cr x1mh8g0r xexx8yu x4uap5 x18d9i69 xkhd6sd\" dir=\"auto\">\n<div class=\"html-div xdj266r x11i5rnm xat24cr x1mh8g0r xexx8yu x4uap5 x18d9i69 xkhd6sd\" data-ad-rendering-role=\"story_message\">\n<div id=\"\u00abRlanamladbaammjabiqapapd5aqH2\u00bb\" class=\"x1l90r2v x1iorvi4 x1ye3gou xn6708d\" data-ad-comet-preview=\"message\" data-ad-preview=\"message\">\n<div class=\"x78zum5 xdt5ytf xz62fqu x16ldp7u\">\n<div class=\"xu06os2 x1ok221b\">\n<div class=\"xdj266r x11i5rnm xat24cr x1mh8g0r x1vvkbs x126k92a\">\n<div dir=\"auto\">M\u00e1jus 11-\u00e9n ker\u00fclt megrendez\u00e9sre az V. Orf\u0171i Krit\u00e9rium orsz\u00e1g\u00fati ker\u00e9kp\u00e1rverseny, amely az AKESZ Magyar Ker\u00e9kp\u00e1ros Amat\u0151r Bajnoks\u00e1g 6. fordul\u00f3jak\u00e9nt szerepelt a versenynapt\u00e1rban. A helysz\u00edn a fest\u0151i Orf\u0171 volt, ahol a 6,2 km-es k\u00f6rp\u00e1lya s\u00edkabb r\u00e9szei mellett k\u00e9t meredek emelked\u0151 is komoly pr\u00f3bat\u00e9telt jelentett a versenyz\u0151knek. A futamok \u00e1ll\u00f3rajttal indultak, \u00e9s m\u00e1r az els\u0151 k\u00f6r\u00f6kt\u0151l rendk\u00edv\u00fcl magas temp\u00f3t dikt\u00e1lt az \u00e9lboly.<\/div>\n<\/div>\n<div class=\"x11i5rnm xat24cr x1mh8g0r x1vvkbs xtlvy1s x126k92a\">\n<div dir=\"auto\">Egyes\u00fclet\u00fcnket h\u00e1rom versenyz\u0151 k\u00e9pviselte:<\/div>\n<div dir=\"auto\">Csintalan Mikl\u00f3s, Madar\u00e1sz \u00c1d\u00e1m \u00e9s Bojsza Krist\u00f3f.<\/div>\n<\/div>\n<\/div>\n<\/div>\n<\/div>\n<\/div>\n<\/div>\n<div dir=\"auto\"><\/div>\n<p><\/p>\n<div class=\"html-div xdj266r x11i5rnm xat24cr x1mh8g0r xexx8yu x4uap5 x18d9i69 xkhd6sd\" dir=\"auto\">\n<div class=\"html-div xdj266r x11i5rnm xat24cr x1mh8g0r xexx8yu x4uap5 x18d9i69 xkhd6sd\" data-ad-rendering-role=\"story_message\">\n<div id=\"\u00abRlanamladbaammjabiqapapd5aqH2\u00bb\" class=\"x1l90r2v x1iorvi4 x1ye3gou xn6708d\" data-ad-comet-preview=\"message\" data-ad-preview=\"message\">\n<div class=\"x78zum5 xdt5ytf xz62fqu x16ldp7u\">\n<div class=\"xu06os2 x1ok221b\">\n<div class=\"x11i5rnm xat24cr x1mh8g0r x1vvkbs xtlvy1s x126k92a\">\n<div dir=\"auto\"><span class=\"html-span xexx8yu x4uap5 x18d9i69 xkhd6sd x1hl2dhg x16tdsg8 x1vvkbs x3nfvp2 x1j61x8r x1fcty0u xdj266r xat24cr xgzva0m xhhsvwb xxymvpz xlup9mm x1kky2od\"><img loading=\"lazy\" decoding=\"async\" class=\"xz74otr x168nmei x13lgxp2 x5pf9jr xo71vjh\" src=\"https:\/\/static.xx.fbcdn.net\/images\/emoji.php\/v9\/tf3\/1\/16\/1f539.png\" alt=\"\ud83d\udd39\" width=\"16\" height=\"16\" \/><\/span> Csintalan Mikl\u00f3s a Senior 3 korcsoportban \u00e1llt rajthoz, ahol 4 k\u00f6rt kellett teljes\u00edteni (\u00f6sszesen 24,8 km). Mikl\u00f3s remek taktikai \u00e9rz\u00e9kkel versenyzett, v\u00e9gig az \u00e9lmez\u0151nyben haladt, \u00e9s magabiztos gy\u0151zelmet aratott!<\/div>\n<div dir=\"auto\"><span class=\"html-span xexx8yu x4uap5 x18d9i69 xkhd6sd x1hl2dhg x16tdsg8 x1vvkbs x3nfvp2 x1j61x8r x1fcty0u xdj266r xat24cr xgzva0m xhhsvwb xxymvpz xlup9mm x1kky2od\"><img loading=\"lazy\" decoding=\"async\" class=\"xz74otr x168nmei x13lgxp2 x5pf9jr xo71vjh\" src=\"https:\/\/static.xx.fbcdn.net\/images\/emoji.php\/v9\/t94\/1\/16\/1f947.png\" alt=\"\ud83e\udd47\" width=\"16\" height=\"16\" \/><\/span> 1. hely \u2013 Csintalan Mikl\u00f3s (Senior 3)<\/div>\n<\/div>\n<\/div>\n<\/div>\n<\/div>\n<\/div>\n<\/div>\n<div dir=\"auto\"><\/div>\n<p><\/p>\n<div class=\"html-div xdj266r x11i5rnm xat24cr x1mh8g0r xexx8yu x4uap5 x18d9i69 xkhd6sd\" dir=\"auto\">\n<div class=\"html-div xdj266r x11i5rnm xat24cr x1mh8g0r xexx8yu x4uap5 x18d9i69 xkhd6sd\" data-ad-rendering-role=\"story_message\">\n<div id=\"\u00abRlanamladbaammjabiqapapd5aqH2\u00bb\" class=\"x1l90r2v x1iorvi4 x1ye3gou xn6708d\" data-ad-comet-preview=\"message\" data-ad-preview=\"message\">\n<div class=\"x78zum5 xdt5ytf xz62fqu x16ldp7u\">\n<div class=\"xu06os2 x1ok221b\">\n<div class=\"x11i5rnm xat24cr x1mh8g0r x1vvkbs xtlvy1s x126k92a\">\n<div dir=\"auto\"><span class=\"html-span xexx8yu x4uap5 x18d9i69 xkhd6sd x1hl2dhg x16tdsg8 x1vvkbs x3nfvp2 x1j61x8r x1fcty0u xdj266r xat24cr xgzva0m xhhsvwb xxymvpz xlup9mm x1kky2od\"><img loading=\"lazy\" decoding=\"async\" class=\"xz74otr x168nmei x13lgxp2 x5pf9jr xo71vjh\" src=\"https:\/\/static.xx.fbcdn.net\/images\/emoji.php\/v9\/tf3\/1\/16\/1f539.png\" alt=\"\ud83d\udd39\" width=\"16\" height=\"16\" \/><\/span> Madar\u00e1sz \u00c1d\u00e1m \u00e9s Bojsza Krist\u00f3f az Elit 1 korcsoportban indultak, ahol m\u00e1r 13 k\u00f6r\u00f6s, azaz 80,6 km-es t\u00e1v v\u00e1rt r\u00e1juk. A mez\u0151ny folyamatosan magas temp\u00f3t ment, \u00e9s t\u00f6bb t\u00e1mad\u00e1s is t\u00f6rt\u00e9nt a k\u00f6r\u00f6z\u00e9sek alatt. \u00c1d\u00e1m \u00e9s Krist\u00f3f kitart\u00f3 munk\u00e1val v\u00e9gig az \u00e9lmez\u0151ny k\u00f6zel\u00e9ben maradtak, \u00e9s el\u0151kel\u0151 helyez\u00e9seket szereztek a c\u00e9lban:<\/div>\n<div dir=\"auto\"><span class=\"html-span xexx8yu x4uap5 x18d9i69 xkhd6sd x1hl2dhg x16tdsg8 x1vvkbs x3nfvp2 x1j61x8r x1fcty0u xdj266r xat24cr xgzva0m xhhsvwb xxymvpz xlup9mm x1kky2od\"><img loading=\"lazy\" decoding=\"async\" class=\"xz74otr x168nmei x13lgxp2 x5pf9jr xo71vjh\" src=\"https:\/\/static.xx.fbcdn.net\/images\/emoji.php\/v9\/t3d\/1\/16\/1f3c5.png\" alt=\"\ud83c\udfc5\" width=\"16\" height=\"16\" \/><\/span> 7. hely \u2013 Madar\u00e1sz \u00c1d\u00e1m<\/div>\n<div dir=\"auto\"><span class=\"html-span xexx8yu x4uap5 x18d9i69 xkhd6sd x1hl2dhg x16tdsg8 x1vvkbs x3nfvp2 x1j61x8r x1fcty0u xdj266r xat24cr xgzva0m xhhsvwb xxymvpz xlup9mm x1kky2od\"><img loading=\"lazy\" decoding=\"async\" class=\"xz74otr x168nmei x13lgxp2 x5pf9jr xo71vjh\" src=\"https:\/\/static.xx.fbcdn.net\/images\/emoji.php\/v9\/t3d\/1\/16\/1f3c5.png\" alt=\"\ud83c\udfc5\" width=\"16\" height=\"16\" \/><\/span> 8. hely \u2013 Bojsza Krist\u00f3f<\/div>\n<\/div>\n<\/div>\n<\/div>\n<\/div>\n<\/div>\n<\/div>\n<div dir=\"auto\"><\/div>\n<p><\/p>\n<div class=\"html-div xdj266r x11i5rnm xat24cr x1mh8g0r xexx8yu x4uap5 x18d9i69 xkhd6sd\" dir=\"auto\">\n<div class=\"html-div xdj266r x11i5rnm xat24cr x1mh8g0r xexx8yu x4uap5 x18d9i69 xkhd6sd\" data-ad-rendering-role=\"story_message\">\n<div id=\"\u00abRlanamladbaammjabiqapapd5aqH2\u00bb\" class=\"x1l90r2v x1iorvi4 x1ye3gou xn6708d\" data-ad-comet-preview=\"message\" data-ad-preview=\"message\">\n<div class=\"x78zum5 xdt5ytf xz62fqu x16ldp7u\">\n<div class=\"xu06os2 x1ok221b\">\n<div class=\"x11i5rnm xat24cr x1mh8g0r x1vvkbs xtlvy1s x126k92a\">\n<div dir=\"auto\">Gratul\u00e1lunk tagjainknak a remek szerepl\u00e9shez!<\/div>\n<\/div>\n<\/div>\n<\/div>\n<\/div>\n<\/div>\n<\/div>\n<div dir=\"auto\"><\/div>\n<div dir=\"auto\">\n\n\t\t<div id='gallery-1' class='gallery galleryid-3170 gallery-columns-2 gallery-size-medium gal250515'><script type=\"text\/javascript\">\r\n\/\/ <![CDATA[\r\n\tjQuery(document).ready(function () {\r\n\t\tjQuery(\".gal250515 a\").attr(\"rel\",\"gal250515\");\t\r\n\t\tjQuery('a[rel=\"gal250515\"]').colorbox({maxWidth:\"95%\", maxHeight:\"95%\",title: function(){ return jQuery(this).children().attr(\"alt\"); }});\r\n\t});\r\n\/\/ ]]>\r\n<\/script>\n<figure class=\"gallery-item\">\n<div class=\"gallery-icon\">\r\n<a href=\"https:\/\/brigetiosport.hu\/wordpress\/wp-content\/uploads\/2025\/05\/20250511_orfui_kriterium_01.jpg\" title=\"\" rel=\"gal250515\"><img loading=\"lazy\" decoding=\"async\" src=\"https:\/\/brigetiosport.hu\/wordpress\/wp-content\/uploads\/2025\/05\/20250511_orfui_kriterium_01-300x300.jpg\" width=\"300\" height=\"300\" alt=\"\" \/><\/a>\r\n<\/div><\/figure><figure class=\"gallery-item\">\n<div class=\"gallery-icon\">\r\n<a href=\"https:\/\/brigetiosport.hu\/wordpress\/wp-content\/uploads\/2025\/05\/20250511_orfui_kriterium_02.jpg\" title=\"\" rel=\"gal250515\"><img loading=\"lazy\" decoding=\"async\" src=\"https:\/\/brigetiosport.hu\/wordpress\/wp-content\/uploads\/2025\/05\/20250511_orfui_kriterium_02-300x300.jpg\" width=\"300\" height=\"300\" alt=\"\" \/><\/a>\r\n<\/div><\/figure><figure class=\"gallery-item\">\n<div class=\"gallery-icon\">\r\n<a href=\"https:\/\/brigetiosport.hu\/wordpress\/wp-content\/uploads\/2025\/05\/20250511_orfui_kriterium_03.jpg\" title=\"\" rel=\"gal250515\"><img loading=\"lazy\" decoding=\"async\" src=\"https:\/\/brigetiosport.hu\/wordpress\/wp-content\/uploads\/2025\/05\/20250511_orfui_kriterium_03-300x300.jpg\" width=\"300\" height=\"300\" alt=\"\" \/><\/a>\r\n<\/div><\/figure><figure class=\"gallery-item\">\n<div class=\"gallery-icon\">\r\n<a href=\"https:\/\/brigetiosport.hu\/wordpress\/wp-content\/uploads\/2025\/05\/20250511_orfui_kriterium_04.jpg\" title=\"\" rel=\"gal250515\"><img loading=\"lazy\" decoding=\"async\" src=\"https:\/\/brigetiosport.hu\/wordpress\/wp-content\/uploads\/2025\/05\/20250511_orfui_kriterium_04-300x300.jpg\" width=\"300\" height=\"300\" alt=\"\" \/><\/a>\r\n<\/div><\/figure>\r\n\t\t<\/div>\n\n<\/div>\n","protected":false},"excerpt":{"rendered":"<p>M\u00e1jus 11-\u00e9n ker\u00fclt megrendez\u00e9sre az V. Orf\u0171i Krit\u00e9rium orsz\u00e1g\u00fati ker\u00e9kp\u00e1rverseny, amely az AKESZ Magyar Ker\u00e9kp\u00e1ros Amat\u0151r Bajnoks\u00e1g 6. fordul\u00f3jak\u00e9nt szerepelt a versenynapt\u00e1rban. A helysz\u00edn a fest\u0151i Orf\u0171 volt, ahol a 6,2 km-es k\u00f6rp\u00e1lya s\u00edkabb r\u00e9szei mellett k\u00e9t meredek emelked\u0151 is komoly pr\u00f3bat\u00e9telt jelentett a versenyz\u0151knek. A futamok \u00e1ll\u00f3rajttal indultak, \u00e9s m\u00e1r az els\u0151 k\u00f6r\u00f6kt\u0151l rendk\u00edv\u00fcl &hellip; <a href=\"https:\/\/brigetiosport.hu\/wordpress\/2025\/05\/15\/akesz-kupa-6-ik-fordulo-v-orfui-kriterium-orszaguti-kerekparverseny\/\" class=\"more-link\"><span class=\"screen-reader-text\">&#8222;AKESZ-kupa: 6-ik fordul\u00f3 &#8211; V. Orf\u0171i Krit\u00e9rium orsz\u00e1g\u00fati ker\u00e9kp\u00e1rverseny&#8221;<\/span> b\u0151vebben<\/a><\/p>\n","protected":false},"author":3,"featured_media":0,"comment_status":"closed","ping_status":"closed","sticky":false,"template":"","format":"standard","meta":{"footnotes":""},"categories":[10,3],"tags":[],"_links":{"self":[{"href":"https:\/\/brigetiosport.hu\/wordpress\/wp-json\/wp\/v2\/posts\/3170"}],"collection":[{"href":"https:\/\/brigetiosport.hu\/wordpress\/wp-json\/wp\/v2\/posts"}],"about":[{"href":"https:\/\/brigetiosport.hu\/wordpress\/wp-json\/wp\/v2\/types\/post"}],"author":[{"embeddable":true,"href":"https:\/\/brigetiosport.hu\/wordpress\/wp-json\/wp\/v2\/users\/3"}],"replies":[{"embeddable":true,"href":"https:\/\/brigetiosport.hu\/wordpress\/wp-json\/wp\/v2\/comments?post=3170"}],"version-history":[{"count":1,"href":"https:\/\/brigetiosport.hu\/wordpress\/wp-json\/wp\/v2\/posts\/3170\/revisions"}],"predecessor-version":[{"id":3175,"href":"https:\/\/brigetiosport.hu\/wordpress\/wp-json\/wp\/v2\/posts\/3170\/revisions\/3175"}],"wp:attachment":[{"href":"https:\/\/brigetiosport.hu\/wordpress\/wp-json\/wp\/v2\/media?parent=3170"}],"wp:term":[{"taxonomy":"category","embeddable":true,"href":"https:\/\/brigetiosport.hu\/wordpress\/wp-json\/wp\/v2\/categories?post=3170"},{"taxonomy":"post_tag","embeddable":true,"href":"https:\/\/brigetiosport.hu\/wordpress\/wp-json\/wp\/v2\/tags?post=3170"}],"curies":[{"name":"wp","href":"https:\/\/api.w.org\/{rel}","templated":true}]}}