{"id":3066,"date":"2025-04-21T19:00:45","date_gmt":"2025-04-21T18:00:45","guid":{"rendered":"https:\/\/brigetiosport.hu\/wordpress\/?p=3066"},"modified":"2025-10-24T07:45:53","modified_gmt":"2025-10-24T06:45:53","slug":"beszamolo-orszaguti-kerekpar-diakolimpia","status":"publish","type":"post","link":"https:\/\/brigetiosport.hu\/wordpress\/2025\/04\/21\/beszamolo-orszaguti-kerekpar-diakolimpia\/","title":{"rendered":"Besz\u00e1mol\u00f3: Orsz\u00e1g\u00fati Ker\u00e9kp\u00e1r Di\u00e1kolimpia"},"content":{"rendered":"<div dir=\"auto\">\n\n\t\t<div id='gallery-1' class='gallery galleryid-3066 gallery-columns-1 gallery-size-large gal250421'><script type=\"text\/javascript\">\r\n\/\/ <![CDATA[\r\n\tjQuery(document).ready(function () {\r\n\t\tjQuery(\".gal250421 a\").attr(\"rel\",\"gal250421\");\t\r\n\t\tjQuery('a[rel=\"gal250421\"]').colorbox({maxWidth:\"95%\", maxHeight:\"95%\",title: function(){ return jQuery(this).children().attr(\"alt\"); }});\r\n\t});\r\n\/\/ ]]>\r\n<\/script>\n<figure class=\"gallery-item\">\n<div class=\"gallery-icon\">\r\n<a href=\"https:\/\/brigetiosport.hu\/wordpress\/wp-content\/uploads\/2025\/04\/20250417_diakolimpia_01.jpg\" title=\"\" rel=\"gal250421\"><img loading=\"lazy\" decoding=\"async\" src=\"https:\/\/brigetiosport.hu\/wordpress\/wp-content\/uploads\/2025\/04\/20250417_diakolimpia_01-1024x640.jpg\" width=\"840\" height=\"525\" alt=\"\" \/><\/a>\r\n<\/div><\/figure><figure class=\"gallery-item\">\n<div class=\"gallery-icon\">\r\n<a href=\"https:\/\/brigetiosport.hu\/wordpress\/wp-content\/uploads\/2025\/04\/20250417_diakolimpia_02.jpg\" title=\"\" rel=\"gal250421\"><img loading=\"lazy\" decoding=\"async\" src=\"https:\/\/brigetiosport.hu\/wordpress\/wp-content\/uploads\/2025\/04\/20250417_diakolimpia_02-1024x640.jpg\" width=\"840\" height=\"525\" alt=\"\" \/><\/a>\r\n<\/div><\/figure>\r\n\t\t<\/div>\n\n<\/div>\n<div dir=\"auto\">\n<p>2025.04.17-\u00e9n ker\u00fclt sor a 2025. \u00e9vi Orsz\u00e1g\u00fati Ker\u00e9kp\u00e1r Di\u00e1kolimpia versenyeire, az id\u0151futam OB-nak is helysz\u00edn\u00fcl szolg\u00e1l\u00f3 Debrecen-Bocskaikertben. Egyes\u00fclet\u00fcnk tagja, Havasi Zolt\u00e1n, U23 korcsoportban, a Dabasi T\u00e1ncsics Mih\u00e1ly Gimn\u00e1zium tanul\u00f3jak\u00e9nt a 10 km-es id\u0151futamon \u00e9s a 38 km-es mez\u0151nyversenyen is indult.<\/p>\n<p>A d\u00e9lel\u0151tti id\u0151futamra az \u201eA\u201d (igazolt versenyz\u0151k) \u00e9s a \u201eB\u201d kateg\u00f3ri\u00e1kban \u00f6sszesen k\u00f6zel 300 nevez\u00e9s \u00e9rkezett a hazai \u00e1ltal\u00e1nos \u00e9s k\u00f6z\u00e9piskol\u00e1k r\u00e9sz\u00e9r\u0151l. A d\u00e9lut\u00e1ni mez\u0151nyversenyen csak igazolt versenyz\u0151k indultak.<br \/>\nZoli mindk\u00e9t versenysz\u00e1mban, az \u201eA\u201d kateg\u00f3ri\u00e1ban \u201eMagyarorsz\u00e1g Orsz\u00e1g\u00fati Ker\u00e9kp\u00e1ros Di\u00e1kolimpia Bajnoka\u201d lett! K\u00fcl\u00f6n kiemelend\u0151 az id\u0151futam teljes\u00edtm\u00e9nye, ahol a m\u00e1sodik helyezett\u0151l 40 mp-cel jobb id\u0151vel, 47 km\/h feletti \u00e1tlaggal \u00e9rt c\u00e9lba.<\/p>\n<p>Gratul\u00e1lunk a kiv\u00e1l\u00f3 eredm\u00e9nyekhez \u00e9s tov\u00e1bbi sok sikert k\u00edv\u00e1nunk!<\/p>\n<\/div>\n<div class=\"html-div xdj266r x11i5rnm xat24cr x1mh8g0r xexx8yu x4uap5 x18d9i69 xkhd6sd\" dir=\"auto\">\n<div class=\"html-div xdj266r x11i5rnm xat24cr x1mh8g0r xexx8yu x4uap5 x18d9i69 xkhd6sd\" data-ad-rendering-role=\"story_message\">\n<div id=\"\u00abr1c\u00bb\" class=\"x1l90r2v x1iorvi4 x1ye3gou xn6708d\" data-ad-comet-preview=\"message\" data-ad-preview=\"message\">\n<div class=\"x78zum5 xdt5ytf xz62fqu x16ldp7u\">\n<div class=\"xu06os2 x1ok221b\">\n<div class=\"xdj266r x11i5rnm xat24cr x1mh8g0r x1vvkbs x126k92a\"><\/div>\n<div class=\"x11i5rnm xat24cr x1mh8g0r x1vvkbs xtlvy1s x126k92a\">A k\u00e9pek forr\u00e1sa: <span class=\"html-span xdj266r x11i5rnm xat24cr x1mh8g0r xexx8yu x4uap5 x18d9i69 xkhd6sd x1hl2dhg x16tdsg8 x1vvkbs\"><a class=\"x1i10hfl xjbqb8w x1ejq31n xd10rxx x1sy0etr x17r0tee x972fbf xcfux6l x1qhh985 xm0m39n x9f619 x1ypdohk xt0psk2 xe8uvvx xdj266r x11i5rnm xat24cr x1mh8g0r xexx8yu x4uap5 x18d9i69 xkhd6sd x16tdsg8 x1hl2dhg xggy1nq x1a2a7pz xkrqix3 x1sur9pj x1fey0fg x1s688f\" tabindex=\"0\" role=\"link\" href=\"https:\/\/www.facebook.com\/vighattilaphotos?__cft__[0]=AZWI_Ov6ylyCkDl94JEHuNrjXKkVPWTqBXDIjDXiZ0UtOUeDV9C1JZikdZJKdm-MlZQUiehU_3P4EWeMChdcm-3MWTzW5H1wEDD_TdpvpJCVKT3tnWfN8-fPlRWplRcpUI3jAQjgCQ6kGtgob-hqiGz2dHzocvmnRedXRD6MsLF6l34drCihpsjcvASqvBCU6Dg&amp;__tn__=-]K-R\" target=\"_blank\" rel=\"noopener\"><span class=\"xt0psk2\"><span class=\"xjp7ctv\">https:\/\/www.facebook.com\/vighattilaphotos<\/span><\/span><\/a><\/span><\/div>\n<\/div>\n<\/div>\n<\/div>\n<\/div>\n<\/div>\n","protected":false},"excerpt":{"rendered":"<p>2025.04.17-\u00e9n ker\u00fclt sor a 2025. \u00e9vi Orsz\u00e1g\u00fati Ker\u00e9kp\u00e1r Di\u00e1kolimpia versenyeire, az id\u0151futam OB-nak is helysz\u00edn\u00fcl szolg\u00e1l\u00f3 Debrecen-Bocskaikertben. Egyes\u00fclet\u00fcnk tagja, Havasi Zolt\u00e1n, U23 korcsoportban, a Dabasi T\u00e1ncsics Mih\u00e1ly Gimn\u00e1zium tanul\u00f3jak\u00e9nt a 10 km-es id\u0151futamon \u00e9s a 38 km-es mez\u0151nyversenyen is indult. A d\u00e9lel\u0151tti id\u0151futamra az \u201eA\u201d (igazolt versenyz\u0151k) \u00e9s a \u201eB\u201d kateg\u00f3ri\u00e1kban \u00f6sszesen k\u00f6zel 300 nevez\u00e9s &hellip; <a href=\"https:\/\/brigetiosport.hu\/wordpress\/2025\/04\/21\/beszamolo-orszaguti-kerekpar-diakolimpia\/\" class=\"more-link\"><span class=\"screen-reader-text\">&#8222;Besz\u00e1mol\u00f3: Orsz\u00e1g\u00fati Ker\u00e9kp\u00e1r Di\u00e1kolimpia&#8221;<\/span> b\u0151vebben<\/a><\/p>\n","protected":false},"author":3,"featured_media":0,"comment_status":"closed","ping_status":"closed","sticky":false,"template":"","format":"standard","meta":{"footnotes":""},"categories":[10,6],"tags":[],"_links":{"self":[{"href":"https:\/\/brigetiosport.hu\/wordpress\/wp-json\/wp\/v2\/posts\/3066"}],"collection":[{"href":"https:\/\/brigetiosport.hu\/wordpress\/wp-json\/wp\/v2\/posts"}],"about":[{"href":"https:\/\/brigetiosport.hu\/wordpress\/wp-json\/wp\/v2\/types\/post"}],"author":[{"embeddable":true,"href":"https:\/\/brigetiosport.hu\/wordpress\/wp-json\/wp\/v2\/users\/3"}],"replies":[{"embeddable":true,"href":"https:\/\/brigetiosport.hu\/wordpress\/wp-json\/wp\/v2\/comments?post=3066"}],"version-history":[{"count":4,"href":"https:\/\/brigetiosport.hu\/wordpress\/wp-json\/wp\/v2\/posts\/3066\/revisions"}],"predecessor-version":[{"id":3411,"href":"https:\/\/brigetiosport.hu\/wordpress\/wp-json\/wp\/v2\/posts\/3066\/revisions\/3411"}],"wp:attachment":[{"href":"https:\/\/brigetiosport.hu\/wordpress\/wp-json\/wp\/v2\/media?parent=3066"}],"wp:term":[{"taxonomy":"category","embeddable":true,"href":"https:\/\/brigetiosport.hu\/wordpress\/wp-json\/wp\/v2\/categories?post=3066"},{"taxonomy":"post_tag","embeddable":true,"href":"https:\/\/brigetiosport.hu\/wordpress\/wp-json\/wp\/v2\/tags?post=3066"}],"curies":[{"name":"wp","href":"https:\/\/api.w.org\/{rel}","templated":true}]}}