{"id":2960,"date":"2025-02-18T19:00:20","date_gmt":"2025-02-18T18:00:20","guid":{"rendered":"https:\/\/brigetiosport.hu\/wordpress\/?p=2960"},"modified":"2025-02-23T17:18:09","modified_gmt":"2025-02-23T16:18:09","slug":"akikre-buszkek-lehetunk-dijazottjaink-az-acsi-sportbalon","status":"publish","type":"post","link":"https:\/\/brigetiosport.hu\/wordpress\/2025\/02\/18\/akikre-buszkek-lehetunk-dijazottjaink-az-acsi-sportbalon\/","title":{"rendered":"Akikre b\u00fcszk\u00e9k lehet\u00fcnk: d\u00edjazottjaink az \u00e1csi Sportb\u00e1lon"},"content":{"rendered":"\n\t\t<div id='gallery-1' class='gallery galleryid-2960 gallery-columns-1 gallery-size-full gal250218'><script type=\"text\/javascript\">\r\n\/\/ <![CDATA[\r\n\tjQuery(document).ready(function () {\r\n\t\tjQuery(\".gal250218 a\").attr(\"rel\",\"gal250218\");\t\r\n\t\tjQuery('a[rel=\"gal250218\"]').colorbox({maxWidth:\"95%\", maxHeight:\"95%\",title: function(){ return jQuery(this).children().attr(\"alt\"); }});\r\n\t});\r\n\/\/ ]]>\r\n<\/script>\n<figure class=\"gallery-item\">\n<div class=\"gallery-icon\">\r\n<a href=\"https:\/\/brigetiosport.hu\/wordpress\/wp-content\/uploads\/2025\/02\/20250214_acsi_sportbal_01.jpg\" title=\"\" rel=\"gal250218\"><img loading=\"lazy\" decoding=\"async\" src=\"https:\/\/brigetiosport.hu\/wordpress\/wp-content\/uploads\/2025\/02\/20250214_acsi_sportbal_01.jpg\" width=\"2048\" height=\"1073\" alt=\"\" \/><\/a>\r\n<\/div><\/figure>\r\n\t\t<\/div>\n\n<p>Febru\u00e1r 14-\u00e9n imm\u00e1ron harmadik alkalommal tartottak \u00c1cson remek hangulat\u00fa Sportb\u00e1lt. Az esem\u00e9nyen g\u00e1lam\u0171sor keret\u00e9ben ismert\u00e9k el azokat a sportol\u00f3kat, akik \u00c1cs sz\u00edneiben, vagy \u00c1cs h\u00edrnev\u00e9t \u00f6regb\u00edtve k\u00e9pviselt\u00e9k a v\u00e1rost orsz\u00e1g-vil\u00e1gszerte. A d\u00edjak \u00e1tad\u00e1s\u00e1ban k\u00f6zrem\u0171k\u00f6d\u00f6tt dr. Szentirmai Istv\u00e1n polg\u00e1rmester, Nagy Tam\u00e1s k\u00e9pvisel\u0151 az esem\u00e9ny \u00f6tletgazd\u00e1ja \u00e9s Kocsis Zseni, az \u00c1csi KINIZSI SC eln\u00f6ke.<br \/>\nA g\u00e1l\u00e1n a f\u00e9rfi feln\u0151tt sportol\u00f3ja d\u00edjban r\u00e9szes\u00fclt V\u00f6r\u00f6s Gerg\u0151 tagunk, aki kimagasl\u00f3 eredm\u00e9nyeket \u00e9rt a tavalyi \u00e9vben \u00e9s k\u00f6z\u00f6ss\u00e9gi munk\u00e1ja is p\u00e9lda \u00e9rt\u00e9k\u0171 volt.<br \/>\nEgyes\u00fclet\u00fcnket k\u00f6z\u00f6ss\u00e9gi d\u00edjjal jutalmazta \u00c1cs v\u00e1rosa, mivel versenyeink \u00e1csi ter\u00fcleten is \u00e1thaladnak, emellett \u00e9vek \u00f3ta rendszeresen bekapcsol\u00f3dunk a helyi k\u00f6z\u00f6ss\u00e9gi rendezv\u00e9nyekbe, p\u00e9ld\u00e1ul a gyereknap, a maj\u00e1lis vagy \u00e9ppen a Fut\u00e1cs programok megval\u00f3s\u00edt\u00e1s\u00e1ba.<br \/>\nK\u00f6sz\u00f6nj\u00fck \u00c1cs v\u00e1ros\u00e1nak az elismer\u0151 d\u00edjakat \u00e9s gratul\u00e1lunk a sz\u00ednvonalas g\u00e1laest megval\u00f3s\u00edt\u00e1s\u00e1hoz!<\/p>\n\n\t\t<div id='gallery-2' class='gallery galleryid-2960 gallery-columns-2 gallery-size-large gal250218'><script type=\"text\/javascript\">\r\n\/\/ <![CDATA[\r\n\tjQuery(document).ready(function () {\r\n\t\tjQuery(\".gal250218 a\").attr(\"rel\",\"gal250218\");\t\r\n\t\tjQuery('a[rel=\"gal250218\"]').colorbox({maxWidth:\"95%\", maxHeight:\"95%\",title: function(){ return jQuery(this).children().attr(\"alt\"); }});\r\n\t});\r\n\/\/ ]]>\r\n<\/script>\n<figure class=\"gallery-item\">\n<div class=\"gallery-icon\">\r\n<a href=\"https:\/\/brigetiosport.hu\/wordpress\/wp-content\/uploads\/2025\/02\/20250214_acsi_sportbal_02.jpg\" title=\"\" rel=\"gal250218\"><img loading=\"lazy\" decoding=\"async\" src=\"https:\/\/brigetiosport.hu\/wordpress\/wp-content\/uploads\/2025\/02\/20250214_acsi_sportbal_02-1024x537.jpg\" width=\"840\" height=\"441\" alt=\"\" \/><\/a>\r\n<\/div><\/figure><figure class=\"gallery-item\">\n<div class=\"gallery-icon\">\r\n<a href=\"https:\/\/brigetiosport.hu\/wordpress\/wp-content\/uploads\/2025\/02\/20250214_acsi_sportbal_03.jpg\" title=\"\" rel=\"gal250218\"><img loading=\"lazy\" decoding=\"async\" src=\"https:\/\/brigetiosport.hu\/wordpress\/wp-content\/uploads\/2025\/02\/20250214_acsi_sportbal_03-1024x537.jpg\" width=\"840\" height=\"441\" alt=\"\" \/><\/a>\r\n<\/div><\/figure><figure class=\"gallery-item\">\n<div class=\"gallery-icon\">\r\n<a href=\"https:\/\/brigetiosport.hu\/wordpress\/wp-content\/uploads\/2025\/02\/20250214_acsi_sportbal_04.jpg\" title=\"\" rel=\"gal250218\"><img loading=\"lazy\" decoding=\"async\" src=\"https:\/\/brigetiosport.hu\/wordpress\/wp-content\/uploads\/2025\/02\/20250214_acsi_sportbal_04-1024x537.jpg\" width=\"840\" height=\"441\" alt=\"\" \/><\/a>\r\n<\/div><\/figure><figure class=\"gallery-item\">\n<div class=\"gallery-icon\">\r\n<a href=\"https:\/\/brigetiosport.hu\/wordpress\/wp-content\/uploads\/2025\/02\/20250214_acsi_sportbal_05.jpg\" title=\"\" rel=\"gal250218\"><img loading=\"lazy\" decoding=\"async\" src=\"https:\/\/brigetiosport.hu\/wordpress\/wp-content\/uploads\/2025\/02\/20250214_acsi_sportbal_05-1024x537.jpg\" width=\"840\" height=\"441\" alt=\"\" \/><\/a>\r\n<\/div><\/figure>\r\n\t\t<\/div>\n\n","protected":false},"excerpt":{"rendered":"<p>Febru\u00e1r 14-\u00e9n imm\u00e1ron harmadik alkalommal tartottak \u00c1cson remek hangulat\u00fa Sportb\u00e1lt. Az esem\u00e9nyen g\u00e1lam\u0171sor keret\u00e9ben ismert\u00e9k el azokat a sportol\u00f3kat, akik \u00c1cs sz\u00edneiben, vagy \u00c1cs h\u00edrnev\u00e9t \u00f6regb\u00edtve k\u00e9pviselt\u00e9k a v\u00e1rost orsz\u00e1g-vil\u00e1gszerte. A d\u00edjak \u00e1tad\u00e1s\u00e1ban k\u00f6zrem\u0171k\u00f6d\u00f6tt dr. Szentirmai Istv\u00e1n polg\u00e1rmester, Nagy Tam\u00e1s k\u00e9pvisel\u0151 az esem\u00e9ny \u00f6tletgazd\u00e1ja \u00e9s Kocsis Zseni, az \u00c1csi KINIZSI SC eln\u00f6ke. A g\u00e1l\u00e1n a &hellip; <a href=\"https:\/\/brigetiosport.hu\/wordpress\/2025\/02\/18\/akikre-buszkek-lehetunk-dijazottjaink-az-acsi-sportbalon\/\" class=\"more-link\"><span class=\"screen-reader-text\">&#8222;Akikre b\u00fcszk\u00e9k lehet\u00fcnk: d\u00edjazottjaink az \u00e1csi Sportb\u00e1lon&#8221;<\/span> b\u0151vebben<\/a><\/p>\n","protected":false},"author":3,"featured_media":0,"comment_status":"closed","ping_status":"closed","sticky":false,"template":"","format":"standard","meta":{"footnotes":""},"categories":[10,1],"tags":[],"_links":{"self":[{"href":"https:\/\/brigetiosport.hu\/wordpress\/wp-json\/wp\/v2\/posts\/2960"}],"collection":[{"href":"https:\/\/brigetiosport.hu\/wordpress\/wp-json\/wp\/v2\/posts"}],"about":[{"href":"https:\/\/brigetiosport.hu\/wordpress\/wp-json\/wp\/v2\/types\/post"}],"author":[{"embeddable":true,"href":"https:\/\/brigetiosport.hu\/wordpress\/wp-json\/wp\/v2\/users\/3"}],"replies":[{"embeddable":true,"href":"https:\/\/brigetiosport.hu\/wordpress\/wp-json\/wp\/v2\/comments?post=2960"}],"version-history":[{"count":1,"href":"https:\/\/brigetiosport.hu\/wordpress\/wp-json\/wp\/v2\/posts\/2960\/revisions"}],"predecessor-version":[{"id":2966,"href":"https:\/\/brigetiosport.hu\/wordpress\/wp-json\/wp\/v2\/posts\/2960\/revisions\/2966"}],"wp:attachment":[{"href":"https:\/\/brigetiosport.hu\/wordpress\/wp-json\/wp\/v2\/media?parent=2960"}],"wp:term":[{"taxonomy":"category","embeddable":true,"href":"https:\/\/brigetiosport.hu\/wordpress\/wp-json\/wp\/v2\/categories?post=2960"},{"taxonomy":"post_tag","embeddable":true,"href":"https:\/\/brigetiosport.hu\/wordpress\/wp-json\/wp\/v2\/tags?post=2960"}],"curies":[{"name":"wp","href":"https:\/\/api.w.org\/{rel}","templated":true}]}}