{"id":2883,"date":"2024-10-08T18:22:15","date_gmt":"2024-10-08T17:22:15","guid":{"rendered":"https:\/\/brigetiosport.hu\/wordpress\/?p=2883"},"modified":"2024-11-28T17:27:29","modified_gmt":"2024-11-28T16:27:29","slug":"beszamolo-brigetio-futoverseny","status":"publish","type":"post","link":"https:\/\/brigetiosport.hu\/wordpress\/2024\/10\/08\/beszamolo-brigetio-futoverseny\/","title":{"rendered":"Besz\u00e1mol\u00f3: Brigetio Fut\u00f3verseny"},"content":{"rendered":"<div class=\"html-div xdj266r x11i5rnm xat24cr x1mh8g0r xexx8yu x4uap5 x18d9i69 xkhd6sd\" dir=\"auto\">\n<div class=\"html-div xdj266r x11i5rnm xat24cr x1mh8g0r xexx8yu x4uap5 x18d9i69 xkhd6sd\" data-ad-rendering-role=\"story_message\">\n<div id=\":r4a6:\" class=\"x1l90r2v x1iorvi4 x1ye3gou xn6708d\" data-ad-comet-preview=\"message\" data-ad-preview=\"message\">\n<div class=\"x78zum5 xdt5ytf xz62fqu x16ldp7u\">\n<div class=\"xu06os2 x1ok221b\">\n<div class=\"xdj266r x11i5rnm xat24cr x1mh8g0r x1vvkbs x126k92a\">\n<div dir=\"auto\">A Kom\u00e1rom Eur\u00f3pa Fut\u00f3 Egyes\u00fclet imm\u00e1ron negyedik alkalommal h\u00edvta \u00e9letre az \u00fagynevezett Brigetio Fut\u00f3versenyt Valentinianus nyom\u00e1ban okt\u00f3ber 5-\u00e9n. A bor\u00fas id\u0151 ellen\u00e9re is t\u00f6bb, mint 70 fut\u00f3 \u00e1llt rajzhoz, \u00e9s m\u00e9rette meg mag\u00e1t az 5 kilom\u00e9teres t\u00e1von, valamint f\u00e9lmaratonon, maratonon, 1-\u00e9s 6 \u00f3r\u00e1s futamon is indulhattak a jelentkez\u0151k.<\/div>\n<\/div>\n<div class=\"x11i5rnm xat24cr x1mh8g0r x1vvkbs xtlvy1s x126k92a\">\n<div dir=\"auto\">Egyes\u00fclet\u00fcnket<span class=\"html-span xdj266r x11i5rnm xat24cr x1mh8g0r xexx8yu x4uap5 x18d9i69 xkhd6sd x1hl2dhg x16tdsg8 x1vvkbs\"><span class=\"xt0psk2\"> M\u00e1ty\u00e1s<\/span><\/span> Istv\u00e1n \u00e9s <span class=\"html-span xdj266r x11i5rnm xat24cr x1mh8g0r xexx8yu x4uap5 x18d9i69 xkhd6sd x1hl2dhg x16tdsg8 x1vvkbs\"><span class=\"xt0psk2\">Eszterg\u00e1lyos<\/span> Patrik<\/span> k\u00e9pviselt\u00e9k az 1 \u00f3r\u00e1s futamban. M\u00e1ty\u00e1s Istv\u00e1n 10 k\u00f6rt, azaz 12 400 m\u00e9tert teljes\u00edtett, ezzel az 5. helyez\u00e9st el\u00e9rve. Eszterg\u00e1lyos Patrik 11 k\u00f6rt futott le, \u00edgy 13 440 m\u00e9tert teljes\u00edtett az 1 \u00f3ra alatt, ezzel megszerezve a 3. helyez\u00e9st! Gratul\u00e1lunk a kiv\u00e1l\u00f3 eredm\u00e9nyekhez!<\/div>\n<div dir=\"auto\">\n\n\t\t<div id='gallery-1' class='gallery galleryid-2883 gallery-columns-2 gallery-size-large gal241008'><script type=\"text\/javascript\">\r\n\/\/ <![CDATA[\r\n\tjQuery(document).ready(function () {\r\n\t\tjQuery(\".gal241008 a\").attr(\"rel\",\"gal241008\");\t\r\n\t\tjQuery('a[rel=\"gal241008\"]').colorbox({maxWidth:\"95%\", maxHeight:\"95%\",title: function(){ return jQuery(this).children().attr(\"alt\"); }});\r\n\t});\r\n\/\/ ]]>\r\n<\/script>\n<figure class=\"gallery-item\">\n<div class=\"gallery-icon\">\r\n<a href=\"https:\/\/brigetiosport.hu\/wordpress\/wp-content\/uploads\/2024\/11\/20241005_kefe_futoverseny_01.jpg\" title=\"\" rel=\"gal241008\"><img loading=\"lazy\" decoding=\"async\" src=\"https:\/\/brigetiosport.hu\/wordpress\/wp-content\/uploads\/2024\/11\/20241005_kefe_futoverseny_01-1024x1024.jpg\" width=\"840\" height=\"840\" alt=\"\" \/><\/a>\r\n<\/div><\/figure><figure class=\"gallery-item\">\n<div class=\"gallery-icon\">\r\n<a href=\"https:\/\/brigetiosport.hu\/wordpress\/wp-content\/uploads\/2024\/11\/20241005_kefe_futoverseny_02.jpg\" title=\"\" rel=\"gal241008\"><img loading=\"lazy\" decoding=\"async\" src=\"https:\/\/brigetiosport.hu\/wordpress\/wp-content\/uploads\/2024\/11\/20241005_kefe_futoverseny_02-1024x1024.jpg\" width=\"840\" height=\"840\" alt=\"\" \/><\/a>\r\n<\/div><\/figure>\r\n\t\t<\/div>\n\n<\/div>\n<\/div>\n<\/div>\n<\/div>\n<\/div>\n<\/div>\n<\/div>\n","protected":false},"excerpt":{"rendered":"<p>A Kom\u00e1rom Eur\u00f3pa Fut\u00f3 Egyes\u00fclet imm\u00e1ron negyedik alkalommal h\u00edvta \u00e9letre az \u00fagynevezett Brigetio Fut\u00f3versenyt Valentinianus nyom\u00e1ban okt\u00f3ber 5-\u00e9n. A bor\u00fas id\u0151 ellen\u00e9re is t\u00f6bb, mint 70 fut\u00f3 \u00e1llt rajzhoz, \u00e9s m\u00e9rette meg mag\u00e1t az 5 kilom\u00e9teres t\u00e1von, valamint f\u00e9lmaratonon, maratonon, 1-\u00e9s 6 \u00f3r\u00e1s futamon is indulhattak a jelentkez\u0151k. Egyes\u00fclet\u00fcnket M\u00e1ty\u00e1s Istv\u00e1n \u00e9s Eszterg\u00e1lyos Patrik k\u00e9pviselt\u00e9k &hellip; <a href=\"https:\/\/brigetiosport.hu\/wordpress\/2024\/10\/08\/beszamolo-brigetio-futoverseny\/\" class=\"more-link\"><span class=\"screen-reader-text\">&#8222;Besz\u00e1mol\u00f3: Brigetio Fut\u00f3verseny&#8221;<\/span> b\u0151vebben<\/a><\/p>\n","protected":false},"author":3,"featured_media":0,"comment_status":"closed","ping_status":"closed","sticky":false,"template":"","format":"standard","meta":{"footnotes":""},"categories":[10,4],"tags":[],"_links":{"self":[{"href":"https:\/\/brigetiosport.hu\/wordpress\/wp-json\/wp\/v2\/posts\/2883"}],"collection":[{"href":"https:\/\/brigetiosport.hu\/wordpress\/wp-json\/wp\/v2\/posts"}],"about":[{"href":"https:\/\/brigetiosport.hu\/wordpress\/wp-json\/wp\/v2\/types\/post"}],"author":[{"embeddable":true,"href":"https:\/\/brigetiosport.hu\/wordpress\/wp-json\/wp\/v2\/users\/3"}],"replies":[{"embeddable":true,"href":"https:\/\/brigetiosport.hu\/wordpress\/wp-json\/wp\/v2\/comments?post=2883"}],"version-history":[{"count":1,"href":"https:\/\/brigetiosport.hu\/wordpress\/wp-json\/wp\/v2\/posts\/2883\/revisions"}],"predecessor-version":[{"id":2886,"href":"https:\/\/brigetiosport.hu\/wordpress\/wp-json\/wp\/v2\/posts\/2883\/revisions\/2886"}],"wp:attachment":[{"href":"https:\/\/brigetiosport.hu\/wordpress\/wp-json\/wp\/v2\/media?parent=2883"}],"wp:term":[{"taxonomy":"category","embeddable":true,"href":"https:\/\/brigetiosport.hu\/wordpress\/wp-json\/wp\/v2\/categories?post=2883"},{"taxonomy":"post_tag","embeddable":true,"href":"https:\/\/brigetiosport.hu\/wordpress\/wp-json\/wp\/v2\/tags?post=2883"}],"curies":[{"name":"wp","href":"https:\/\/api.w.org\/{rel}","templated":true}]}}