{"id":2854,"date":"2024-10-14T20:19:45","date_gmt":"2024-10-14T19:19:45","guid":{"rendered":"https:\/\/brigetiosport.hu\/wordpress\/?p=2854"},"modified":"2024-10-16T00:14:47","modified_gmt":"2024-10-15T23:14:47","slug":"viii-brigetio-idofutam-beszamolo-eredmenyek","status":"publish","type":"post","link":"https:\/\/brigetiosport.hu\/wordpress\/2024\/10\/14\/viii-brigetio-idofutam-beszamolo-eredmenyek\/","title":{"rendered":"VIII. Brigetio Id\u0151futam: besz\u00e1mol\u00f3, eredm\u00e9nyek"},"content":{"rendered":"<div class=\"xdj266r x11i5rnm xat24cr x1mh8g0r x1vvkbs x126k92a\">\n<div dir=\"auto\">\n\n\t\t<div id='gallery-1' class='gallery galleryid-2854 gallery-columns-1 gallery-size-large gal241014'><script type=\"text\/javascript\">\r\n\/\/ <![CDATA[\r\n\tjQuery(document).ready(function () {\r\n\t\tjQuery(\".gal241014 a\").attr(\"rel\",\"gal241014\");\t\r\n\t\tjQuery('a[rel=\"gal241014\"]').colorbox({maxWidth:\"95%\", maxHeight:\"95%\",title: function(){ return jQuery(this).children().attr(\"alt\"); }});\r\n\t});\r\n\/\/ ]]>\r\n<\/script>\n<figure class=\"gallery-item\">\n<div class=\"gallery-icon\">\r\n<a href=\"https:\/\/brigetiosport.hu\/wordpress\/wp-content\/uploads\/2024\/10\/20241013_brigetio_if_09.jpg\" title=\"\" rel=\"gal241014\"><img loading=\"lazy\" decoding=\"async\" src=\"https:\/\/brigetiosport.hu\/wordpress\/wp-content\/uploads\/2024\/10\/20241013_brigetio_if_09-1024x537.jpg\" width=\"840\" height=\"441\" alt=\"\" \/><\/a>\r\n<\/div><\/figure>\r\n\t\t<\/div>\n\n<\/div>\n<div dir=\"auto\">Okt\u00f3ber 13-\u00e1n Kom\u00e1rom v\u00e1rosa adott otthont a VIII. Brigetio Id\u0151futam egyenk\u00e9nti ind\u00edt\u00e1s\u00fa id\u0151futam versenynek, amely a Magyar Ker\u00e9kp\u00e1ros Amat\u0151r Bajnoks\u00e1g utols\u00f3 fordul\u00f3jak\u00e9nt \u00e9s a Master2 korcsoport orsz\u00e1gos bajnoks\u00e1gak\u00e9nt ker\u00fclt megrendez\u00e9sre.<\/div>\n<\/div>\n<div class=\"x11i5rnm xat24cr x1mh8g0r x1vvkbs xtlvy1s x126k92a\">\n<div dir=\"auto\">Az id\u0151j\u00e1r\u00e1s szesz\u00e9lyes volt, a p\u00e1ly\u00e1n hol s\u00fct\u00f6tt a nap, hol esett az es\u0151 \u00e9s a sz\u00e9ler\u0151ss\u00e9g is v\u00e1ltoz\u00f3 volt, \u00edgy a verseny alakul\u00e1s\u00e1ba az id\u0151j\u00e1r\u00e1s is n\u00e9mileg k\u00f6zbesz\u00f3lt A sportesem\u00e9nyen nem csak hazai, hanem hat\u00e1ron t\u00fali magyar ker\u00e9kp\u00e1rosok is r\u00e9szt vettek sz\u00e9p sz\u00e1mmal, ami kiemelte a sport\u00e1g n\u00e9pszer\u0171s\u00e9g\u00e9t r\u00e9gi\u00f3nkban. A verseny kiemelked\u0151 esem\u00e9nye volt a l\u00e1tv\u00e1nyos egy pilonos Monostori h\u00edd l\u00e1b\u00e1n\u00e1l kialak\u00edtott rajt, ahol a ker\u00e9kp\u00e1rosok sz\u00ednpadr\u00f3l v\u00e1rt\u00e1k a rajtjelz\u00e9st, hogy a r\u00e1mp\u00e1r\u00f3l legurulva v\u00e1gjanak neki a 19 km-es s\u00edk \u00fatvonalnak, ami G\u00f6ny\u0171 telep\u00fcl\u00e9s el\u0151tt \u00e9rt v\u00e9get.<\/div>\n<\/div>\n<p><!--more--><\/p>\n<div class=\"x11i5rnm xat24cr x1mh8g0r x1vvkbs xtlvy1s x126k92a\">\n<div dir=\"auto\">\n\n\t\t<div id='gallery-2' class='gallery galleryid-2854 gallery-columns-2 gallery-size-medium gal241014'><script type=\"text\/javascript\">\r\n\/\/ <![CDATA[\r\n\tjQuery(document).ready(function () {\r\n\t\tjQuery(\".gal241014 a\").attr(\"rel\",\"gal241014\");\t\r\n\t\tjQuery('a[rel=\"gal241014\"]').colorbox({maxWidth:\"95%\", maxHeight:\"95%\",title: function(){ return jQuery(this).children().attr(\"alt\"); }});\r\n\t});\r\n\/\/ ]]>\r\n<\/script>\n<figure class=\"gallery-item\">\n<div class=\"gallery-icon\">\r\n<a href=\"https:\/\/brigetiosport.hu\/wordpress\/wp-content\/uploads\/2024\/10\/20241013_brigetio_if_08.jpg\" title=\"\" rel=\"gal241014\"><img loading=\"lazy\" decoding=\"async\" src=\"https:\/\/brigetiosport.hu\/wordpress\/wp-content\/uploads\/2024\/10\/20241013_brigetio_if_08-300x157.jpg\" width=\"300\" height=\"157\" alt=\"\" \/><\/a>\r\n<\/div><\/figure><figure class=\"gallery-item\">\n<div class=\"gallery-icon\">\r\n<a href=\"https:\/\/brigetiosport.hu\/wordpress\/wp-content\/uploads\/2024\/10\/20241013_brigetio_if_07.jpg\" title=\"\" rel=\"gal241014\"><img loading=\"lazy\" decoding=\"async\" src=\"https:\/\/brigetiosport.hu\/wordpress\/wp-content\/uploads\/2024\/10\/20241013_brigetio_if_07-300x157.jpg\" width=\"300\" height=\"157\" alt=\"\" \/><\/a>\r\n<\/div><\/figure><figure class=\"gallery-item\">\n<div class=\"gallery-icon\">\r\n<a href=\"https:\/\/brigetiosport.hu\/wordpress\/wp-content\/uploads\/2024\/10\/20241013_brigetio_if_06.jpg\" title=\"\" rel=\"gal241014\"><img loading=\"lazy\" decoding=\"async\" src=\"https:\/\/brigetiosport.hu\/wordpress\/wp-content\/uploads\/2024\/10\/20241013_brigetio_if_06-300x157.jpg\" width=\"300\" height=\"157\" alt=\"\" \/><\/a>\r\n<\/div><\/figure><figure class=\"gallery-item\">\n<div class=\"gallery-icon\">\r\n<a href=\"https:\/\/brigetiosport.hu\/wordpress\/wp-content\/uploads\/2024\/10\/20241013_brigetio_if_05.jpg\" title=\"\" rel=\"gal241014\"><img loading=\"lazy\" decoding=\"async\" src=\"https:\/\/brigetiosport.hu\/wordpress\/wp-content\/uploads\/2024\/10\/20241013_brigetio_if_05-300x157.jpg\" width=\"300\" height=\"157\" alt=\"\" \/><\/a>\r\n<\/div><\/figure><figure class=\"gallery-item\">\n<div class=\"gallery-icon\">\r\n<a href=\"https:\/\/brigetiosport.hu\/wordpress\/wp-content\/uploads\/2024\/10\/20241013_brigetio_if_04.jpg\" title=\"\" rel=\"gal241014\"><img loading=\"lazy\" decoding=\"async\" src=\"https:\/\/brigetiosport.hu\/wordpress\/wp-content\/uploads\/2024\/10\/20241013_brigetio_if_04-300x157.jpg\" width=\"300\" height=\"157\" alt=\"\" \/><\/a>\r\n<\/div><\/figure><figure class=\"gallery-item\">\n<div class=\"gallery-icon\">\r\n<a href=\"https:\/\/brigetiosport.hu\/wordpress\/wp-content\/uploads\/2024\/10\/20241013_brigetio_if_03.jpg\" title=\"\" rel=\"gal241014\"><img loading=\"lazy\" decoding=\"async\" src=\"https:\/\/brigetiosport.hu\/wordpress\/wp-content\/uploads\/2024\/10\/20241013_brigetio_if_03-300x157.jpg\" width=\"300\" height=\"157\" alt=\"\" \/><\/a>\r\n<\/div><\/figure><figure class=\"gallery-item\">\n<div class=\"gallery-icon\">\r\n<a href=\"https:\/\/brigetiosport.hu\/wordpress\/wp-content\/uploads\/2024\/10\/20241013_brigetio_if_02.jpg\" title=\"\" rel=\"gal241014\"><img loading=\"lazy\" decoding=\"async\" src=\"https:\/\/brigetiosport.hu\/wordpress\/wp-content\/uploads\/2024\/10\/20241013_brigetio_if_02-300x157.jpg\" width=\"300\" height=\"157\" alt=\"\" \/><\/a>\r\n<\/div><\/figure><figure class=\"gallery-item\">\n<div class=\"gallery-icon\">\r\n<a href=\"https:\/\/brigetiosport.hu\/wordpress\/wp-content\/uploads\/2024\/10\/20241013_brigetio_if_01.jpg\" title=\"\" rel=\"gal241014\"><img loading=\"lazy\" decoding=\"async\" src=\"https:\/\/brigetiosport.hu\/wordpress\/wp-content\/uploads\/2024\/10\/20241013_brigetio_if_01-300x157.jpg\" width=\"300\" height=\"157\" alt=\"\" \/><\/a>\r\n<\/div><\/figure>\r\n\t\t<\/div>\n\n<\/div>\n<div dir=\"auto\">A f\u00e9rfiakn\u00e1l Burgermeister Bal\u00e1zs (Cube-Cs\u00f6m\u00f6r) volt a leggyorsabb, aki 48,98 km\/h \u00e1tlagsebess\u00e9ggel, azaz 23 perc 16 mp-s id\u0151vel teljes\u00edtette a t\u00e1vot! A m\u00e1sodik helyezett 24 mp h\u00e1tr\u00e1nnyal P\u00fcsp\u00f6ki D\u00e1niel (Green Riders Cycling Team) m\u00edg a harmadik 34 mp-vel lemaradva a gy\u0151ztes id\u0151t\u0151l Nagy Tomas (Osmos Cycling Team) lett.<\/div>\n<\/div>\n<div class=\"x11i5rnm xat24cr x1mh8g0r x1vvkbs xtlvy1s x126k92a\">\n<div dir=\"auto\">A n\u0151k verseny\u00e9t Kos\u00fatov\u00e1 Monika (Osmos Cycling Team) nyerte 27 perc 59 mp-vel, 43 mp-vel megel\u0151zve \u00c1nyos Szilvi\u00e1t \u00e9s 1 perc 42 mp-vel megel\u0151zve a harmadik helyezett P\u00e1kolicz Gr\u00e9t\u00e1t (Lotus Team SE).<\/div>\n<\/div>\n<div class=\"x11i5rnm xat24cr x1mh8g0r x1vvkbs xtlvy1s x126k92a\">\n<div dir=\"auto\">A csapatverseny nagyon izgalmasra siker\u00fclt, mind\u00f6ssze 8 mp-vel egyes\u00fclet\u00fcnk nyerte meg a versenyt a m\u00e1sodik helyezett Green Riders el\u0151tt! A harmadik helyezett a M\u00e1tra Biker SC csapata lett!<\/div>\n<\/div>\n<div class=\"x11i5rnm xat24cr x1mh8g0r x1vvkbs xtlvy1s x126k92a\">\n<div dir=\"auto\">Az eredm\u00e9nyhirdet\u00e9sen Kom\u00e1rom V\u00e1ros k\u00e9pviselet\u00e9ben Czita J\u00e1nos alpolg\u00e1rmester \u00dar k\u00f6sz\u00f6nt\u00f6tte a versenyz\u0151ket \u00e9s adta \u00e1t a k\u00fcl\u00f6nleges, egyedi \u00e9rmeket \u00e9s k\u00e9zm\u0171ves d\u00edjakat. A Brigetio Gy\u00f3gyf\u00fcrd\u0151 felaj\u00e1nl\u00e1s\u00e1nak k\u00f6sz\u00f6nhet\u0151en a kateg\u00f3ri\u00e1k gy\u0151ztesei strandbel\u00e9p\u0151t, m\u00edg a Pet\u0151cz Pinc\u00e9szet j\u00f3volt\u00e1b\u00f3l az abszol\u00fat helyezettek \u00e9s a csapatverseny helyezettjei 1-1 \u00fcveg kiv\u00e1l\u00f3 min\u0151s\u00e9g\u0171 bort vehettek \u00e1t a d\u00edszes dobog\u00f3n.<\/div>\n<\/div>\n<div class=\"x11i5rnm xat24cr x1mh8g0r x1vvkbs xtlvy1s x126k92a\">\n<div dir=\"auto\">\u00d6r\u00f6m \u00e9s szomor\u00fas\u00e1g vegy\u00fclt az eredm\u00e9nyhirdet\u00e9sen. M\u00edg a gy\u0151ztesekre \u00e9s teljes\u00edtm\u00e9ny\u00fckre b\u00fcszk\u00e9n tekintett\u00fcnk, addig m\u00e9ly f\u00e1jdalommal eml\u00e9kezt\u00fcnk elhunyt ker\u00e9kp\u00e1ros t\u00e1rsunkra, Antal Attil\u00e1ra, aki az orsz\u00e1gos bajnoks\u00e1gon balesetet szenvedett \u00e9s r\u00f6vid k\u00f3rh\u00e1zi \u00e1pol\u00e1st k\u00f6vet\u0151en \u00e9let\u00e9t vesztette. Az eredm\u00e9nyhirdet\u00e9sen a megjelent versenyz\u0151kkel k\u00f6z\u00f6sen m\u00e9lt\u00f3k\u00e9ppen megeml\u00e9kezt\u00fcnk Av\u00e9r\u00f3l, eml\u00e9k\u00e9t sz\u00edv\u00fcnkben \u0151rizz\u00fck.<\/div>\n<\/div>\n<div class=\"x11i5rnm xat24cr x1mh8g0r x1vvkbs xtlvy1s x126k92a\">\n<div dir=\"auto\">A verseny eredm\u00e9nyhirdet\u00e9s\u00e9t k\u00f6vet\u0151en ker\u00fclt megtart\u00e1sra a Magyar Ker\u00e9kp\u00e1ros Amat\u0151r Bajnoks\u00e1g \u00f6sszetett verseny\u00e9nek ki\u00e9rt\u00e9kel\u00e9se is, ahol a korcsoportok helyezettjei k\u00fcl\u00f6n-k\u00fcl\u00f6n kup\u00e1kat, m\u00edg az els\u0151 helyezettek bajnoki mezeket vehettek \u00e1t, a teljes szezon sor\u00e1n el\u00e9rt kitart\u00e1suk \u00e9s teljes\u00edtm\u00e9ny\u00fck elismer\u00e9sek\u00e9nt.<\/div>\n<\/div>\n<div class=\"x11i5rnm xat24cr x1mh8g0r x1vvkbs xtlvy1s x126k92a\">\n<div dir=\"auto\">Az eredm\u00e9nyhirdet\u00e9sek v\u00e9g\u00e9n egy izgalmas tombola is v\u00e1rt a r\u00e9sztvev\u0151kre, ahol \u00e9rt\u00e9kes aj\u00e1nd\u00e9kok ker\u00fcltek kisorsol\u00e1sra, t\u00f6bbek k\u00f6z\u00f6tt egy radaros Garmin h\u00e1ts\u00f3 l\u00e1mpa is gazd\u00e1ra tal\u00e1lt. A szezont v\u00e9g\u00fcl k\u00f6z\u00f6s tort\u00e1z\u00e1ssal z\u00e1rtuk, amit az Ireks Stamag Kft. aj\u00e1nlott fel \u00e9s k\u00e9sz\u00edtett el nagy gondoss\u00e1ggal \u00e9s oda ad\u00e1ssal.<\/div>\n<\/div>\n<div class=\"x11i5rnm xat24cr x1mh8g0r x1vvkbs xtlvy1s x126k92a\">\n<div dir=\"auto\">K\u00f6sz\u00f6nj\u00fck t\u00e1mogat\u00f3inknak, Kom\u00e1rom V\u00e1ros\u00e1nak \u00e9s a Polg\u00e1r\u0151r egyes\u00fcleteknek a t\u00e1mogat\u00e1st \u00e9s seg\u00edts\u00e9get!<\/div>\n<\/div>\n<div class=\"x11i5rnm xat24cr x1mh8g0r x1vvkbs xtlvy1s x126k92a\">\n<div dir=\"auto\"><\/div>\n<div dir=\"auto\">Eredm\u00e9nyek: <a href=\"https:\/\/brigetiosport.hu\/wordpress\/?media_dl=2869\">kateg\u00f3ria (pdf)<\/a> <a href=\"https:\/\/brigetiosport.hu\/wordpress\/?media_dl=2868\">abszol\u00fat (pdf)<\/a> <a href=\"https:\/\/brigetiosport.hu\/wordpress\/?media_dl=2867\">csapatverseny (pdf)<\/a><\/div>\n<\/div>\n<div class=\"x11i5rnm xat24cr x1mh8g0r x1vvkbs xtlvy1s x126k92a\">\n<div dir=\"auto\"><\/div>\n<div dir=\"auto\">K\u00e9peket k\u00e9sz\u00edtette: Rov\u00e1cs Mariann \u00e9s Kusty\u00e1n Gerg\u0151<\/div>\n<\/div>\n","protected":false},"excerpt":{"rendered":"<p>Okt\u00f3ber 13-\u00e1n Kom\u00e1rom v\u00e1rosa adott otthont a VIII. Brigetio Id\u0151futam egyenk\u00e9nti ind\u00edt\u00e1s\u00fa id\u0151futam versenynek, amely a Magyar Ker\u00e9kp\u00e1ros Amat\u0151r Bajnoks\u00e1g utols\u00f3 fordul\u00f3jak\u00e9nt \u00e9s a Master2 korcsoport orsz\u00e1gos bajnoks\u00e1gak\u00e9nt ker\u00fclt megrendez\u00e9sre. Az id\u0151j\u00e1r\u00e1s szesz\u00e9lyes volt, a p\u00e1ly\u00e1n hol s\u00fct\u00f6tt a nap, hol esett az es\u0151 \u00e9s a sz\u00e9ler\u0151ss\u00e9g is v\u00e1ltoz\u00f3 volt, \u00edgy a verseny alakul\u00e1s\u00e1ba az &hellip; <a href=\"https:\/\/brigetiosport.hu\/wordpress\/2024\/10\/14\/viii-brigetio-idofutam-beszamolo-eredmenyek\/\" class=\"more-link\"><span class=\"screen-reader-text\">&#8222;VIII. Brigetio Id\u0151futam: besz\u00e1mol\u00f3, eredm\u00e9nyek&#8221;<\/span> b\u0151vebben<\/a><\/p>\n","protected":false},"author":3,"featured_media":0,"comment_status":"closed","ping_status":"closed","sticky":false,"template":"","format":"standard","meta":{"footnotes":""},"categories":[10,6],"tags":[],"_links":{"self":[{"href":"https:\/\/brigetiosport.hu\/wordpress\/wp-json\/wp\/v2\/posts\/2854"}],"collection":[{"href":"https:\/\/brigetiosport.hu\/wordpress\/wp-json\/wp\/v2\/posts"}],"about":[{"href":"https:\/\/brigetiosport.hu\/wordpress\/wp-json\/wp\/v2\/types\/post"}],"author":[{"embeddable":true,"href":"https:\/\/brigetiosport.hu\/wordpress\/wp-json\/wp\/v2\/users\/3"}],"replies":[{"embeddable":true,"href":"https:\/\/brigetiosport.hu\/wordpress\/wp-json\/wp\/v2\/comments?post=2854"}],"version-history":[{"count":4,"href":"https:\/\/brigetiosport.hu\/wordpress\/wp-json\/wp\/v2\/posts\/2854\/revisions"}],"predecessor-version":[{"id":2870,"href":"https:\/\/brigetiosport.hu\/wordpress\/wp-json\/wp\/v2\/posts\/2854\/revisions\/2870"}],"wp:attachment":[{"href":"https:\/\/brigetiosport.hu\/wordpress\/wp-json\/wp\/v2\/media?parent=2854"}],"wp:term":[{"taxonomy":"category","embeddable":true,"href":"https:\/\/brigetiosport.hu\/wordpress\/wp-json\/wp\/v2\/categories?post=2854"},{"taxonomy":"post_tag","embeddable":true,"href":"https:\/\/brigetiosport.hu\/wordpress\/wp-json\/wp\/v2\/tags?post=2854"}],"curies":[{"name":"wp","href":"https:\/\/api.w.org\/{rel}","templated":true}]}}