{"id":2838,"date":"2024-09-17T20:44:46","date_gmt":"2024-09-17T19:44:46","guid":{"rendered":"https:\/\/brigetiosport.hu\/wordpress\/?p=2838"},"modified":"2024-10-01T20:18:52","modified_gmt":"2024-10-01T19:18:52","slug":"balatonfondo-orszaguti-mezonyverseny-beszamolo","status":"publish","type":"post","link":"https:\/\/brigetiosport.hu\/wordpress\/2024\/09\/17\/balatonfondo-orszaguti-mezonyverseny-beszamolo\/","title":{"rendered":"Balatonfondo orsz\u00e1g\u00fati mez\u0151nyverseny besz\u00e1mol\u00f3"},"content":{"rendered":"<div class=\"html-div xdj266r x11i5rnm xat24cr x1mh8g0r xexx8yu x4uap5 x18d9i69 xkhd6sd\" dir=\"auto\">\n<div id=\":r6u:\" class=\"x1l90r2v x1pi30zi x1swvt13 x1iorvi4\" data-ad-comet-preview=\"message\" data-ad-preview=\"message\">\n<div class=\"x78zum5 xdt5ytf xz62fqu x16ldp7u\">\n<div class=\"xu06os2 x1ok221b\">\n<div class=\"xdj266r x11i5rnm xat24cr x1mh8g0r x1vvkbs x126k92a\">\n<div dir=\"auto\">\n\n\t\t<div id='gallery-1' class='gallery galleryid-2838 gallery-columns-2 gallery-size-medium gal240917'><script type=\"text\/javascript\">\r\n\/\/ <![CDATA[\r\n\tjQuery(document).ready(function () {\r\n\t\tjQuery(\".gal240917 a\").attr(\"rel\",\"gal240917\");\t\r\n\t\tjQuery('a[rel=\"gal240917\"]').colorbox({maxWidth:\"95%\", maxHeight:\"95%\",title: function(){ return jQuery(this).children().attr(\"alt\"); }});\r\n\t});\r\n\/\/ ]]>\r\n<\/script>\n<figure class=\"gallery-item\">\n<div class=\"gallery-icon\">\r\n<a href=\"https:\/\/brigetiosport.hu\/wordpress\/wp-content\/uploads\/2024\/10\/20240914_balatonfondo_01.jpg\" title=\"\" rel=\"gal240917\"><img loading=\"lazy\" decoding=\"async\" src=\"https:\/\/brigetiosport.hu\/wordpress\/wp-content\/uploads\/2024\/10\/20240914_balatonfondo_01-300x181.jpg\" width=\"300\" height=\"181\" alt=\"\" \/><\/a>\r\n<\/div><\/figure><figure class=\"gallery-item\">\n<div class=\"gallery-icon\">\r\n<a href=\"https:\/\/brigetiosport.hu\/wordpress\/wp-content\/uploads\/2024\/10\/20240914_balatonfondo_03.jpg\" title=\"\" rel=\"gal240917\"><img loading=\"lazy\" decoding=\"async\" src=\"https:\/\/brigetiosport.hu\/wordpress\/wp-content\/uploads\/2024\/10\/20240914_balatonfondo_03-300x217.jpg\" width=\"300\" height=\"217\" alt=\"\" \/><\/a>\r\n<\/div><\/figure><figure class=\"gallery-item\">\n<div class=\"gallery-icon\">\r\n<a href=\"https:\/\/brigetiosport.hu\/wordpress\/wp-content\/uploads\/2024\/10\/20240914_balatonfondo_02.jpg\" title=\"\" rel=\"gal240917\"><img loading=\"lazy\" decoding=\"async\" src=\"https:\/\/brigetiosport.hu\/wordpress\/wp-content\/uploads\/2024\/10\/20240914_balatonfondo_02-300x176.jpg\" width=\"300\" height=\"176\" alt=\"\" \/><\/a>\r\n<\/div><\/figure><figure class=\"gallery-item\">\n<div class=\"gallery-icon\">\r\n<a href=\"https:\/\/brigetiosport.hu\/wordpress\/wp-content\/uploads\/2024\/10\/20240914_balatonfondo_04.jpg\" title=\"2024. 09. 14. BalatonFondo, Fot\u00f3: Vanik Zolt\u00e1n\" rel=\"gal240917\"><img loading=\"lazy\" decoding=\"async\" src=\"https:\/\/brigetiosport.hu\/wordpress\/wp-content\/uploads\/2024\/10\/20240914_balatonfondo_04-300x200.jpg\" width=\"300\" height=\"200\" alt=\"2024. 09. 14. BalatonFondo, Fot\u00f3: Vanik Zolt\u00e1n\" \/><\/a>\r\n<\/div><figcaption class=\"gallery-caption\" id=\"caption2839\"><span class=\"imagecaption\">2024. 09. 14. BalatonFondo, Fot\u00f3: Vanik Zolt\u00e1n<\/span><br \/>\n<\/figcaption><\/figure>\r\n\t\t<\/div>\n\n<\/div>\n<div dir=\"auto\">Szeptember 14 \u2013\u00e9n rendezt\u00e9k a Balatonfondo orsz\u00e1g\u00fati ker\u00e9kp\u00e1ros mez\u0151nyversenyt, amit Valter Attila \u00e9s Dina M\u00e1rton profi ker\u00e9kp\u00e1rosok jelenl\u00e9te \u00e9s r\u00e9szv\u00e9tele n\u00e9pszer\u0171s\u00edtett.<\/div>\n<\/div>\n<div class=\"x11i5rnm xat24cr x1mh8g0r x1vvkbs xtlvy1s x126k92a\">\n<div dir=\"auto\">A nevez\u0151k sz\u00e1m\u00e1t tekintve a 800 f\u0151s mez\u0151ny is rekordot jelentett az idei \u00e9vre. A program sor\u00e1n az id\u0151j\u00e1r\u00e1s nem kedvezett a 800 m\u00e9ter szintk\u00fcl\u00f6nbs\u00e9ggel kijel\u00f6lt k\u00f6rp\u00e1ly\u00e1n megrendezett futamnak, ahol a Balatonfelvid\u00e9k falvain kereszt\u00fcl, lez\u00e1rt utakon teljes\u00edthette a 62 km \u2013es t\u00e1vot a mez\u0151ny. A versenyz\u0151k er\u0151s sz\u00e9lben \u00e9s es\u0151ben alig 10 fokos h\u0151m\u00e9rs\u00e9klet mellett haladtak, a v\u00edzszintes szakaszokat csak elv\u00e9tve tartalmaz\u00f3 p\u00e1ly\u00e1n.<\/div>\n<\/div>\n<\/div>\n<\/div>\n<\/div>\n<\/div>\n<div dir=\"auto\"><\/div>\n<p><!--more--><\/p>\n<div class=\"html-div xdj266r x11i5rnm xat24cr x1mh8g0r xexx8yu x4uap5 x18d9i69 xkhd6sd\" dir=\"auto\">\n<div id=\":r6u:\" class=\"x1l90r2v x1pi30zi x1swvt13 x1iorvi4\" data-ad-comet-preview=\"message\" data-ad-preview=\"message\">\n<div class=\"x78zum5 xdt5ytf xz62fqu x16ldp7u\">\n<div class=\"xu06os2 x1ok221b\">\n<div class=\"x11i5rnm xat24cr x1mh8g0r x1vvkbs xtlvy1s x126k92a\">\n<div dir=\"auto\">Egyes\u00fclet\u00fcnket K\u00e1lin\u00e9 Sz\u00e9kely Vikt\u00f3ria \u00e9s K\u00e1li S\u00e1ndor k\u00e9pviselte a mez\u0151nyben, akik az egyes\u00fcleti \u00e9s egy\u00e9ni edz\u00e9sfelk\u00e9sz\u00fcl\u00e9st k\u00f6vet\u0151en nagy rem\u00e9nyekkel \u00e1lltak rajthoz.<\/div>\n<\/div>\n<div class=\"x11i5rnm xat24cr x1mh8g0r x1vvkbs xtlvy1s x126k92a\">\n<div dir=\"auto\">Vikt\u00f3ria a n\u0151i mez\u0151nyben kiemelked\u0151 eredm\u00e9nyeket \u00e9rt el az idei \u00e9vben. A Balatonfondo els\u0151 szakasz\u00e1n lek\u00fczdend\u0151 tihanyi \u00e9s balatonsz\u0151l\u0151si m\u00e1sz\u00e1sokat is a t\u0151le v\u00e1rhat\u00f3 wattokkal teljes\u00edtette a kisebb-nagyobb csoportokra szakadt mez\u0151nyben. J\u00f3 poz\u00edci\u00f3t biztos\u00edtott mag\u00e1nak a k\u00e9s\u0151bbi gurul\u00f3s, kanyarg\u00f3s r\u00e9szekre, ahol v\u00e9gig tartotta mag\u00e1t. Az extr\u00e9m id\u0151j\u00e1r\u00e1s \u00e9s a sok szint ellen\u00e9re is 32 km\/h \u00e1tlagsebess\u00e9ggel \u00e9rt c\u00e9lba, amely a teljes n\u0151i mez\u0151nyt tekintve a 4., a saj\u00e1t kateg\u00f3ri\u00e1t pedig az el\u0151kel\u0151 2. helyez\u00e9st jelentette sz\u00e1m\u00e1ra.<\/div>\n<\/div>\n<div class=\"x11i5rnm xat24cr x1mh8g0r x1vvkbs xtlvy1s x126k92a\">\n<div dir=\"auto\">S\u00e1ndor a mez\u0151ny els\u0151 csoportj\u00e1ban haladt a balatonsz\u0151l\u0151si emelked\u0151 fel\u00e9ig, ahol t\u00f6bb kisebb bolyra szakadt tov\u00e1bb a mez\u0151ny a m\u00e1sz\u00e1sn\u00e1l \u00e9s egy 2 f\u0151s sz\u00f6k\u00e9s is kialakult. Kis t\u00e1vols\u00e1gra tekertek az \u00e9len halad\u00f3kt\u00f3l, de az \u00fcld\u00f6z\u00e9s k\u00f6zben folyamatosan cs\u00f6kkent a 15 f\u0151s csoport a dombokon kereszt\u00fcl. A vesz\u00e9lyes kanyarokkal t\u0171zdelt, vizes \u00faton kev\u00e9ssel a c\u00e9l el\u0151tt a harmadik kisebb csoportba ker\u00fclt \u00e9s \u00edgy \u00e9rt c\u00e9lba 38 km\/h \u00e1tlagsebess\u00e9ggel. A teljes mez\u0151nyt n\u00e9zve a 11. helyez\u00e9st \u00e9rte el, kateg\u00f3ri\u00e1j\u00e1t pedig t\u00f6bb, mint 6 perces el\u0151nnyel az 1. helyen z\u00e1rta.<\/div>\n<\/div>\n<div class=\"x11i5rnm xat24cr x1mh8g0r x1vvkbs xtlvy1s x126k92a\">\n<div dir=\"auto\">Versenyz\u0151inknek gratul\u00e1lunk, tov\u00e1bbi sikeres felk\u00e9sz\u00fcl\u00e9st \u00e9s versenyz\u00e9st k\u00edv\u00e1nunk az id\u00e9ny h\u00e1tral\u00e9v\u0151 ker\u00e9kp\u00e1ros esem\u00e9nyeire!<\/div>\n<div dir=\"auto\">\n\n\t\t<div id='gallery-2' class='gallery galleryid-2838 gallery-columns-2 gallery-size-medium gal240917'><script type=\"text\/javascript\">\r\n\/\/ <![CDATA[\r\n\tjQuery(document).ready(function () {\r\n\t\tjQuery(\".gal240917 a\").attr(\"rel\",\"gal240917\");\t\r\n\t\tjQuery('a[rel=\"gal240917\"]').colorbox({maxWidth:\"95%\", maxHeight:\"95%\",title: function(){ return jQuery(this).children().attr(\"alt\"); }});\r\n\t});\r\n\/\/ ]]>\r\n<\/script>\n<figure class=\"gallery-item\">\n<div class=\"gallery-icon\">\r\n<a href=\"https:\/\/brigetiosport.hu\/wordpress\/wp-content\/uploads\/2024\/10\/20240914_balatonfondo_08.jpg\" title=\"\" rel=\"gal240917\"><img loading=\"lazy\" decoding=\"async\" src=\"https:\/\/brigetiosport.hu\/wordpress\/wp-content\/uploads\/2024\/10\/20240914_balatonfondo_08-300x235.jpg\" width=\"300\" height=\"235\" alt=\"\" \/><\/a>\r\n<\/div><\/figure><figure class=\"gallery-item\">\n<div class=\"gallery-icon\">\r\n<a href=\"https:\/\/brigetiosport.hu\/wordpress\/wp-content\/uploads\/2024\/10\/20240914_balatonfondo_07.jpg\" title=\"\" rel=\"gal240917\"><img loading=\"lazy\" decoding=\"async\" src=\"https:\/\/brigetiosport.hu\/wordpress\/wp-content\/uploads\/2024\/10\/20240914_balatonfondo_07-300x224.jpg\" width=\"300\" height=\"224\" alt=\"\" \/><\/a>\r\n<\/div><\/figure><figure class=\"gallery-item\">\n<div class=\"gallery-icon\">\r\n<a href=\"https:\/\/brigetiosport.hu\/wordpress\/wp-content\/uploads\/2024\/10\/20240914_balatonfondo_06.jpg\" title=\"\" rel=\"gal240917\"><img loading=\"lazy\" decoding=\"async\" src=\"https:\/\/brigetiosport.hu\/wordpress\/wp-content\/uploads\/2024\/10\/20240914_balatonfondo_06-300x224.jpg\" width=\"300\" height=\"224\" alt=\"\" \/><\/a>\r\n<\/div><\/figure><figure class=\"gallery-item\">\n<div class=\"gallery-icon\">\r\n<a href=\"https:\/\/brigetiosport.hu\/wordpress\/wp-content\/uploads\/2024\/10\/20240914_balatonfondo_05.jpg\" title=\"\" rel=\"gal240917\"><img loading=\"lazy\" decoding=\"async\" src=\"https:\/\/brigetiosport.hu\/wordpress\/wp-content\/uploads\/2024\/10\/20240914_balatonfondo_05-300x200.jpg\" width=\"300\" height=\"200\" alt=\"\" \/><\/a>\r\n<\/div><\/figure>\r\n\t\t<\/div>\n\n<\/div>\n<\/div>\n<\/div>\n<\/div>\n<\/div>\n<\/div>\n","protected":false},"excerpt":{"rendered":"<p>Szeptember 14 \u2013\u00e9n rendezt\u00e9k a Balatonfondo orsz\u00e1g\u00fati ker\u00e9kp\u00e1ros mez\u0151nyversenyt, amit Valter Attila \u00e9s Dina M\u00e1rton profi ker\u00e9kp\u00e1rosok jelenl\u00e9te \u00e9s r\u00e9szv\u00e9tele n\u00e9pszer\u0171s\u00edtett. A nevez\u0151k sz\u00e1m\u00e1t tekintve a 800 f\u0151s mez\u0151ny is rekordot jelentett az idei \u00e9vre. A program sor\u00e1n az id\u0151j\u00e1r\u00e1s nem kedvezett a 800 m\u00e9ter szintk\u00fcl\u00f6nbs\u00e9ggel kijel\u00f6lt k\u00f6rp\u00e1ly\u00e1n megrendezett futamnak, ahol a Balatonfelvid\u00e9k falvain kereszt\u00fcl, &hellip; <a href=\"https:\/\/brigetiosport.hu\/wordpress\/2024\/09\/17\/balatonfondo-orszaguti-mezonyverseny-beszamolo\/\" class=\"more-link\"><span class=\"screen-reader-text\">&#8222;Balatonfondo orsz\u00e1g\u00fati mez\u0151nyverseny besz\u00e1mol\u00f3&#8221;<\/span> b\u0151vebben<\/a><\/p>\n","protected":false},"author":3,"featured_media":0,"comment_status":"closed","ping_status":"closed","sticky":false,"template":"","format":"standard","meta":{"footnotes":""},"categories":[10,3],"tags":[],"_links":{"self":[{"href":"https:\/\/brigetiosport.hu\/wordpress\/wp-json\/wp\/v2\/posts\/2838"}],"collection":[{"href":"https:\/\/brigetiosport.hu\/wordpress\/wp-json\/wp\/v2\/posts"}],"about":[{"href":"https:\/\/brigetiosport.hu\/wordpress\/wp-json\/wp\/v2\/types\/post"}],"author":[{"embeddable":true,"href":"https:\/\/brigetiosport.hu\/wordpress\/wp-json\/wp\/v2\/users\/3"}],"replies":[{"embeddable":true,"href":"https:\/\/brigetiosport.hu\/wordpress\/wp-json\/wp\/v2\/comments?post=2838"}],"version-history":[{"count":1,"href":"https:\/\/brigetiosport.hu\/wordpress\/wp-json\/wp\/v2\/posts\/2838\/revisions"}],"predecessor-version":[{"id":2847,"href":"https:\/\/brigetiosport.hu\/wordpress\/wp-json\/wp\/v2\/posts\/2838\/revisions\/2847"}],"wp:attachment":[{"href":"https:\/\/brigetiosport.hu\/wordpress\/wp-json\/wp\/v2\/media?parent=2838"}],"wp:term":[{"taxonomy":"category","embeddable":true,"href":"https:\/\/brigetiosport.hu\/wordpress\/wp-json\/wp\/v2\/categories?post=2838"},{"taxonomy":"post_tag","embeddable":true,"href":"https:\/\/brigetiosport.hu\/wordpress\/wp-json\/wp\/v2\/tags?post=2838"}],"curies":[{"name":"wp","href":"https:\/\/api.w.org\/{rel}","templated":true}]}}