{"id":2829,"date":"2024-09-16T18:15:23","date_gmt":"2024-09-16T17:15:23","guid":{"rendered":"https:\/\/brigetiosport.hu\/wordpress\/?p=2829"},"modified":"2024-10-01T20:08:04","modified_gmt":"2024-10-01T19:08:04","slug":"piko-bike-maraton-beszamolo","status":"publish","type":"post","link":"https:\/\/brigetiosport.hu\/wordpress\/2024\/09\/16\/piko-bike-maraton-beszamolo\/","title":{"rendered":"Piko-Bike Maraton besz\u00e1mol\u00f3"},"content":{"rendered":"<div class=\"html-div xdj266r x11i5rnm xat24cr x1mh8g0r xexx8yu x4uap5 x18d9i69 xkhd6sd\" dir=\"auto\">\n<div id=\":r7u:\" class=\"x1l90r2v x1pi30zi x1swvt13 x1iorvi4\" data-ad-comet-preview=\"message\" data-ad-preview=\"message\">\n<div class=\"x78zum5 xdt5ytf xz62fqu x16ldp7u\">\n<div class=\"xu06os2 x1ok221b\">\n<div class=\"xdj266r x11i5rnm xat24cr x1mh8g0r x1vvkbs x126k92a\">\n<div dir=\"auto\">Szeptember 8-\u00e1n imm\u00e1ron 13. alkalommal szervezt\u00e9k \u00c9szak-Kom\u00e1romban a Piko-Bike Maratont, ami egyik kedvenc ker\u00e9kp\u00e1ros esem\u00e9nyeink k\u00f6z\u00e9 tartozik a rendezv\u00e9ny j\u00f3 hangulata miatt.<\/div>\n<\/div>\n<div class=\"x11i5rnm xat24cr x1mh8g0r x1vvkbs xtlvy1s x126k92a\">\n<div dir=\"auto\">Tagjaink a Road 47 km \u00e9s a Race 57 km t\u00e1vokon \u00e1lltak rajthoz \u00e9s a versenyen sz\u00e9p eredm\u00e9nyeket \u00e9rtek el.<\/div>\n<\/div>\n<div class=\"x11i5rnm xat24cr x1mh8g0r x1vvkbs xtlvy1s x126k92a\">\n<div dir=\"auto\">A road 47 km-es p\u00e1ly\u00e1n a 60 \u00e9v felettiek kateg\u00f3ri\u00e1j\u00e1ban tagjaink k\u00f6z\u00f6tt d\u0151lt el az els\u0151 helyez\u00e9s sorsa, amit Csintalan Mikl\u00f3s nyert meg Le\u00e1nyv\u00e1ri J\u00f3zsef el\u0151tt.<\/div>\n<\/div>\n<div class=\"x11i5rnm xat24cr x1mh8g0r x1vvkbs xtlvy1s x126k92a\">\n<div dir=\"auto\">A Race 57 km-es versenyben ifj. H\u00e9regi P\u00e9ter szerepelt a legeredm\u00e9nyesebben, aki 1 \u00f3ra 23 perc 45 mp alatt teljes\u00edtette a t\u00e1vot, ezzel megszerezve korcsoportj\u00e1ban a 3. helyez\u00e9st!<\/div>\n<\/div>\n<div class=\"x11i5rnm xat24cr x1mh8g0r x1vvkbs xtlvy1s x126k92a\">\n<div dir=\"auto\">A Race 57 km-es versenyen Z\u00e1dori S\u00e1ndor a 9. helyez\u00e9st, H\u00e9regi P\u00e9ter 13. helyez\u00e9st, Simon Andrew a 17. helyez\u00e9st, m\u00edg Graszl Jan a 19. helyez\u00e9st \u00e9rt\u00e9k el.<\/div>\n<div dir=\"auto\">\n\n\t\t<div id='gallery-1' class='gallery galleryid-2829 gallery-columns-2 gallery-size-medium gal240916'><script type=\"text\/javascript\">\r\n\/\/ <![CDATA[\r\n\tjQuery(document).ready(function () {\r\n\t\tjQuery(\".gal240916 a\").attr(\"rel\",\"gal240916\");\t\r\n\t\tjQuery('a[rel=\"gal240916\"]').colorbox({maxWidth:\"95%\", maxHeight:\"95%\",title: function(){ return jQuery(this).children().attr(\"alt\"); }});\r\n\t});\r\n\/\/ ]]>\r\n<\/script>\n<figure class=\"gallery-item\">\n<div class=\"gallery-icon\">\r\n<a href=\"https:\/\/brigetiosport.hu\/wordpress\/wp-content\/uploads\/2024\/10\/20240908_pikobikemaraton_06.jpg\" title=\"\" rel=\"gal240916\"><img loading=\"lazy\" decoding=\"async\" src=\"https:\/\/brigetiosport.hu\/wordpress\/wp-content\/uploads\/2024\/10\/20240908_pikobikemaraton_06-300x200.jpg\" width=\"300\" height=\"200\" alt=\"\" \/><\/a>\r\n<\/div><\/figure><figure class=\"gallery-item\">\n<div class=\"gallery-icon\">\r\n<a href=\"https:\/\/brigetiosport.hu\/wordpress\/wp-content\/uploads\/2024\/10\/20240908_pikobikemaraton_07.jpg\" title=\"\" rel=\"gal240916\"><img loading=\"lazy\" decoding=\"async\" src=\"https:\/\/brigetiosport.hu\/wordpress\/wp-content\/uploads\/2024\/10\/20240908_pikobikemaraton_07-300x200.jpg\" width=\"300\" height=\"200\" alt=\"\" \/><\/a>\r\n<\/div><\/figure><figure class=\"gallery-item\">\n<div class=\"gallery-icon\">\r\n<a href=\"https:\/\/brigetiosport.hu\/wordpress\/wp-content\/uploads\/2024\/10\/20240908_pikobikemaraton_01.jpg\" title=\"\" rel=\"gal240916\"><img loading=\"lazy\" decoding=\"async\" src=\"https:\/\/brigetiosport.hu\/wordpress\/wp-content\/uploads\/2024\/10\/20240908_pikobikemaraton_01-300x200.jpg\" width=\"300\" height=\"200\" alt=\"\" \/><\/a>\r\n<\/div><\/figure><figure class=\"gallery-item\">\n<div class=\"gallery-icon\">\r\n<a href=\"https:\/\/brigetiosport.hu\/wordpress\/wp-content\/uploads\/2024\/10\/20240908_pikobikemaraton_02.jpg\" title=\"\" rel=\"gal240916\"><img loading=\"lazy\" decoding=\"async\" src=\"https:\/\/brigetiosport.hu\/wordpress\/wp-content\/uploads\/2024\/10\/20240908_pikobikemaraton_02-300x200.jpg\" width=\"300\" height=\"200\" alt=\"\" \/><\/a>\r\n<\/div><\/figure><figure class=\"gallery-item\">\n<div class=\"gallery-icon\">\r\n<a href=\"https:\/\/brigetiosport.hu\/wordpress\/wp-content\/uploads\/2024\/10\/20240908_pikobikemaraton_03.jpg\" title=\"\" rel=\"gal240916\"><img loading=\"lazy\" decoding=\"async\" src=\"https:\/\/brigetiosport.hu\/wordpress\/wp-content\/uploads\/2024\/10\/20240908_pikobikemaraton_03-300x200.jpg\" width=\"300\" height=\"200\" alt=\"\" \/><\/a>\r\n<\/div><\/figure><figure class=\"gallery-item\">\n<div class=\"gallery-icon\">\r\n<a href=\"https:\/\/brigetiosport.hu\/wordpress\/wp-content\/uploads\/2024\/10\/20240908_pikobikemaraton_04.jpg\" title=\"\" rel=\"gal240916\"><img loading=\"lazy\" decoding=\"async\" src=\"https:\/\/brigetiosport.hu\/wordpress\/wp-content\/uploads\/2024\/10\/20240908_pikobikemaraton_04-300x200.jpg\" width=\"300\" height=\"200\" alt=\"\" \/><\/a>\r\n<\/div><\/figure><figure class=\"gallery-item\">\n<div class=\"gallery-icon\">\r\n<a href=\"https:\/\/brigetiosport.hu\/wordpress\/wp-content\/uploads\/2024\/10\/20240908_pikobikemaraton_05.jpg\" title=\"\" rel=\"gal240916\"><img loading=\"lazy\" decoding=\"async\" src=\"https:\/\/brigetiosport.hu\/wordpress\/wp-content\/uploads\/2024\/10\/20240908_pikobikemaraton_05-300x200.jpg\" width=\"300\" height=\"200\" alt=\"\" \/><\/a>\r\n<\/div><\/figure>\r\n\t\t<\/div>\n\n<\/div>\n<\/div>\n<\/div>\n<\/div>\n<\/div>\n<\/div>\n","protected":false},"excerpt":{"rendered":"<p>Szeptember 8-\u00e1n imm\u00e1ron 13. alkalommal szervezt\u00e9k \u00c9szak-Kom\u00e1romban a Piko-Bike Maratont, ami egyik kedvenc ker\u00e9kp\u00e1ros esem\u00e9nyeink k\u00f6z\u00e9 tartozik a rendezv\u00e9ny j\u00f3 hangulata miatt. Tagjaink a Road 47 km \u00e9s a Race 57 km t\u00e1vokon \u00e1lltak rajthoz \u00e9s a versenyen sz\u00e9p eredm\u00e9nyeket \u00e9rtek el. A road 47 km-es p\u00e1ly\u00e1n a 60 \u00e9v felettiek kateg\u00f3ri\u00e1j\u00e1ban tagjaink k\u00f6z\u00f6tt d\u0151lt &hellip; <a href=\"https:\/\/brigetiosport.hu\/wordpress\/2024\/09\/16\/piko-bike-maraton-beszamolo\/\" class=\"more-link\"><span class=\"screen-reader-text\">&#8222;Piko-Bike Maraton besz\u00e1mol\u00f3&#8221;<\/span> b\u0151vebben<\/a><\/p>\n","protected":false},"author":3,"featured_media":0,"comment_status":"closed","ping_status":"closed","sticky":false,"template":"","format":"standard","meta":{"footnotes":""},"categories":[10,6],"tags":[],"_links":{"self":[{"href":"https:\/\/brigetiosport.hu\/wordpress\/wp-json\/wp\/v2\/posts\/2829"}],"collection":[{"href":"https:\/\/brigetiosport.hu\/wordpress\/wp-json\/wp\/v2\/posts"}],"about":[{"href":"https:\/\/brigetiosport.hu\/wordpress\/wp-json\/wp\/v2\/types\/post"}],"author":[{"embeddable":true,"href":"https:\/\/brigetiosport.hu\/wordpress\/wp-json\/wp\/v2\/users\/3"}],"replies":[{"embeddable":true,"href":"https:\/\/brigetiosport.hu\/wordpress\/wp-json\/wp\/v2\/comments?post=2829"}],"version-history":[{"count":1,"href":"https:\/\/brigetiosport.hu\/wordpress\/wp-json\/wp\/v2\/posts\/2829\/revisions"}],"predecessor-version":[{"id":2837,"href":"https:\/\/brigetiosport.hu\/wordpress\/wp-json\/wp\/v2\/posts\/2829\/revisions\/2837"}],"wp:attachment":[{"href":"https:\/\/brigetiosport.hu\/wordpress\/wp-json\/wp\/v2\/media?parent=2829"}],"wp:term":[{"taxonomy":"category","embeddable":true,"href":"https:\/\/brigetiosport.hu\/wordpress\/wp-json\/wp\/v2\/categories?post=2829"},{"taxonomy":"post_tag","embeddable":true,"href":"https:\/\/brigetiosport.hu\/wordpress\/wp-json\/wp\/v2\/tags?post=2829"}],"curies":[{"name":"wp","href":"https:\/\/api.w.org\/{rel}","templated":true}]}}