{"id":2710,"date":"2024-06-19T21:05:23","date_gmt":"2024-06-19T20:05:23","guid":{"rendered":"http:\/\/brigetiosport.hu\/wordpress\/?p=2710"},"modified":"2024-07-24T16:53:36","modified_gmt":"2024-07-24T15:53:36","slug":"uci-gran-fondo-szerbia-beszamolo","status":"publish","type":"post","link":"https:\/\/brigetiosport.hu\/wordpress\/2024\/06\/19\/uci-gran-fondo-szerbia-beszamolo\/","title":{"rendered":"UCI Gran Fondo Szerbia besz\u00e1mol\u00f3"},"content":{"rendered":"<div class=\"html-div xe8uvvx xdj266r x11i5rnm xat24cr x1mh8g0r xexx8yu x4uap5 x18d9i69 xkhd6sd\" dir=\"auto\">\n<div id=\":r1jn:\" class=\"x1iorvi4 x1pi30zi x1l90r2v x1swvt13\" data-ad-comet-preview=\"message\" data-ad-preview=\"message\">\n<div class=\"x78zum5 xdt5ytf xz62fqu x16ldp7u\">\n<div class=\"xu06os2 x1ok221b\">\n<div class=\"xdj266r x11i5rnm xat24cr x1mh8g0r x1vvkbs x126k92a\">\n<div dir=\"auto\">Nem pihentek a sr\u00e1cok az alf\u00f6ldi 300 km-es teljes\u00edtm\u00e9nyt\u00fara ut\u00e1n, m\u00e1snap Szerbi\u00e1ban, UCI Gran Fondo versenyen \u00e1lltak rajthoz Novi Sad v\u00e1ros\u00e1ban. A 100 km-es t\u00e1v 1460m szintet tartalmazott, \u00edgy az elm\u00falt napi s\u00edk t\u00fara ut\u00e1n szint is ker\u00fclt a l\u00e1bakba.<\/div>\n<div dir=\"auto\">M\u00e1ty\u00e1s Istv\u00e1n korcsoportj\u00e1ban a 43., m\u00edg V\u00f6r\u00f6s Gerg\u0151 a 33. helyen \u00e9rtek c\u00e9ba.<\/div>\n<div dir=\"auto\">\n\n\t\t<div id='gallery-1' class='gallery galleryid-2710 gallery-columns-1 gallery-size-large gal240619'><script type=\"text\/javascript\">\r\n\/\/ <![CDATA[\r\n\tjQuery(document).ready(function () {\r\n\t\tjQuery(\".gal240619 a\").attr(\"rel\",\"gal240619\");\t\r\n\t\tjQuery('a[rel=\"gal240619\"]').colorbox({maxWidth:\"95%\", maxHeight:\"95%\",title: function(){ return jQuery(this).children().attr(\"alt\"); }});\r\n\t});\r\n\/\/ ]]>\r\n<\/script>\n<figure class=\"gallery-item\">\n<div class=\"gallery-icon\">\r\n<a href=\"https:\/\/brigetiosport.hu\/wordpress\/wp-content\/uploads\/2024\/07\/20240616_ucigrandfondo_serbia_01.jpg\" title=\"\" rel=\"gal240619\"><img loading=\"lazy\" decoding=\"async\" src=\"https:\/\/brigetiosport.hu\/wordpress\/wp-content\/uploads\/2024\/07\/20240616_ucigrandfondo_serbia_01-1024x1024.jpg\" width=\"840\" height=\"840\" alt=\"\" \/><\/a>\r\n<\/div><\/figure><figure class=\"gallery-item\">\n<div class=\"gallery-icon\">\r\n<a href=\"https:\/\/brigetiosport.hu\/wordpress\/wp-content\/uploads\/2024\/07\/20240616_ucigrandfondo_serbia_02.jpg\" title=\"\" rel=\"gal240619\"><img loading=\"lazy\" decoding=\"async\" src=\"https:\/\/brigetiosport.hu\/wordpress\/wp-content\/uploads\/2024\/07\/20240616_ucigrandfondo_serbia_02-1024x1024.jpg\" width=\"840\" height=\"840\" alt=\"\" \/><\/a>\r\n<\/div><\/figure><figure class=\"gallery-item\">\n<div class=\"gallery-icon\">\r\n<a href=\"https:\/\/brigetiosport.hu\/wordpress\/wp-content\/uploads\/2024\/07\/20240616_ucigrandfondo_serbia_03.jpg\" title=\"\" rel=\"gal240619\"><img loading=\"lazy\" decoding=\"async\" src=\"https:\/\/brigetiosport.hu\/wordpress\/wp-content\/uploads\/2024\/07\/20240616_ucigrandfondo_serbia_03-1024x1024.jpg\" width=\"840\" height=\"840\" alt=\"\" \/><\/a>\r\n<\/div><\/figure>\r\n\t\t<\/div>\n\n<\/div>\n<\/div>\n<\/div>\n<\/div>\n<\/div>\n<\/div>\n","protected":false},"excerpt":{"rendered":"<p>Nem pihentek a sr\u00e1cok az alf\u00f6ldi 300 km-es teljes\u00edtm\u00e9nyt\u00fara ut\u00e1n, m\u00e1snap Szerbi\u00e1ban, UCI Gran Fondo versenyen \u00e1lltak rajthoz Novi Sad v\u00e1ros\u00e1ban. A 100 km-es t\u00e1v 1460m szintet tartalmazott, \u00edgy az elm\u00falt napi s\u00edk t\u00fara ut\u00e1n szint is ker\u00fclt a l\u00e1bakba. M\u00e1ty\u00e1s Istv\u00e1n korcsoportj\u00e1ban a 43., m\u00edg V\u00f6r\u00f6s Gerg\u0151 a 33. helyen \u00e9rtek c\u00e9ba.<\/p>\n","protected":false},"author":3,"featured_media":0,"comment_status":"closed","ping_status":"closed","sticky":false,"template":"","format":"standard","meta":{"footnotes":""},"categories":[10,3],"tags":[],"_links":{"self":[{"href":"https:\/\/brigetiosport.hu\/wordpress\/wp-json\/wp\/v2\/posts\/2710"}],"collection":[{"href":"https:\/\/brigetiosport.hu\/wordpress\/wp-json\/wp\/v2\/posts"}],"about":[{"href":"https:\/\/brigetiosport.hu\/wordpress\/wp-json\/wp\/v2\/types\/post"}],"author":[{"embeddable":true,"href":"https:\/\/brigetiosport.hu\/wordpress\/wp-json\/wp\/v2\/users\/3"}],"replies":[{"embeddable":true,"href":"https:\/\/brigetiosport.hu\/wordpress\/wp-json\/wp\/v2\/comments?post=2710"}],"version-history":[{"count":1,"href":"https:\/\/brigetiosport.hu\/wordpress\/wp-json\/wp\/v2\/posts\/2710\/revisions"}],"predecessor-version":[{"id":2714,"href":"https:\/\/brigetiosport.hu\/wordpress\/wp-json\/wp\/v2\/posts\/2710\/revisions\/2714"}],"wp:attachment":[{"href":"https:\/\/brigetiosport.hu\/wordpress\/wp-json\/wp\/v2\/media?parent=2710"}],"wp:term":[{"taxonomy":"category","embeddable":true,"href":"https:\/\/brigetiosport.hu\/wordpress\/wp-json\/wp\/v2\/categories?post=2710"},{"taxonomy":"post_tag","embeddable":true,"href":"https:\/\/brigetiosport.hu\/wordpress\/wp-json\/wp\/v2\/tags?post=2710"}],"curies":[{"name":"wp","href":"https:\/\/api.w.org\/{rel}","templated":true}]}}