{"id":2672,"date":"2024-06-05T20:59:40","date_gmt":"2024-06-05T19:59:40","guid":{"rendered":"http:\/\/brigetiosport.hu\/wordpress\/?p=2672"},"modified":"2024-08-11T14:42:52","modified_gmt":"2024-08-11T13:42:52","slug":"x-brigetio-orszaguti-mezonyverseny","status":"publish","type":"post","link":"https:\/\/brigetiosport.hu\/wordpress\/2024\/06\/05\/x-brigetio-orszaguti-mezonyverseny\/","title":{"rendered":"X. Brigetio Orsz\u00e1g\u00fati Mez\u0151nyverseny: versenyki\u00edr\u00e1s"},"content":{"rendered":"\n\t\t<div id='gallery-1' class='gallery galleryid-2672 gallery-columns-1 gallery-size-large gal240605'><script type=\"text\/javascript\">\r\n\/\/ <![CDATA[\r\n\tjQuery(document).ready(function () {\r\n\t\tjQuery(\".gal240605 a\").attr(\"rel\",\"gal240605\");\t\r\n\t\tjQuery('a[rel=\"gal240605\"]').colorbox({maxWidth:\"95%\", maxHeight:\"95%\",title: function(){ return jQuery(this).children().attr(\"alt\"); }});\r\n\t});\r\n\/\/ ]]>\r\n<\/script>\n<figure class=\"gallery-item\">\n<div class=\"gallery-icon\">\r\n<a href=\"https:\/\/brigetiosport.hu\/wordpress\/wp-content\/uploads\/2024\/07\/2024_brigetio_omv_cover.jpg\" title=\"\" rel=\"gal240605\"><img loading=\"lazy\" decoding=\"async\" src=\"https:\/\/brigetiosport.hu\/wordpress\/wp-content\/uploads\/2024\/07\/2024_brigetio_omv_cover-728x1024.jpg\" width=\"728\" height=\"1024\" alt=\"\" \/><\/a>\r\n<\/div><\/figure>\r\n\t\t<\/div>\n\n<p>\u00d6r\u00f6mmel \u00e9rtes\u00edt\u00fcnk Benneteket, hogy augusztusi\u00a0 mez\u0151nyverseny\u00fcnk versenyki\u00edr\u00e1sa el\u00e9rhet\u0151v\u00e9 v\u00e1lt oldalunkon. Ismerkedjetek a versenyki\u00edr\u00e1ssal, az el\u0151nevez\u00e9shez a nevez\u0151 fel\u00fclet hamarosan megnyit\u00e1sra ker\u00fcl.<\/p>\n<p><strong>Versenyki\u00edr\u00e1s:<\/strong> <a href=\"https:\/\/brigetiosport.hu\/wordpress\/x-brigetio-orszaguti-mezonyverseny\/\">LINK<\/a><\/p>\n<p><strong>El\u0151nevez\u00e9s:<\/strong> <a href=\"https:\/\/sportorigo.com\/HU\/4\/Nevezes\/354\/X-Brigetio-Orszaguti-Mezonyverseny-Amator-Kupa\" target=\"_blank\" rel=\"noopener\">LINK<\/a><\/p>\n","protected":false},"excerpt":{"rendered":"<p>\u00d6r\u00f6mmel \u00e9rtes\u00edt\u00fcnk Benneteket, hogy augusztusi\u00a0 mez\u0151nyverseny\u00fcnk versenyki\u00edr\u00e1sa el\u00e9rhet\u0151v\u00e9 v\u00e1lt oldalunkon. Ismerkedjetek a versenyki\u00edr\u00e1ssal, az el\u0151nevez\u00e9shez a nevez\u0151 fel\u00fclet hamarosan megnyit\u00e1sra ker\u00fcl. Versenyki\u00edr\u00e1s: LINK El\u0151nevez\u00e9s: LINK<\/p>\n","protected":false},"author":3,"featured_media":0,"comment_status":"closed","ping_status":"closed","sticky":false,"template":"","format":"standard","meta":{"footnotes":""},"categories":[3,4],"tags":[],"_links":{"self":[{"href":"https:\/\/brigetiosport.hu\/wordpress\/wp-json\/wp\/v2\/posts\/2672"}],"collection":[{"href":"https:\/\/brigetiosport.hu\/wordpress\/wp-json\/wp\/v2\/posts"}],"about":[{"href":"https:\/\/brigetiosport.hu\/wordpress\/wp-json\/wp\/v2\/types\/post"}],"author":[{"embeddable":true,"href":"https:\/\/brigetiosport.hu\/wordpress\/wp-json\/wp\/v2\/users\/3"}],"replies":[{"embeddable":true,"href":"https:\/\/brigetiosport.hu\/wordpress\/wp-json\/wp\/v2\/comments?post=2672"}],"version-history":[{"count":4,"href":"https:\/\/brigetiosport.hu\/wordpress\/wp-json\/wp\/v2\/posts\/2672\/revisions"}],"predecessor-version":[{"id":2685,"href":"https:\/\/brigetiosport.hu\/wordpress\/wp-json\/wp\/v2\/posts\/2672\/revisions\/2685"}],"wp:attachment":[{"href":"https:\/\/brigetiosport.hu\/wordpress\/wp-json\/wp\/v2\/media?parent=2672"}],"wp:term":[{"taxonomy":"category","embeddable":true,"href":"https:\/\/brigetiosport.hu\/wordpress\/wp-json\/wp\/v2\/categories?post=2672"},{"taxonomy":"post_tag","embeddable":true,"href":"https:\/\/brigetiosport.hu\/wordpress\/wp-json\/wp\/v2\/tags?post=2672"}],"curies":[{"name":"wp","href":"https:\/\/api.w.org\/{rel}","templated":true}]}}