{"id":2604,"date":"2024-04-10T15:00:36","date_gmt":"2024-04-10T14:00:36","guid":{"rendered":"http:\/\/brigetiosport.hu\/wordpress\/?p=2604"},"modified":"2024-04-27T14:13:41","modified_gmt":"2024-04-27T13:13:41","slug":"akesz-bajnoksag-3-fordulo-kerekvar-bekas-idofutam-beszamolo","status":"publish","type":"post","link":"https:\/\/brigetiosport.hu\/wordpress\/2024\/04\/10\/akesz-bajnoksag-3-fordulo-kerekvar-bekas-idofutam-beszamolo\/","title":{"rendered":"AKESZ bajnoks\u00e1g: 3. fordul\u00f3 &#8211; Ker\u00e9kv\u00e1r-B\u00e9k\u00e1s Id\u0151futam besz\u00e1mol\u00f3"},"content":{"rendered":"\n\t\t<div id='gallery-1' class='gallery galleryid-2604 gallery-columns-1 gallery-size-large gal240410'><script type=\"text\/javascript\">\r\n\/\/ <![CDATA[\r\n\tjQuery(document).ready(function () {\r\n\t\tjQuery(\".gal240410 a\").attr(\"rel\",\"gal240410\");\t\r\n\t\tjQuery('a[rel=\"gal240410\"]').colorbox({maxWidth:\"95%\", maxHeight:\"95%\",title: function(){ return jQuery(this).children().attr(\"alt\"); }});\r\n\t});\r\n\/\/ ]]>\r\n<\/script>\n<figure class=\"gallery-item\">\n<div class=\"gallery-icon\">\r\n<a href=\"https:\/\/brigetiosport.hu\/wordpress\/wp-content\/uploads\/2024\/04\/20240407_bekasidofutam_01.jpg\" title=\"\" rel=\"gal240410\"><img loading=\"lazy\" decoding=\"async\" src=\"https:\/\/brigetiosport.hu\/wordpress\/wp-content\/uploads\/2024\/04\/20240407_bekasidofutam_01-1024x683.jpg\" width=\"840\" height=\"560\" alt=\"\" \/><\/a>\r\n<\/div><\/figure>\r\n\t\t<\/div>\n\n<p>2024.04.07-\u00e9n rendezt\u00e9k meg az idei B\u00e9k\u00e1s Id\u0151futamot Tahit\u00f3tfalun. A versenyz\u0151knek egy 18 km hossz\u00fa s\u00edk p\u00e1ly\u00e1n versenyeztek egym\u00e1ssal. Csapatunkat 5 f\u0151 k\u00e9pviselte, \u00e9s Senior3 kateg\u00f3ri\u00e1ban igencsak sikeresen z\u00e1rtuk a napot!<br \/>\nK\u00f6sz\u00f6nj\u00fck a k\u00e9peket Kusty\u00e1n Gerg\u0151nek &#8211; @kustyangergo<\/p>\n<p>Eredm\u00e9nyek:<\/p>\n<p>WElit:<br \/>\n&#8211; Aszal\u00f3s Anna 5. hely (00:30:56 &#8211; 34,9 km\/h)<\/p>\n<p>Elit:<br \/>\n&#8211; V\u00f6r\u00f6s Gerg\u0151 4. hely (00:24:12 &#8211; 44,6 km\/h)<\/p>\n<p>Master:<br \/>\n&#8211; Z\u00e1dori S\u00e1ndor 16. hely (00:25:17 &#8211; 42,7 km\/h)<\/p>\n<p>Senior3:<br \/>\n&#8211; Csintalan Mikl\u00f3s 2. hely \ud83e\udd48 (00:30:44 &#8211; 35,1 km\/h)<br \/>\n&#8211; Le\u00e1nyv\u00e1ri J\u00f3zsef 3. hely \ud83e\udd49 (00:31:29 &#8211; 34,3 km\/h)<\/p>\n\n\t\t<div id='gallery-2' class='gallery galleryid-2604 gallery-columns-1 gallery-size-large gal240410'><script type=\"text\/javascript\">\r\n\/\/ <![CDATA[\r\n\tjQuery(document).ready(function () {\r\n\t\tjQuery(\".gal240410 a\").attr(\"rel\",\"gal240410\");\t\r\n\t\tjQuery('a[rel=\"gal240410\"]').colorbox({maxWidth:\"95%\", maxHeight:\"95%\",title: function(){ return jQuery(this).children().attr(\"alt\"); }});\r\n\t});\r\n\/\/ ]]>\r\n<\/script>\n<figure class=\"gallery-item\">\n<div class=\"gallery-icon\">\r\n<a href=\"https:\/\/brigetiosport.hu\/wordpress\/wp-content\/uploads\/2024\/04\/20240407_bekasidofutam_02.jpg\" title=\"\" rel=\"gal240410\"><img loading=\"lazy\" decoding=\"async\" src=\"https:\/\/brigetiosport.hu\/wordpress\/wp-content\/uploads\/2024\/04\/20240407_bekasidofutam_02-1024x683.jpg\" width=\"840\" height=\"560\" alt=\"\" \/><\/a>\r\n<\/div><\/figure>\r\n\t\t<\/div>\n\n\n\t\t<div id='gallery-3' class='gallery galleryid-2604 gallery-columns-2 gallery-size-large gal240410'><script type=\"text\/javascript\">\r\n\/\/ <![CDATA[\r\n\tjQuery(document).ready(function () {\r\n\t\tjQuery(\".gal240410 a\").attr(\"rel\",\"gal240410\");\t\r\n\t\tjQuery('a[rel=\"gal240410\"]').colorbox({maxWidth:\"95%\", maxHeight:\"95%\",title: function(){ return jQuery(this).children().attr(\"alt\"); }});\r\n\t});\r\n\/\/ ]]>\r\n<\/script>\n<figure class=\"gallery-item\">\n<div class=\"gallery-icon\">\r\n<a href=\"https:\/\/brigetiosport.hu\/wordpress\/wp-content\/uploads\/2024\/04\/20240407_bekasidofutam_06.jpg\" title=\"\" rel=\"gal240410\"><img loading=\"lazy\" decoding=\"async\" src=\"https:\/\/brigetiosport.hu\/wordpress\/wp-content\/uploads\/2024\/04\/20240407_bekasidofutam_06-1024x683.jpg\" width=\"840\" height=\"560\" alt=\"\" \/><\/a>\r\n<\/div><\/figure><figure class=\"gallery-item\">\n<div class=\"gallery-icon\">\r\n<a href=\"https:\/\/brigetiosport.hu\/wordpress\/wp-content\/uploads\/2024\/04\/20240407_bekasidofutam_05.jpg\" title=\"\" rel=\"gal240410\"><img loading=\"lazy\" decoding=\"async\" src=\"https:\/\/brigetiosport.hu\/wordpress\/wp-content\/uploads\/2024\/04\/20240407_bekasidofutam_05-1024x683.jpg\" width=\"840\" height=\"560\" alt=\"\" \/><\/a>\r\n<\/div><\/figure><figure class=\"gallery-item\">\n<div class=\"gallery-icon\">\r\n<a href=\"https:\/\/brigetiosport.hu\/wordpress\/wp-content\/uploads\/2024\/04\/20240407_bekasidofutam_04.jpg\" title=\"\" rel=\"gal240410\"><img loading=\"lazy\" decoding=\"async\" src=\"https:\/\/brigetiosport.hu\/wordpress\/wp-content\/uploads\/2024\/04\/20240407_bekasidofutam_04-1024x683.jpg\" width=\"840\" height=\"560\" alt=\"\" \/><\/a>\r\n<\/div><\/figure><figure class=\"gallery-item\">\n<div class=\"gallery-icon\">\r\n<a href=\"https:\/\/brigetiosport.hu\/wordpress\/wp-content\/uploads\/2024\/04\/20240407_bekasidofutam_03.jpg\" title=\"\" rel=\"gal240410\"><img loading=\"lazy\" decoding=\"async\" src=\"https:\/\/brigetiosport.hu\/wordpress\/wp-content\/uploads\/2024\/04\/20240407_bekasidofutam_03-1024x683.jpg\" width=\"840\" height=\"560\" alt=\"\" \/><\/a>\r\n<\/div><\/figure>\r\n\t\t<\/div>\n\n","protected":false},"excerpt":{"rendered":"<p>2024.04.07-\u00e9n rendezt\u00e9k meg az idei B\u00e9k\u00e1s Id\u0151futamot Tahit\u00f3tfalun. A versenyz\u0151knek egy 18 km hossz\u00fa s\u00edk p\u00e1ly\u00e1n versenyeztek egym\u00e1ssal. Csapatunkat 5 f\u0151 k\u00e9pviselte, \u00e9s Senior3 kateg\u00f3ri\u00e1ban igencsak sikeresen z\u00e1rtuk a napot! K\u00f6sz\u00f6nj\u00fck a k\u00e9peket Kusty\u00e1n Gerg\u0151nek &#8211; @kustyangergo Eredm\u00e9nyek: WElit: &#8211; Aszal\u00f3s Anna 5. hely (00:30:56 &#8211; 34,9 km\/h) Elit: &#8211; V\u00f6r\u00f6s Gerg\u0151 4. hely (00:24:12 &hellip; <a href=\"https:\/\/brigetiosport.hu\/wordpress\/2024\/04\/10\/akesz-bajnoksag-3-fordulo-kerekvar-bekas-idofutam-beszamolo\/\" class=\"more-link\"><span class=\"screen-reader-text\">&#8222;AKESZ bajnoks\u00e1g: 3. fordul\u00f3 &#8211; Ker\u00e9kv\u00e1r-B\u00e9k\u00e1s Id\u0151futam besz\u00e1mol\u00f3&#8221;<\/span> b\u0151vebben<\/a><\/p>\n","protected":false},"author":3,"featured_media":0,"comment_status":"closed","ping_status":"closed","sticky":false,"template":"","format":"standard","meta":{"footnotes":""},"categories":[10,6],"tags":[],"_links":{"self":[{"href":"https:\/\/brigetiosport.hu\/wordpress\/wp-json\/wp\/v2\/posts\/2604"}],"collection":[{"href":"https:\/\/brigetiosport.hu\/wordpress\/wp-json\/wp\/v2\/posts"}],"about":[{"href":"https:\/\/brigetiosport.hu\/wordpress\/wp-json\/wp\/v2\/types\/post"}],"author":[{"embeddable":true,"href":"https:\/\/brigetiosport.hu\/wordpress\/wp-json\/wp\/v2\/users\/3"}],"replies":[{"embeddable":true,"href":"https:\/\/brigetiosport.hu\/wordpress\/wp-json\/wp\/v2\/comments?post=2604"}],"version-history":[{"count":3,"href":"https:\/\/brigetiosport.hu\/wordpress\/wp-json\/wp\/v2\/posts\/2604\/revisions"}],"predecessor-version":[{"id":2629,"href":"https:\/\/brigetiosport.hu\/wordpress\/wp-json\/wp\/v2\/posts\/2604\/revisions\/2629"}],"wp:attachment":[{"href":"https:\/\/brigetiosport.hu\/wordpress\/wp-json\/wp\/v2\/media?parent=2604"}],"wp:term":[{"taxonomy":"category","embeddable":true,"href":"https:\/\/brigetiosport.hu\/wordpress\/wp-json\/wp\/v2\/categories?post=2604"},{"taxonomy":"post_tag","embeddable":true,"href":"https:\/\/brigetiosport.hu\/wordpress\/wp-json\/wp\/v2\/tags?post=2604"}],"curies":[{"name":"wp","href":"https:\/\/api.w.org\/{rel}","templated":true}]}}