{"id":2259,"date":"2023-06-11T22:15:14","date_gmt":"2023-06-11T21:15:14","guid":{"rendered":"http:\/\/brigetiosport.hu\/wordpress\/?p=2259"},"modified":"2023-08-10T04:01:09","modified_gmt":"2023-08-10T03:01:09","slug":"ix-brigetio-orszaguti-mezonyverseny-versenykiiras","status":"publish","type":"post","link":"https:\/\/brigetiosport.hu\/wordpress\/2023\/06\/11\/ix-brigetio-orszaguti-mezonyverseny-versenykiiras\/","title":{"rendered":"IX. Brigetio Orsz\u00e1g\u00fati Mez\u0151nyverseny: versenyki\u00edr\u00e1s"},"content":{"rendered":"\n\t\t<div id='gallery-1' class='gallery galleryid-2259 gallery-columns-1 gallery-size-medium gal230611'><script type=\"text\/javascript\">\r\n\/\/ <![CDATA[\r\n\tjQuery(document).ready(function () {\r\n\t\tjQuery(\".gal230611 a\").attr(\"rel\",\"gal230611\");\t\r\n\t\tjQuery('a[rel=\"gal230611\"]').colorbox({maxWidth:\"95%\", maxHeight:\"95%\",title: function(){ return jQuery(this).children().attr(\"alt\"); }});\r\n\t});\r\n\/\/ ]]>\r\n<\/script>\n<figure class=\"gallery-item\">\n<div class=\"gallery-icon\">\r\n<a href=\"https:\/\/brigetiosport.hu\/wordpress\/wp-content\/uploads\/2023\/06\/brigetio_omv_2023_plakat.png\" title=\"\" rel=\"gal230611\"><img loading=\"lazy\" decoding=\"async\" src=\"https:\/\/brigetiosport.hu\/wordpress\/wp-content\/uploads\/2023\/06\/brigetio_omv_2023_plakat-300x132.png\" width=\"300\" height=\"132\" alt=\"\" \/><\/a>\r\n<\/div><\/figure>\r\n\t\t<\/div>\n\n<p>\u00d6r\u00f6mmel \u00e9rtes\u00edt\u00fcnk Benneteket, hogy imm\u00e1r publik\u00e1l\u00e1sra ker\u00fclt orsz\u00e1g\u00fati mez\u0151nyverseny\u00fcnk ki\u00edr\u00e1sa, amelyben a legszembet\u0171n\u0151bb v\u00e1ltoz\u00e1s, hogy a verseny \u00faj helysz\u00ednre k\u00f6lt\u00f6zik.<\/p>\n<p>Versenyki\u00edr\u00e1s: <a href=\"https:\/\/brigetiosport.hu\/wordpress\/ix-brigetio-orszaguti-mezonyverseny\/\">LINK<\/a><\/p>\n<p>El\u0151nevez\u00e9s: <a href=\"https:\/\/sportorigo.com\/HU\/4\/Nevezes\/306\/IX-Brigetio-Orszaguti-Mezonyverseny-Amator-Kupa\" target=\"_blank\" rel=\"noopener noreferrer\">LINK<\/a><\/p>\n","protected":false},"excerpt":{"rendered":"<p>\u00d6r\u00f6mmel \u00e9rtes\u00edt\u00fcnk Benneteket, hogy imm\u00e1r publik\u00e1l\u00e1sra ker\u00fclt orsz\u00e1g\u00fati mez\u0151nyverseny\u00fcnk ki\u00edr\u00e1sa, amelyben a legszembet\u0171n\u0151bb v\u00e1ltoz\u00e1s, hogy a verseny \u00faj helysz\u00ednre k\u00f6lt\u00f6zik. Versenyki\u00edr\u00e1s: LINK El\u0151nevez\u00e9s: LINK<\/p>\n","protected":false},"author":1,"featured_media":0,"comment_status":"closed","ping_status":"closed","sticky":false,"template":"","format":"standard","meta":{"footnotes":""},"categories":[3,4],"tags":[],"_links":{"self":[{"href":"https:\/\/brigetiosport.hu\/wordpress\/wp-json\/wp\/v2\/posts\/2259"}],"collection":[{"href":"https:\/\/brigetiosport.hu\/wordpress\/wp-json\/wp\/v2\/posts"}],"about":[{"href":"https:\/\/brigetiosport.hu\/wordpress\/wp-json\/wp\/v2\/types\/post"}],"author":[{"embeddable":true,"href":"https:\/\/brigetiosport.hu\/wordpress\/wp-json\/wp\/v2\/users\/1"}],"replies":[{"embeddable":true,"href":"https:\/\/brigetiosport.hu\/wordpress\/wp-json\/wp\/v2\/comments?post=2259"}],"version-history":[{"count":4,"href":"https:\/\/brigetiosport.hu\/wordpress\/wp-json\/wp\/v2\/posts\/2259\/revisions"}],"predecessor-version":[{"id":2266,"href":"https:\/\/brigetiosport.hu\/wordpress\/wp-json\/wp\/v2\/posts\/2259\/revisions\/2266"}],"wp:attachment":[{"href":"https:\/\/brigetiosport.hu\/wordpress\/wp-json\/wp\/v2\/media?parent=2259"}],"wp:term":[{"taxonomy":"category","embeddable":true,"href":"https:\/\/brigetiosport.hu\/wordpress\/wp-json\/wp\/v2\/categories?post=2259"},{"taxonomy":"post_tag","embeddable":true,"href":"https:\/\/brigetiosport.hu\/wordpress\/wp-json\/wp\/v2\/tags?post=2259"}],"curies":[{"name":"wp","href":"https:\/\/api.w.org\/{rel}","templated":true}]}}