{"id":2141,"date":"2023-04-14T09:33:27","date_gmt":"2023-04-14T08:33:27","guid":{"rendered":"http:\/\/brigetiosport.hu\/wordpress\/?p=2141"},"modified":"2023-05-01T19:14:57","modified_gmt":"2023-05-01T18:14:57","slug":"rendezveny-kerekparturaval-es-gyermek-ugyessegi-palyaval-keszulunk-a-komaromi-napok-kereten-belul","status":"publish","type":"post","link":"https:\/\/brigetiosport.hu\/wordpress\/2023\/04\/14\/rendezveny-kerekparturaval-es-gyermek-ugyessegi-palyaval-keszulunk-a-komaromi-napok-kereten-belul\/","title":{"rendered":"Rendezv\u00e9ny: Ker\u00e9kp\u00e1rt\u00far\u00e1val \u00e9s gyermek \u00fcgyess\u00e9gi p\u00e1ly\u00e1val k\u00e9sz\u00fcl\u00fcnk a Kom\u00e1romi-napok keret\u00e9n bel\u00fcl"},"content":{"rendered":"\n\t\t<div id='gallery-1' class='gallery galleryid-2141 gallery-columns-1 gallery-size-large gal230414'><script type=\"text\/javascript\">\r\n\/\/ <![CDATA[\r\n\tjQuery(document).ready(function () {\r\n\t\tjQuery(\".gal230414 a\").attr(\"rel\",\"gal230414\");\t\r\n\t\tjQuery('a[rel=\"gal230414\"]').colorbox({maxWidth:\"95%\", maxHeight:\"95%\",title: function(){ return jQuery(this).children().attr(\"alt\"); }});\r\n\t});\r\n\/\/ ]]>\r\n<\/script>\n<figure class=\"gallery-item\">\n<div class=\"gallery-icon\">\r\n<a href=\"https:\/\/brigetiosport.hu\/wordpress\/wp-content\/uploads\/2023\/04\/brigetio_kerekpartura_2023.jpg\" title=\"\" rel=\"gal230414\"><img loading=\"lazy\" decoding=\"async\" src=\"https:\/\/brigetiosport.hu\/wordpress\/wp-content\/uploads\/2023\/04\/brigetio_kerekpartura_2023-1024x390.jpg\" width=\"840\" height=\"320\" alt=\"\" \/><\/a>\r\n<\/div><\/figure>\r\n\t\t<\/div>\n\n<p>Szeretn\u00e9nk felh\u00edvni az \u00e9rdekl\u0151d\u0151k figyelm\u00e9t, hogy <strong>2023. \u00e1prilis 30<\/strong>-\u00e1n ker\u00e9kp\u00e1rt\u00far\u00e1t szervez\u00fcnk Kom\u00e1rom (Kopp\u00e1nymonostor) indul\u00e1ssal G\u00f6ny\u0171re a Duna-partig majd vissza, illetve a d\u00e9lut\u00e1ni \u00f3r\u00e1kig ker\u00e9kp\u00e1ros \u00fcgyess\u00e9gi p\u00e1ly\u00e1val is k\u00e9sz\u00fcl\u00fcnk gyermekek sz\u00e1m\u00e1ra.<\/p>\n<p>Az ezekkel kapcsolatos rendezv\u00e9ny ki\u00edr\u00e1s az al\u00e1bbi hivatkoz\u00e1son \u00e9rhet\u0151 el: <a href=\"https:\/\/brigetiosport.hu\/wordpress\/rendezvenyeink\/brigetio-kerekparos-tura-es-ugyessegi-palya-gyerekeknek\/\">LINK<\/a><\/p>\n","protected":false},"excerpt":{"rendered":"<p>Szeretn\u00e9nk felh\u00edvni az \u00e9rdekl\u0151d\u0151k figyelm\u00e9t, hogy 2023. \u00e1prilis 30-\u00e1n ker\u00e9kp\u00e1rt\u00far\u00e1t szervez\u00fcnk Kom\u00e1rom (Kopp\u00e1nymonostor) indul\u00e1ssal G\u00f6ny\u0171re a Duna-partig majd vissza, illetve a d\u00e9lut\u00e1ni \u00f3r\u00e1kig ker\u00e9kp\u00e1ros \u00fcgyess\u00e9gi p\u00e1ly\u00e1val is k\u00e9sz\u00fcl\u00fcnk gyermekek sz\u00e1m\u00e1ra. Az ezekkel kapcsolatos rendezv\u00e9ny ki\u00edr\u00e1s az al\u00e1bbi hivatkoz\u00e1son \u00e9rhet\u0151 el: LINK<\/p>\n","protected":false},"author":1,"featured_media":0,"comment_status":"closed","ping_status":"closed","sticky":false,"template":"","format":"standard","meta":{"footnotes":""},"categories":[4],"tags":[],"_links":{"self":[{"href":"https:\/\/brigetiosport.hu\/wordpress\/wp-json\/wp\/v2\/posts\/2141"}],"collection":[{"href":"https:\/\/brigetiosport.hu\/wordpress\/wp-json\/wp\/v2\/posts"}],"about":[{"href":"https:\/\/brigetiosport.hu\/wordpress\/wp-json\/wp\/v2\/types\/post"}],"author":[{"embeddable":true,"href":"https:\/\/brigetiosport.hu\/wordpress\/wp-json\/wp\/v2\/users\/1"}],"replies":[{"embeddable":true,"href":"https:\/\/brigetiosport.hu\/wordpress\/wp-json\/wp\/v2\/comments?post=2141"}],"version-history":[{"count":3,"href":"https:\/\/brigetiosport.hu\/wordpress\/wp-json\/wp\/v2\/posts\/2141\/revisions"}],"predecessor-version":[{"id":2146,"href":"https:\/\/brigetiosport.hu\/wordpress\/wp-json\/wp\/v2\/posts\/2141\/revisions\/2146"}],"wp:attachment":[{"href":"https:\/\/brigetiosport.hu\/wordpress\/wp-json\/wp\/v2\/media?parent=2141"}],"wp:term":[{"taxonomy":"category","embeddable":true,"href":"https:\/\/brigetiosport.hu\/wordpress\/wp-json\/wp\/v2\/categories?post=2141"},{"taxonomy":"post_tag","embeddable":true,"href":"https:\/\/brigetiosport.hu\/wordpress\/wp-json\/wp\/v2\/tags?post=2141"}],"curies":[{"name":"wp","href":"https:\/\/api.w.org\/{rel}","templated":true}]}}