{"id":2111,"date":"2023-03-12T00:02:11","date_gmt":"2023-03-11T23:02:11","guid":{"rendered":"http:\/\/brigetiosport.hu\/wordpress\/?p=2111"},"modified":"2023-04-12T08:02:37","modified_gmt":"2023-04-12T07:02:37","slug":"edzotabor-beszamolo-makarska-szombat-2","status":"publish","type":"post","link":"https:\/\/brigetiosport.hu\/wordpress\/2023\/03\/12\/edzotabor-beszamolo-makarska-szombat-2\/","title":{"rendered":"Edz\u0151t\u00e1bor besz\u00e1mol\u00f3: Makarska &#8211; szombat"},"content":{"rendered":"<p><span class=\"x193iq5w xeuugli x13faqbe x1vvkbs x1xmvt09 x1lliihq x1s928wv xhkezso x1gmr53x x1cpjm7i x1fgarty x1943h6x xudqn12 x3x7a5m x6prxxf xvq8zen xo1l8bm xzsf02u x1yc453h\" dir=\"auto\">Tegnap elindultunk az \u00e9v eleji szok\u00e1sos tavaszi Brigetios edz\u0151t\u00e1borunkba 14 f\u0151s csapatunkkal. Az hiszem ez az eddig l\u00e9tsz\u00e1mrekord, nagyon \u00f6r\u00f6mteli, hogy ennyien tudtunk j\u00f6nni! A helysz\u00edn a Horv\u00e1torsz\u00e1gi Pisak telep\u00fcl\u00e9s, \u00e9s k\u00f6rny\u00e9ke, ahonnan remek lehet\u0151s\u00e9g ny\u00edlik k\u00fcl\u00f6nb\u00f6z\u0151 neh\u00e9zs\u00e9g\u0171 \u00fatvonalakat bej\u00e1rni. K\u00f6sz\u00f6nj\u00fck az egyes\u00fcletnek a t\u00e1mogat\u00e1st, Gerg\u0151nek a szervez\u00e9st! De k\u00f6sz\u00f6net a Borb\u00e1s Best Kft.-nek, \u00e9s a Mil\u00e1n\u00f3 Market-nek, hogy kisbuszukkal, kisteheraut\u00f3jukkal seg\u00edtett\u00e9k a lejut\u00e1st! K\u00fcl\u00f6n k\u00f6sz\u00f6net Janinak a ker\u00e9kp\u00e1r tart\u00f3\u00e9rt! Meg\u00e9rkez\u00e9s ut\u00e1n musz\u00e1j volt egy gyenge 40-est beiktatni, ami a hossz\u00fa \u00fat ut\u00e1n k\u00f6nnyed \u00e1tmozgat\u00e1st biztos\u00edtott, \u00e9s p\u00e1r technikai probl\u00e9m\u00e1ra is f\u00e9nyt der\u00edtett, amit persze a technikusaink gyorsan elh\u00e1r\u00edtott\u00e1k. Az id\u0151 remek, szikr\u00e1z\u00f3 naps\u00fct\u00e9s, 14-15 fok, napon a h\u0151\u00e9rzet 10-zel t\u00f6bb. Rem\u00e9lj\u00fck az id\u0151 \u00edgy marad! Besz\u00e1mol\u00f3kkal id\u0151nk\u00e9nt jelentkezni fogunk! Addig is p\u00e1r fot\u00f3.<\/span><\/p>\n\n\t\t<div id='gallery-1' class='gallery galleryid-2111 gallery-columns-1 gallery-size-large gal230311'><script type=\"text\/javascript\">\r\n\/\/ <![CDATA[\r\n\tjQuery(document).ready(function () {\r\n\t\tjQuery(\".gal230311 a\").attr(\"rel\",\"gal230311\");\t\r\n\t\tjQuery('a[rel=\"gal230311\"]').colorbox({maxWidth:\"95%\", maxHeight:\"95%\",title: function(){ return jQuery(this).children().attr(\"alt\"); }});\r\n\t});\r\n\/\/ ]]>\r\n<\/script>\n<figure class=\"gallery-item\">\n<div class=\"gallery-icon\">\r\n<a href=\"https:\/\/brigetiosport.hu\/wordpress\/wp-content\/uploads\/2023\/04\/20230311_edzotabor.jpg\" title=\"\" rel=\"gal230311\"><img loading=\"lazy\" decoding=\"async\" src=\"https:\/\/brigetiosport.hu\/wordpress\/wp-content\/uploads\/2023\/04\/20230311_edzotabor-1024x768.jpg\" width=\"840\" height=\"630\" alt=\"\" \/><\/a>\r\n<\/div><\/figure>\r\n\t\t<\/div>\n\n","protected":false},"excerpt":{"rendered":"<p>Tegnap elindultunk az \u00e9v eleji szok\u00e1sos tavaszi Brigetios edz\u0151t\u00e1borunkba 14 f\u0151s csapatunkkal. Az hiszem ez az eddig l\u00e9tsz\u00e1mrekord, nagyon \u00f6r\u00f6mteli, hogy ennyien tudtunk j\u00f6nni! A helysz\u00edn a Horv\u00e1torsz\u00e1gi Pisak telep\u00fcl\u00e9s, \u00e9s k\u00f6rny\u00e9ke, ahonnan remek lehet\u0151s\u00e9g ny\u00edlik k\u00fcl\u00f6nb\u00f6z\u0151 neh\u00e9zs\u00e9g\u0171 \u00fatvonalakat bej\u00e1rni. K\u00f6sz\u00f6nj\u00fck az egyes\u00fcletnek a t\u00e1mogat\u00e1st, Gerg\u0151nek a szervez\u00e9st! De k\u00f6sz\u00f6net a Borb\u00e1s Best Kft.-nek, \u00e9s &hellip; <a href=\"https:\/\/brigetiosport.hu\/wordpress\/2023\/03\/12\/edzotabor-beszamolo-makarska-szombat-2\/\" class=\"more-link\"><span class=\"screen-reader-text\">&#8222;Edz\u0151t\u00e1bor besz\u00e1mol\u00f3: Makarska &#8211; szombat&#8221;<\/span> b\u0151vebben<\/a><\/p>\n","protected":false},"author":4,"featured_media":0,"comment_status":"closed","ping_status":"closed","sticky":false,"template":"","format":"standard","meta":{"footnotes":""},"categories":[10],"tags":[],"_links":{"self":[{"href":"https:\/\/brigetiosport.hu\/wordpress\/wp-json\/wp\/v2\/posts\/2111"}],"collection":[{"href":"https:\/\/brigetiosport.hu\/wordpress\/wp-json\/wp\/v2\/posts"}],"about":[{"href":"https:\/\/brigetiosport.hu\/wordpress\/wp-json\/wp\/v2\/types\/post"}],"author":[{"embeddable":true,"href":"https:\/\/brigetiosport.hu\/wordpress\/wp-json\/wp\/v2\/users\/4"}],"replies":[{"embeddable":true,"href":"https:\/\/brigetiosport.hu\/wordpress\/wp-json\/wp\/v2\/comments?post=2111"}],"version-history":[{"count":1,"href":"https:\/\/brigetiosport.hu\/wordpress\/wp-json\/wp\/v2\/posts\/2111\/revisions"}],"predecessor-version":[{"id":2113,"href":"https:\/\/brigetiosport.hu\/wordpress\/wp-json\/wp\/v2\/posts\/2111\/revisions\/2113"}],"wp:attachment":[{"href":"https:\/\/brigetiosport.hu\/wordpress\/wp-json\/wp\/v2\/media?parent=2111"}],"wp:term":[{"taxonomy":"category","embeddable":true,"href":"https:\/\/brigetiosport.hu\/wordpress\/wp-json\/wp\/v2\/categories?post=2111"},{"taxonomy":"post_tag","embeddable":true,"href":"https:\/\/brigetiosport.hu\/wordpress\/wp-json\/wp\/v2\/tags?post=2111"}],"curies":[{"name":"wp","href":"https:\/\/api.w.org\/{rel}","templated":true}]}}