{"id":1967,"date":"2022-08-07T19:02:26","date_gmt":"2022-08-07T18:02:26","guid":{"rendered":"http:\/\/brigetiosport.hu\/wordpress\/?p=1967"},"modified":"2022-08-13T10:16:43","modified_gmt":"2022-08-13T09:16:43","slug":"viii-brigetio-orszaguti-mezonyverseny-beszamolo","status":"publish","type":"post","link":"https:\/\/brigetiosport.hu\/wordpress\/2022\/08\/07\/viii-brigetio-orszaguti-mezonyverseny-beszamolo\/","title":{"rendered":"VIII. Brigetio Orsz\u00e1g\u00fati Mez\u0151nyverseny besz\u00e1mol\u00f3"},"content":{"rendered":"<div class=\"kvgmc6g5 cxmmr5t8 oygrvhab hcukyx3x c1et5uql ii04i59q\">\n<div dir=\"auto\">\n\n\t\t<div id='gallery-1' class='gallery galleryid-1967 gallery-columns-2 gallery-size-medium gal220807'><script type=\"text\/javascript\">\r\n\/\/ <![CDATA[\r\n\tjQuery(document).ready(function () {\r\n\t\tjQuery(\".gal220807 a\").attr(\"rel\",\"gal220807\");\t\r\n\t\tjQuery('a[rel=\"gal220807\"]').colorbox({maxWidth:\"95%\", maxHeight:\"95%\",title: function(){ return jQuery(this).children().attr(\"alt\"); }});\r\n\t});\r\n\/\/ ]]>\r\n<\/script>\n<figure class=\"gallery-item\">\n<div class=\"gallery-icon\">\r\n<a href=\"https:\/\/brigetiosport.hu\/wordpress\/wp-content\/uploads\/2022\/08\/2022_brigetio_omv_01.jpg\" title=\"\" rel=\"gal220807\"><img loading=\"lazy\" decoding=\"async\" src=\"https:\/\/brigetiosport.hu\/wordpress\/wp-content\/uploads\/2022\/08\/2022_brigetio_omv_01-300x200.jpg\" width=\"300\" height=\"200\" alt=\"\" \/><\/a>\r\n<\/div><\/figure><figure class=\"gallery-item\">\n<div class=\"gallery-icon\">\r\n<a href=\"https:\/\/brigetiosport.hu\/wordpress\/wp-content\/uploads\/2022\/08\/2022_brigetio_omv_02.jpg\" title=\"\" rel=\"gal220807\"><img loading=\"lazy\" decoding=\"async\" src=\"https:\/\/brigetiosport.hu\/wordpress\/wp-content\/uploads\/2022\/08\/2022_brigetio_omv_02-300x200.jpg\" width=\"300\" height=\"200\" alt=\"\" \/><\/a>\r\n<\/div><\/figure>\r\n\t\t<\/div>\n\n<\/div>\n<div dir=\"auto\">A mai napon imm\u00e1ron 8. alkalommal rajtolt el a Brigetio Orsz\u00e1g\u00fati Mez\u0151nyverseny, aminek id\u00e9n is Dunaalm\u00e1s \u00e9s Neszm\u00e9ly adott otthont. A verseny a Magyar Ker\u00e9kp\u00e1ros Amat\u0151r Bajnoks\u00e1g \u00e9s az <a class=\"oajrlxb2 g5ia77u1 qu0x051f esr5mh6w e9989ue4 r7d6kgcz rq0escxv nhd2j8a9 nc684nl6 p7hjln8o kvgmc6g5 cxmmr5t8 oygrvhab hcukyx3x jb3vyjys rz4wbd8a qt6c0cv9 a8nywdso i1ao9s8h esuyzwwr f1sip0of lzcic4wl gpro0wi8 q66pz984 b1v8xokw\" tabindex=\"0\" href=\"https:\/\/www.facebook.com\/otprobaparizsba.hu\/?__cft__[0]=AZVGmN_1ZV0ZU2m6tIoqqIK7mkzvGUpGUmSTC7lhssz4z7e8hvlpG-2DzK_7WasIMHo4j5Jd4pd5fWiIaAKaLtWjCvCmV5z6jGk4UGjiEZY0z4j2PFuyZflbItQSkfhfzgFyKR81htivfkUqBHWKQn1pnq6MMuh8FmSgQhwQdaT8bdCD_Sf3N6SZx32239CZytLCRN4yH057-J77Nalvoszv&amp;__tn__=kK-R\" target=\"_blank\" rel=\"noopener noreferrer\"><span class=\"nc684nl6\">\u00d6tpr\u00f3ba<\/span><\/a> r\u00e9sz\u00e9t k\u00e9pez\u0151 pontszerz\u0151 sportesem\u00e9ny volt. Az id\u0151j\u00e1r\u00e1sra ma nem lehetett panasz, hisz kellemes 25 fokos h\u0151m\u00e9rs\u00e9klet v\u00e1rta a versenyz\u0151ket, enyhe sz\u00e9llel. A szervez\u0151k kellemes h\u0151m\u00e9rs\u00e9klettel, az <a class=\"oajrlxb2 g5ia77u1 qu0x051f esr5mh6w e9989ue4 r7d6kgcz rq0escxv nhd2j8a9 nc684nl6 p7hjln8o kvgmc6g5 cxmmr5t8 oygrvhab hcukyx3x jb3vyjys rz4wbd8a qt6c0cv9 a8nywdso i1ao9s8h esuyzwwr f1sip0of lzcic4wl gpro0wi8 q66pz984 b1v8xokw\" tabindex=\"0\" href=\"https:\/\/www.facebook.com\/IREKS.STAMAG.Kft\/?__cft__[0]=AZVGmN_1ZV0ZU2m6tIoqqIK7mkzvGUpGUmSTC7lhssz4z7e8hvlpG-2DzK_7WasIMHo4j5Jd4pd5fWiIaAKaLtWjCvCmV5z6jGk4UGjiEZY0z4j2PFuyZflbItQSkfhfzgFyKR81htivfkUqBHWKQn1pnq6MMuh8FmSgQhwQdaT8bdCD_Sf3N6SZx32239CZytLCRN4yH057-J77Nalvoszv&amp;__tn__=kK-R\" target=\"_blank\" rel=\"noopener noreferrer\"><span class=\"nc684nl6\">IREKS-STAMAG Kft.<\/span><\/a> finom s\u00fctem\u00e9nyekkel v\u00e1rta a versenyz\u0151ket, \u00edgy minden adott volt a j\u00f3 versenyz\u00e9shez. A r\u00e9sztvev\u0151k r\u00f6vid 31 km-es \u00e9s hossz\u00fa 92 km-es versenyt\u00e1von m\u00e9rt\u00e9k \u00f6ssze erej\u00fcket, a befut\u00f3 mindk\u00e9t t\u00e1v eset\u00e9ben az 1,8 km hossz\u00fa, kem\u00e9ny emelked\u0151 v\u00e9g\u00e9n, a l\u00e1tv\u00e1ny\u00e1ban igaz\u00e1n impoz\u00e1ns Hilltop Bor\u00e1szatn\u00e1l volt. A hegytet\u0151n a hangulatr\u00f3l Dj. <a class=\"oajrlxb2 g5ia77u1 qu0x051f esr5mh6w e9989ue4 r7d6kgcz rq0escxv nhd2j8a9 nc684nl6 p7hjln8o kvgmc6g5 cxmmr5t8 oygrvhab hcukyx3x jb3vyjys rz4wbd8a qt6c0cv9 a8nywdso i1ao9s8h esuyzwwr f1sip0of lzcic4wl gpro0wi8 q66pz984 b1v8xokw\" tabindex=\"0\" href=\"https:\/\/www.facebook.com\/djhardpaul?__cft__[0]=AZVGmN_1ZV0ZU2m6tIoqqIK7mkzvGUpGUmSTC7lhssz4z7e8hvlpG-2DzK_7WasIMHo4j5Jd4pd5fWiIaAKaLtWjCvCmV5z6jGk4UGjiEZY0z4j2PFuyZflbItQSkfhfzgFyKR81htivfkUqBHWKQn1pnq6MMuh8FmSgQhwQdaT8bdCD_Sf3N6SZx32239CZytLCRN4yH057-J77Nalvoszv&amp;__tn__=-]K-R\" target=\"_blank\" rel=\"noopener noreferrer\"><span class=\"nc684nl6\">Hard Paul<\/span><\/a> gondoskodott, aki igazi party hangulatot teremtett a c\u00e9lban, ezzel k\u00fcl\u00f6nlegess\u00e9 t\u00e9ve verseny\u00fcnk befut\u00f3j\u00e1t.<\/div>\n<\/div>\n<div dir=\"auto\"><\/div>\n<p><!--more--><\/p>\n<div class=\"kvgmc6g5 cxmmr5t8 oygrvhab hcukyx3x c1et5uql ii04i59q\">\n<div dir=\"auto\">\n\n\t\t<div id='gallery-2' class='gallery galleryid-1967 gallery-columns-2 gallery-size-medium gal220807'><script type=\"text\/javascript\">\r\n\/\/ <![CDATA[\r\n\tjQuery(document).ready(function () {\r\n\t\tjQuery(\".gal220807 a\").attr(\"rel\",\"gal220807\");\t\r\n\t\tjQuery('a[rel=\"gal220807\"]').colorbox({maxWidth:\"95%\", maxHeight:\"95%\",title: function(){ return jQuery(this).children().attr(\"alt\"); }});\r\n\t});\r\n\/\/ ]]>\r\n<\/script>\n<figure class=\"gallery-item\">\n<div class=\"gallery-icon\">\r\n<a href=\"https:\/\/brigetiosport.hu\/wordpress\/wp-content\/uploads\/2022\/08\/2022_brigetio_omv_03.jpg\" title=\"\" rel=\"gal220807\"><img loading=\"lazy\" decoding=\"async\" src=\"https:\/\/brigetiosport.hu\/wordpress\/wp-content\/uploads\/2022\/08\/2022_brigetio_omv_03-300x200.jpg\" width=\"300\" height=\"200\" alt=\"\" \/><\/a>\r\n<\/div><\/figure><figure class=\"gallery-item\">\n<div class=\"gallery-icon\">\r\n<a href=\"https:\/\/brigetiosport.hu\/wordpress\/wp-content\/uploads\/2022\/08\/2022_brigetio_omv_05.jpg\" title=\"\" rel=\"gal220807\"><img loading=\"lazy\" decoding=\"async\" src=\"https:\/\/brigetiosport.hu\/wordpress\/wp-content\/uploads\/2022\/08\/2022_brigetio_omv_05-300x200.jpg\" width=\"300\" height=\"200\" alt=\"\" \/><\/a>\r\n<\/div><\/figure><figure class=\"gallery-item\">\n<div class=\"gallery-icon\">\r\n<a href=\"https:\/\/brigetiosport.hu\/wordpress\/wp-content\/uploads\/2022\/08\/2022_brigetio_omv_04.jpg\" title=\"\" rel=\"gal220807\"><img loading=\"lazy\" decoding=\"async\" src=\"https:\/\/brigetiosport.hu\/wordpress\/wp-content\/uploads\/2022\/08\/2022_brigetio_omv_04-300x161.jpg\" width=\"300\" height=\"161\" alt=\"\" \/><\/a>\r\n<\/div><\/figure><figure class=\"gallery-item\">\n<div class=\"gallery-icon\">\r\n<a href=\"https:\/\/brigetiosport.hu\/wordpress\/wp-content\/uploads\/2022\/08\/2022_brigetio_omv_06.jpg\" title=\"\" rel=\"gal220807\"><img loading=\"lazy\" decoding=\"async\" src=\"https:\/\/brigetiosport.hu\/wordpress\/wp-content\/uploads\/2022\/08\/2022_brigetio_omv_06-300x169.jpg\" width=\"300\" height=\"169\" alt=\"\" \/><\/a>\r\n<\/div><\/figure>\r\n\t\t<\/div>\n\n<\/div>\n<div dir=\"auto\">A r\u00f6vid t\u00e1v\u00fa versenyt 49:34 \u2013es id\u0151vel Reinodli \u00c1kos (Csepel-Szigeti Ker\u00e9kp\u00e1r \u00e9s Triatlon SE) nyerte 4mp-vel megel\u0151zve egyes\u00fclet\u00fcnk versenyz\u0151j\u00e9t Havasi Zolt\u00e1nt (Brigetio KSE) \u00e9s 5 mp-vel Erd\u0151s D\u00e1nielt (Viadukt SE Biatorb\u00e1gy). A h\u00f6lgyek is nagyon gyorsak voltak, Budai Katalin (<a class=\"oajrlxb2 g5ia77u1 qu0x051f esr5mh6w e9989ue4 r7d6kgcz rq0escxv nhd2j8a9 nc684nl6 p7hjln8o kvgmc6g5 cxmmr5t8 oygrvhab hcukyx3x jb3vyjys rz4wbd8a qt6c0cv9 a8nywdso i1ao9s8h esuyzwwr f1sip0of lzcic4wl gpro0wi8 q66pz984 b1v8xokw\" tabindex=\"0\" href=\"https:\/\/www.facebook.com\/buruczkitrainingsystem?__cft__[0]=AZVGmN_1ZV0ZU2m6tIoqqIK7mkzvGUpGUmSTC7lhssz4z7e8hvlpG-2DzK_7WasIMHo4j5Jd4pd5fWiIaAKaLtWjCvCmV5z6jGk4UGjiEZY0z4j2PFuyZflbItQSkfhfzgFyKR81htivfkUqBHWKQn1pnq6MMuh8FmSgQhwQdaT8bdCD_Sf3N6SZx32239CZytLCRN4yH057-J77Nalvoszv&amp;__tn__=-]K-R\" target=\"_blank\" rel=\"noopener noreferrer\"><span class=\"nc684nl6\">Buruczki Training System &#8211; BTS SE<\/span><\/a>) 52:28-as id\u0151vel els\u0151k\u00e9nt \u00e9rt fel a hegyre, m\u00e1sodikk\u00e9nt Nagy Anna M\u00e1ria (Kis Tri Team SE), m\u00edg harmadikk\u00e9nt B\u00e1nyai Anik\u00f3 (Oltalom SE) \u00e9rkezett c\u00e9lba.<\/div>\n<\/div>\n<div class=\"cxmmr5t8 oygrvhab hcukyx3x c1et5uql o9v6fnle ii04i59q\">\n<div dir=\"auto\">A hossz\u00fa t\u00e1v\u00fa verseny sor\u00e1n t\u00f6bb t\u00e1mad\u00e1st is l\u00e1thattunk, Skoff G\u00e1bor (<a class=\"oajrlxb2 g5ia77u1 qu0x051f esr5mh6w e9989ue4 r7d6kgcz rq0escxv nhd2j8a9 nc684nl6 p7hjln8o kvgmc6g5 cxmmr5t8 oygrvhab hcukyx3x jb3vyjys rz4wbd8a qt6c0cv9 a8nywdso i1ao9s8h esuyzwwr f1sip0of lzcic4wl gpro0wi8 q66pz984 b1v8xokw\" tabindex=\"0\" href=\"https:\/\/www.facebook.com\/SzingoSE2019\/?__cft__[0]=AZVGmN_1ZV0ZU2m6tIoqqIK7mkzvGUpGUmSTC7lhssz4z7e8hvlpG-2DzK_7WasIMHo4j5Jd4pd5fWiIaAKaLtWjCvCmV5z6jGk4UGjiEZY0z4j2PFuyZflbItQSkfhfzgFyKR81htivfkUqBHWKQn1pnq6MMuh8FmSgQhwQdaT8bdCD_Sf3N6SZx32239CZytLCRN4yH057-J77Nalvoszv&amp;__tn__=kK-R\" target=\"_blank\" rel=\"noopener noreferrer\"><span class=\"nc684nl6\">Szingo Szabadid\u0151s Sportegyes\u00fclet<\/span><\/a>) versenyz\u0151je harcolt ki 20 mp el\u0151nyt, amit egy ideig sikeresen tartott is, majd befog\u00e1s\u00e1t k\u00f6vet\u0151en <a class=\"oajrlxb2 g5ia77u1 qu0x051f esr5mh6w e9989ue4 r7d6kgcz rq0escxv nhd2j8a9 nc684nl6 p7hjln8o kvgmc6g5 cxmmr5t8 oygrvhab hcukyx3x jb3vyjys rz4wbd8a qt6c0cv9 a8nywdso i1ao9s8h esuyzwwr f1sip0of lzcic4wl gpro0wi8 q66pz984 b1v8xokw\" tabindex=\"0\" href=\"https:\/\/www.facebook.com\/nernest.sigl?__cft__[0]=AZVGmN_1ZV0ZU2m6tIoqqIK7mkzvGUpGUmSTC7lhssz4z7e8hvlpG-2DzK_7WasIMHo4j5Jd4pd5fWiIaAKaLtWjCvCmV5z6jGk4UGjiEZY0z4j2PFuyZflbItQSkfhfzgFyKR81htivfkUqBHWKQn1pnq6MMuh8FmSgQhwQdaT8bdCD_Sf3N6SZx32239CZytLCRN4yH057-J77Nalvoszv&amp;__tn__=-]K-R\" target=\"_blank\" rel=\"noopener noreferrer\"><span class=\"nc684nl6\">Ernest Szigl<\/span><\/a> harcolt ki 25 mp-s el\u0151nyt, aki 2 k\u00f6r\u00f6n kereszt\u00fcl tartotta mag\u00e1t a f\u0151mez\u0151nnyel szemben, de \u0151t is be\u00e9rt\u00e9k. A versenyen v\u00e9g\u00fcl nem alakult ki sikeres, eredm\u00e9nyes sz\u00f6k\u00e9s, ez\u00e9rt a hilltopi emelked\u0151t a jelent\u0151s l\u00e9tsz\u00e1m\u00fa mez\u0151ny kezdte meg.<\/div>\n<\/div>\n<div class=\"cxmmr5t8 oygrvhab hcukyx3x c1et5uql o9v6fnle ii04i59q\">\n<div dir=\"auto\">Az <a class=\"oajrlxb2 g5ia77u1 qu0x051f esr5mh6w e9989ue4 r7d6kgcz rq0escxv nhd2j8a9 nc684nl6 p7hjln8o kvgmc6g5 cxmmr5t8 oygrvhab hcukyx3x jb3vyjys rz4wbd8a qt6c0cv9 a8nywdso i1ao9s8h esuyzwwr f1sip0of lzcic4wl gpro0wi8 q66pz984 b1v8xokw\" tabindex=\"0\" href=\"https:\/\/www.facebook.com\/mkbcyclingteam?__cft__[0]=AZVGmN_1ZV0ZU2m6tIoqqIK7mkzvGUpGUmSTC7lhssz4z7e8hvlpG-2DzK_7WasIMHo4j5Jd4pd5fWiIaAKaLtWjCvCmV5z6jGk4UGjiEZY0z4j2PFuyZflbItQSkfhfzgFyKR81htivfkUqBHWKQn1pnq6MMuh8FmSgQhwQdaT8bdCD_Sf3N6SZx32239CZytLCRN4yH057-J77Nalvoszv&amp;__tn__=-]K-R\" target=\"_blank\" rel=\"noopener noreferrer\"><span class=\"nc684nl6\">MKB Cycling Team<\/span><\/a> nagyszer\u0171 csapatmunk\u00e1t mutatott be a hegyen, el\u0151re hozt\u00e1k \u00e9s felvezett\u00e9k az emelked\u0151t Forr\u00f3 Lajosnak (Kecskem\u00e9ti Els\u0151 sor SE, MKB Cycling Team), aki ma nem tal\u00e1lt legy\u0151z\u0151re, \u00edgy eg\u00e9szen elk\u00e9peszt\u0151, 7 mp-s el\u0151nnyel nyerte meg a VIII. Brigetio Orsz\u00e1g\u00fati Mez\u0151nyversenyt! M\u00e1sodik helyen egyes\u00fclet\u00fcnk versenyz\u0151je <a class=\"oajrlxb2 g5ia77u1 qu0x051f esr5mh6w e9989ue4 r7d6kgcz rq0escxv nhd2j8a9 nc684nl6 p7hjln8o kvgmc6g5 cxmmr5t8 oygrvhab hcukyx3x jb3vyjys rz4wbd8a qt6c0cv9 a8nywdso i1ao9s8h esuyzwwr f1sip0of lzcic4wl gpro0wi8 q66pz984 b1v8xokw\" tabindex=\"0\" href=\"https:\/\/www.facebook.com\/ronald.kuba?__cft__[0]=AZVGmN_1ZV0ZU2m6tIoqqIK7mkzvGUpGUmSTC7lhssz4z7e8hvlpG-2DzK_7WasIMHo4j5Jd4pd5fWiIaAKaLtWjCvCmV5z6jGk4UGjiEZY0z4j2PFuyZflbItQSkfhfzgFyKR81htivfkUqBHWKQn1pnq6MMuh8FmSgQhwQdaT8bdCD_Sf3N6SZx32239CZytLCRN4yH057-J77Nalvoszv&amp;__tn__=-]K-R\" target=\"_blank\" rel=\"noopener noreferrer\"><span class=\"nc684nl6\">Ronald Kuba<\/span><\/a> (<a class=\"oajrlxb2 g5ia77u1 qu0x051f esr5mh6w e9989ue4 r7d6kgcz rq0escxv nhd2j8a9 nc684nl6 p7hjln8o kvgmc6g5 cxmmr5t8 oygrvhab hcukyx3x jb3vyjys rz4wbd8a qt6c0cv9 a8nywdso i1ao9s8h esuyzwwr f1sip0of lzcic4wl gpro0wi8 q66pz984 b1v8xokw\" tabindex=\"0\" href=\"https:\/\/www.facebook.com\/brigetiokse\/?__cft__[0]=AZVGmN_1ZV0ZU2m6tIoqqIK7mkzvGUpGUmSTC7lhssz4z7e8hvlpG-2DzK_7WasIMHo4j5Jd4pd5fWiIaAKaLtWjCvCmV5z6jGk4UGjiEZY0z4j2PFuyZflbItQSkfhfzgFyKR81htivfkUqBHWKQn1pnq6MMuh8FmSgQhwQdaT8bdCD_Sf3N6SZx32239CZytLCRN4yH057-J77Nalvoszv&amp;__tn__=kK-R\" target=\"_blank\" rel=\"noopener noreferrer\"><span class=\"nc684nl6\">Brigetio Ker\u00e9kp\u00e1ros Sportegyes\u00fclet<\/span><\/a>) v\u00e9gzett, m\u00edg a gy\u0151ztest\u0151l 14 mp h\u00e1tr\u00e1nnyal Mindszenti \u00c1kos (Cs\u00f6m\u00f6ri Sport \u00e9s Szabadid\u0151 Nkft) \u00e9rt c\u00e9lba 3. helyen!<\/div>\n<\/div>\n<div class=\"cxmmr5t8 oygrvhab hcukyx3x c1et5uql o9v6fnle ii04i59q\">\n<div dir=\"auto\">A versenyt k\u00f6vet\u0151en spagettivel \u00e9s az \u00d6N\u00e9s\u00d6N egy\u00fcttes koncertj\u00e9vel v\u00e1rtuk a rendezv\u00e9nyk\u00f6zpontban a megf\u00e1radt bring\u00e1sokat. Az eredm\u00e9nyhirdet\u00e9sen egyedi k\u0151\u00e9rmeket, ker\u00e1mia k\u00e9zm\u0171ves d\u00edjakat \u00e9s a <a class=\"oajrlxb2 g5ia77u1 qu0x051f esr5mh6w e9989ue4 r7d6kgcz rq0escxv nhd2j8a9 nc684nl6 p7hjln8o kvgmc6g5 cxmmr5t8 oygrvhab hcukyx3x jb3vyjys rz4wbd8a qt6c0cv9 a8nywdso i1ao9s8h esuyzwwr f1sip0of lzcic4wl gpro0wi8 q66pz984 b1v8xokw\" tabindex=\"0\" href=\"https:\/\/www.facebook.com\/Hilltop.Neszmely.Boraszat\/?__cft__[0]=AZVGmN_1ZV0ZU2m6tIoqqIK7mkzvGUpGUmSTC7lhssz4z7e8hvlpG-2DzK_7WasIMHo4j5Jd4pd5fWiIaAKaLtWjCvCmV5z6jGk4UGjiEZY0z4j2PFuyZflbItQSkfhfzgFyKR81htivfkUqBHWKQn1pnq6MMuh8FmSgQhwQdaT8bdCD_Sf3N6SZx32239CZytLCRN4yH057-J77Nalvoszv&amp;__tn__=kK-R\" target=\"_blank\" rel=\"noopener noreferrer\"><span class=\"nc684nl6\">Hilltop Neszm\u00e9ly Bor\u00e1szat<\/span><\/a> \u00e1ltal felaj\u00e1nlatott borokat vehett\u00e9k \u00e1t a legeredm\u00e9nyesebb versenyz\u0151k, amit a f\u0151szponzorunk a Sanatio Ambulance \u00e9s Rendezv\u00e9nybiztos\u00edt\u00f3 Ment\u0151szolg\u00e1lat \u00fcgyvezet\u0151 igazgat\u00f3ja <a class=\"oajrlxb2 g5ia77u1 qu0x051f esr5mh6w e9989ue4 r7d6kgcz rq0escxv nhd2j8a9 nc684nl6 p7hjln8o kvgmc6g5 cxmmr5t8 oygrvhab hcukyx3x jb3vyjys rz4wbd8a qt6c0cv9 a8nywdso i1ao9s8h esuyzwwr f1sip0of lzcic4wl gpro0wi8 q66pz984 b1v8xokw\" tabindex=\"0\" href=\"https:\/\/www.facebook.com\/profile.php?id=100001089355458&amp;__cft__[0]=AZVGmN_1ZV0ZU2m6tIoqqIK7mkzvGUpGUmSTC7lhssz4z7e8hvlpG-2DzK_7WasIMHo4j5Jd4pd5fWiIaAKaLtWjCvCmV5z6jGk4UGjiEZY0z4j2PFuyZflbItQSkfhfzgFyKR81htivfkUqBHWKQn1pnq6MMuh8FmSgQhwQdaT8bdCD_Sf3N6SZx32239CZytLCRN4yH057-J77Nalvoszv&amp;__tn__=-]K-R\" target=\"_blank\" rel=\"noopener noreferrer\"><span class=\"nc684nl6\">Kasz\u00e1s Zsolt<\/span><\/a> \u00e9s a verseny f\u0151szervez\u0151i H\u00e9regi P\u00e9ter \u00e9s <a class=\"oajrlxb2 g5ia77u1 qu0x051f esr5mh6w e9989ue4 r7d6kgcz rq0escxv nhd2j8a9 nc684nl6 p7hjln8o kvgmc6g5 cxmmr5t8 oygrvhab hcukyx3x jb3vyjys rz4wbd8a qt6c0cv9 a8nywdso i1ao9s8h esuyzwwr f1sip0of lzcic4wl gpro0wi8 q66pz984 b1v8xokw\" tabindex=\"0\" href=\"https:\/\/www.facebook.com\/zoltan.gregor2?__cft__[0]=AZVGmN_1ZV0ZU2m6tIoqqIK7mkzvGUpGUmSTC7lhssz4z7e8hvlpG-2DzK_7WasIMHo4j5Jd4pd5fWiIaAKaLtWjCvCmV5z6jGk4UGjiEZY0z4j2PFuyZflbItQSkfhfzgFyKR81htivfkUqBHWKQn1pnq6MMuh8FmSgQhwQdaT8bdCD_Sf3N6SZx32239CZytLCRN4yH057-J77Nalvoszv&amp;__tn__=-]K-R\" target=\"_blank\" rel=\"noopener noreferrer\"><span class=\"nc684nl6\">Zolt\u00e1n Gregor<\/span><\/a> adtak \u00e1t.<\/div>\n<div dir=\"auto\">K\u00f6sz\u00f6nj\u00fck, hogy r\u00e9szt vettetek verseny\u00fcnk\u00f6n, b\u00edzunk benne, hogy j\u00f3l \u00e9rezt\u00e9tek magatokat \u00e9s b\u00edzunk benne, hogy legk\u00f6zelebb is tal\u00e1lkozunk!<\/div>\n<\/div>\n<div class=\"cxmmr5t8 oygrvhab hcukyx3x c1et5uql o9v6fnle ii04i59q\">\n<div dir=\"auto\">K\u00f6sz\u00f6nj\u00fck a t\u00e1mogat\u00e1st, seg\u00edts\u00e9get t\u00e1mogat\u00f3inknak, tagjainknak, seg\u00edt\u0151inknek! K\u00f6sz\u00f6nj\u00fck a Tatai Rend\u0151rkapit\u00e1nys\u00e1gnak, a Kom\u00e1rom-Esztergom Megyei Polg\u00e1r\u0151r Sz\u00f6vets\u00e9gnek az elk\u00f6telezett t\u00e1mogat\u00e1st, seg\u00edts\u00e9get!<\/div>\n<\/div>\n<div dir=\"auto\">\n\n\t\t<div id='gallery-3' class='gallery galleryid-1967 gallery-columns-1 gallery-size-large gal220807'><script type=\"text\/javascript\">\r\n\/\/ <![CDATA[\r\n\tjQuery(document).ready(function () {\r\n\t\tjQuery(\".gal220807 a\").attr(\"rel\",\"gal220807\");\t\r\n\t\tjQuery('a[rel=\"gal220807\"]').colorbox({maxWidth:\"95%\", maxHeight:\"95%\",title: function(){ return jQuery(this).children().attr(\"alt\"); }});\r\n\t});\r\n\/\/ ]]>\r\n<\/script>\n<figure class=\"gallery-item\">\n<div class=\"gallery-icon\">\r\n<a href=\"https:\/\/brigetiosport.hu\/wordpress\/wp-content\/uploads\/2022\/08\/2022_brigetio_omv_szervezok.jpg\" title=\"\" rel=\"gal220807\"><img loading=\"lazy\" decoding=\"async\" src=\"https:\/\/brigetiosport.hu\/wordpress\/wp-content\/uploads\/2022\/08\/2022_brigetio_omv_szervezok-1024x683.jpg\" width=\"840\" height=\"560\" alt=\"\" \/><\/a>\r\n<\/div><\/figure>\r\n\t\t<\/div>\n\n<\/div>\n<div class=\"cxmmr5t8 oygrvhab hcukyx3x c1et5uql o9v6fnle ii04i59q\">\n<div dir=\"auto\">A verseny kiemelt t\u00e1mogat\u00f3ja a <a class=\"oajrlxb2 g5ia77u1 qu0x051f esr5mh6w e9989ue4 r7d6kgcz rq0escxv nhd2j8a9 nc684nl6 p7hjln8o kvgmc6g5 cxmmr5t8 oygrvhab hcukyx3x jb3vyjys rz4wbd8a qt6c0cv9 a8nywdso i1ao9s8h esuyzwwr f1sip0of lzcic4wl gpro0wi8 q66pz984 b1v8xokw\" tabindex=\"0\" href=\"https:\/\/www.facebook.com\/desefsilver.hu\/?__cft__[0]=AZVGmN_1ZV0ZU2m6tIoqqIK7mkzvGUpGUmSTC7lhssz4z7e8hvlpG-2DzK_7WasIMHo4j5Jd4pd5fWiIaAKaLtWjCvCmV5z6jGk4UGjiEZY0z4j2PFuyZflbItQSkfhfzgFyKR81htivfkUqBHWKQn1pnq6MMuh8FmSgQhwQdaT8bdCD_Sf3N6SZx32239CZytLCRN4yH057-J77Nalvoszv&amp;__tn__=kK-R\" target=\"_blank\" rel=\"noopener noreferrer\"><span class=\"nc684nl6\">Desef Silver<\/span><\/a>, <a class=\"oajrlxb2 g5ia77u1 qu0x051f esr5mh6w e9989ue4 r7d6kgcz rq0escxv nhd2j8a9 nc684nl6 p7hjln8o kvgmc6g5 cxmmr5t8 oygrvhab hcukyx3x jb3vyjys rz4wbd8a qt6c0cv9 a8nywdso i1ao9s8h esuyzwwr f1sip0of lzcic4wl gpro0wi8 q66pz984 b1v8xokw\" tabindex=\"0\" href=\"https:\/\/www.facebook.com\/brigetioalarm?__cft__[0]=AZVGmN_1ZV0ZU2m6tIoqqIK7mkzvGUpGUmSTC7lhssz4z7e8hvlpG-2DzK_7WasIMHo4j5Jd4pd5fWiIaAKaLtWjCvCmV5z6jGk4UGjiEZY0z4j2PFuyZflbItQSkfhfzgFyKR81htivfkUqBHWKQn1pnq6MMuh8FmSgQhwQdaT8bdCD_Sf3N6SZx32239CZytLCRN4yH057-J77Nalvoszv&amp;__tn__=-]K-R\" target=\"_blank\" rel=\"noopener noreferrer\"><span class=\"nc684nl6\">Brigetio Alarm<\/span><\/a> \u00e9s a <a class=\"oajrlxb2 g5ia77u1 qu0x051f esr5mh6w e9989ue4 r7d6kgcz rq0escxv nhd2j8a9 nc684nl6 p7hjln8o kvgmc6g5 cxmmr5t8 oygrvhab hcukyx3x jb3vyjys rz4wbd8a qt6c0cv9 a8nywdso i1ao9s8h esuyzwwr f1sip0of lzcic4wl gpro0wi8 q66pz984 b1v8xokw\" tabindex=\"0\" href=\"https:\/\/www.facebook.com\/sanatiokozpont\/?__cft__[0]=AZVGmN_1ZV0ZU2m6tIoqqIK7mkzvGUpGUmSTC7lhssz4z7e8hvlpG-2DzK_7WasIMHo4j5Jd4pd5fWiIaAKaLtWjCvCmV5z6jGk4UGjiEZY0z4j2PFuyZflbItQSkfhfzgFyKR81htivfkUqBHWKQn1pnq6MMuh8FmSgQhwQdaT8bdCD_Sf3N6SZx32239CZytLCRN4yH057-J77Nalvoszv&amp;__tn__=kK-R\" target=\"_blank\" rel=\"noopener noreferrer\"><span class=\"nc684nl6\">Sanatio Eg\u00e9szs\u00e9gk\u00f6zpont &#8211; Ambulance<\/span><\/a> volt!<\/div>\n<\/div>\n<div class=\"\" dir=\"auto\">\n<div id=\"jsc_c_2tn\" class=\"ecm0bbzt hv4rvrfc ihqw7lf3 dati1w0a\" data-ad-comet-preview=\"message\" data-ad-preview=\"message\">\n<div class=\"j83agx80 cbu4d94t ew0dbk1b irj2b8pg\">\n<div class=\"qzhwtbm6 knvmm38d\">\n<div class=\"cxmmr5t8 oygrvhab hcukyx3x c1et5uql o9v6fnle ii04i59q\">\n<div dir=\"auto\">Eredm\u00e9nyek: <a href=\"https:\/\/sportorigo.com\/HU\/5\/Rajtlistak-Eredmenyek\/248\/VIII-Brigetio-Orszaguti-Mezonyverseny-Amator-Kupa-5proba\" target=\"_blank\" rel=\"noopener noreferrer\">LINK<\/a><\/div>\n<div dir=\"auto\">Gal\u00e9ri\u00e1k (Rov\u00e1cs Mariann fot\u00f3i): <a href=\"https:\/\/drive.google.com\/drive\/folders\/1usHyxWGp_uBwFh8_Z-o5rnD2yLi2xIlN?fbclid=IwAR177KLv8sU0L9yHD7nvRLR7DJ9WBnM1mlwPCB_nAPAOBIU8BgT-JHCk_aY\" target=\"_blank\" rel=\"noopener noreferrer\">LINK-1<\/a>, <a href=\"https:\/\/drive.google.com\/drive\/folders\/1z6QwfYIcJ7WlVCVCjwIusdXSMRkHRKcZ?fbclid=IwAR3I6zqaeqRU5lP7Qd1ur2Odgo4NwdxYPh8MUHlxsm0p2ieGOmwsptKLfps\" target=\"_blank\" rel=\"noopener noreferrer\">LINK-2<\/a>, <a href=\"https:\/\/drive.google.com\/drive\/folders\/161kynkZOu8ioDWR2C2Z09imdgsENVazB?fbclid=IwAR1FH1p1CShtAqMQS4lnbMXsMN3BPXCDxq6ElF4KFljTrMd1bpMkP2StYFY\" target=\"_blank\" rel=\"noopener noreferrer\">LINK-3 <\/a><\/div>\n<\/div>\n<\/div>\n<\/div>\n<\/div>\n<\/div>\n<p>&nbsp;<\/p>\n","protected":false},"excerpt":{"rendered":"<p>A mai napon imm\u00e1ron 8. alkalommal rajtolt el a Brigetio Orsz\u00e1g\u00fati Mez\u0151nyverseny, aminek id\u00e9n is Dunaalm\u00e1s \u00e9s Neszm\u00e9ly adott otthont. A verseny a Magyar Ker\u00e9kp\u00e1ros Amat\u0151r Bajnoks\u00e1g \u00e9s az \u00d6tpr\u00f3ba r\u00e9sz\u00e9t k\u00e9pez\u0151 pontszerz\u0151 sportesem\u00e9ny volt. Az id\u0151j\u00e1r\u00e1sra ma nem lehetett panasz, hisz kellemes 25 fokos h\u0151m\u00e9rs\u00e9klet v\u00e1rta a versenyz\u0151ket, enyhe sz\u00e9llel. A szervez\u0151k kellemes h\u0151m\u00e9rs\u00e9klettel, &hellip; <a href=\"https:\/\/brigetiosport.hu\/wordpress\/2022\/08\/07\/viii-brigetio-orszaguti-mezonyverseny-beszamolo\/\" class=\"more-link\"><span class=\"screen-reader-text\">&#8222;VIII. Brigetio Orsz\u00e1g\u00fati Mez\u0151nyverseny besz\u00e1mol\u00f3&#8221;<\/span> b\u0151vebben<\/a><\/p>\n","protected":false},"author":3,"featured_media":0,"comment_status":"closed","ping_status":"closed","sticky":false,"template":"","format":"standard","meta":{"footnotes":""},"categories":[10,3,4],"tags":[],"_links":{"self":[{"href":"https:\/\/brigetiosport.hu\/wordpress\/wp-json\/wp\/v2\/posts\/1967"}],"collection":[{"href":"https:\/\/brigetiosport.hu\/wordpress\/wp-json\/wp\/v2\/posts"}],"about":[{"href":"https:\/\/brigetiosport.hu\/wordpress\/wp-json\/wp\/v2\/types\/post"}],"author":[{"embeddable":true,"href":"https:\/\/brigetiosport.hu\/wordpress\/wp-json\/wp\/v2\/users\/3"}],"replies":[{"embeddable":true,"href":"https:\/\/brigetiosport.hu\/wordpress\/wp-json\/wp\/v2\/comments?post=1967"}],"version-history":[{"count":4,"href":"https:\/\/brigetiosport.hu\/wordpress\/wp-json\/wp\/v2\/posts\/1967\/revisions"}],"predecessor-version":[{"id":1978,"href":"https:\/\/brigetiosport.hu\/wordpress\/wp-json\/wp\/v2\/posts\/1967\/revisions\/1978"}],"wp:attachment":[{"href":"https:\/\/brigetiosport.hu\/wordpress\/wp-json\/wp\/v2\/media?parent=1967"}],"wp:term":[{"taxonomy":"category","embeddable":true,"href":"https:\/\/brigetiosport.hu\/wordpress\/wp-json\/wp\/v2\/categories?post=1967"},{"taxonomy":"post_tag","embeddable":true,"href":"https:\/\/brigetiosport.hu\/wordpress\/wp-json\/wp\/v2\/tags?post=1967"}],"curies":[{"name":"wp","href":"https:\/\/api.w.org\/{rel}","templated":true}]}}