{"id":1935,"date":"2022-05-29T10:15:53","date_gmt":"2022-05-29T09:15:53","guid":{"rendered":"http:\/\/brigetiosport.hu\/wordpress\/?p=1935"},"modified":"2022-05-29T19:53:14","modified_gmt":"2022-05-29T18:53:14","slug":"beszamlo-14-mori-karika","status":"publish","type":"post","link":"https:\/\/brigetiosport.hu\/wordpress\/2022\/05\/29\/beszamlo-14-mori-karika\/","title":{"rendered":"Besz\u00e1ml\u00f3: 14. M\u00f3ri Karika"},"content":{"rendered":"<div class=\"\" dir=\"auto\">\n<div id=\"jsc_c_1lh\" class=\"ecm0bbzt hv4rvrfc ihqw7lf3 dati1w0a\" data-ad-comet-preview=\"message\" data-ad-preview=\"message\">\n<div class=\"j83agx80 cbu4d94t ew0dbk1b irj2b8pg\">\n<div class=\"qzhwtbm6 knvmm38d\">\n<div class=\"kvgmc6g5 cxmmr5t8 oygrvhab hcukyx3x c1et5uql ii04i59q\">\n<div dir=\"auto\">\n\n\t\t<div id='gallery-1' class='gallery galleryid-1935 gallery-columns-1 gallery-size-large gal220528'><script type=\"text\/javascript\">\r\n\/\/ <![CDATA[\r\n\tjQuery(document).ready(function () {\r\n\t\tjQuery(\".gal220528 a\").attr(\"rel\",\"gal220528\");\t\r\n\t\tjQuery('a[rel=\"gal220528\"]').colorbox({maxWidth:\"95%\", maxHeight:\"95%\",title: function(){ return jQuery(this).children().attr(\"alt\"); }});\r\n\t});\r\n\/\/ ]]>\r\n<\/script>\n<figure class=\"gallery-item\">\n<div class=\"gallery-icon\">\r\n<a href=\"https:\/\/brigetiosport.hu\/wordpress\/wp-content\/uploads\/2022\/05\/2022_nagyveleg_01.jpg\" title=\"\" rel=\"gal220528\"><img loading=\"lazy\" decoding=\"async\" src=\"https:\/\/brigetiosport.hu\/wordpress\/wp-content\/uploads\/2022\/05\/2022_nagyveleg_01-768x1024.jpg\" width=\"768\" height=\"1024\" alt=\"\" \/><\/a>\r\n<\/div><\/figure>\r\n\t\t<\/div>\n\n<\/div>\n<div dir=\"auto\">M\u00e1jus utols\u00f3 h\u00e9tv\u00e9g\u00e9j\u00e9n sem telt esem\u00e9ny mentesen csapatunk sz\u00e1m\u00e1ra. Az Ac\u00e9l-Vakond Ker\u00e9kp\u00e1ros Sportegyes\u00fclet \u00e1ltal szervezett nagyvelegi versenyen \u00e1llt rajthoz dr. Madar\u00e1sz \u00c1d\u00e1m, Skuba \u00c1kos \u00e9s H\u00e9regi P\u00e9ter.<\/div>\n<div dir=\"auto\">A verseny n\u00e9gy k\u00f6rb\u0151l \u00e1llt (20 km\/k\u00f6r), ami dimbes-dombos szakaszokat is tartalmazott.<\/div>\n<div dir=\"auto\">A rajtot k\u00f6vet\u0151en r\u00f6gt\u00f6n megindultak a sz\u00f6k\u00e9si k\u00eds\u00e9rletek, ami nagy temp\u00f3t eredm\u00e9nyezett. A k\u00f6r v\u00e9g\u00e9n egy technik\u00e1s, \u00e1m nem t\u00fal j\u00f3 min\u0151s\u00e9g\u0171 lejtmenet volt, itt \u00c1d\u00e1m nem kock\u00e1ztatott, elengedte az \u00e9lmez\u0151nyt.<\/div>\n<div dir=\"auto\">Miut\u00e1n a sz\u00f6k\u00e9s kialakult, \u00c1kos \u00e9s Peti is kivette a r\u00e9sz\u00e9t a f\u0151mez\u0151nyben.<\/div>\n<div dir=\"auto\">V\u00e9gig egy\u00fctt haladtak eg\u00e9szen az utols\u00f3 emelked\u0151ig, ahol megszakadt el\u0151tt\u00fck a sor, \u00edgy 1 perc h\u00e1tr\u00e1nnyal a f\u0151mez\u0151nyh\u00f6z \u00e9rkeztek meg.<\/div>\n<div dir=\"auto\">\u00c1kos Elite2-ben megszerezte a harmadik helyet, ami id\u00e9n az els\u0151 dobog\u00f3s helyez\u00e9se is egyben.<\/div>\n<div dir=\"auto\">Peti Elite1-ben hetedik helyen, \u00c1d\u00e1m 10. helyen \u00e9rt c\u00e9lba.<\/div>\n<div dir=\"auto\">\n\n\t\t<div id='gallery-2' class='gallery galleryid-1935 gallery-columns-3 gallery-size-medium gal220528'><script type=\"text\/javascript\">\r\n\/\/ <![CDATA[\r\n\tjQuery(document).ready(function () {\r\n\t\tjQuery(\".gal220528 a\").attr(\"rel\",\"gal220528\");\t\r\n\t\tjQuery('a[rel=\"gal220528\"]').colorbox({maxWidth:\"95%\", maxHeight:\"95%\",title: function(){ return jQuery(this).children().attr(\"alt\"); }});\r\n\t});\r\n\/\/ ]]>\r\n<\/script>\n<figure class=\"gallery-item\">\n<div class=\"gallery-icon\">\r\n<a href=\"https:\/\/brigetiosport.hu\/wordpress\/wp-content\/uploads\/2022\/05\/2022_nagyveleg_02.jpg\" title=\"\" rel=\"gal220528\"><img loading=\"lazy\" decoding=\"async\" src=\"https:\/\/brigetiosport.hu\/wordpress\/wp-content\/uploads\/2022\/05\/2022_nagyveleg_02-225x300.jpg\" width=\"225\" height=\"300\" alt=\"\" \/><\/a>\r\n<\/div><\/figure><figure class=\"gallery-item\">\n<div class=\"gallery-icon\">\r\n<a href=\"https:\/\/brigetiosport.hu\/wordpress\/wp-content\/uploads\/2022\/05\/2022_nagyveleg_03.jpg\" title=\"\" rel=\"gal220528\"><img loading=\"lazy\" decoding=\"async\" src=\"https:\/\/brigetiosport.hu\/wordpress\/wp-content\/uploads\/2022\/05\/2022_nagyveleg_03-225x300.jpg\" width=\"225\" height=\"300\" alt=\"\" \/><\/a>\r\n<\/div><\/figure><figure class=\"gallery-item\">\n<div class=\"gallery-icon\">\r\n<a href=\"https:\/\/brigetiosport.hu\/wordpress\/wp-content\/uploads\/2022\/05\/2022_nagyveleg_04.jpg\" title=\"\" rel=\"gal220528\"><img loading=\"lazy\" decoding=\"async\" src=\"https:\/\/brigetiosport.hu\/wordpress\/wp-content\/uploads\/2022\/05\/2022_nagyveleg_04-225x300.jpg\" width=\"225\" height=\"300\" alt=\"\" \/><\/a>\r\n<\/div><\/figure>\r\n\t\t<\/div>\n\n<\/div>\n<\/div>\n<\/div>\n<\/div>\n<\/div>\n<\/div>\n","protected":false},"excerpt":{"rendered":"<p>M\u00e1jus utols\u00f3 h\u00e9tv\u00e9g\u00e9j\u00e9n sem telt esem\u00e9ny mentesen csapatunk sz\u00e1m\u00e1ra. Az Ac\u00e9l-Vakond Ker\u00e9kp\u00e1ros Sportegyes\u00fclet \u00e1ltal szervezett nagyvelegi versenyen \u00e1llt rajthoz dr. Madar\u00e1sz \u00c1d\u00e1m, Skuba \u00c1kos \u00e9s H\u00e9regi P\u00e9ter. A verseny n\u00e9gy k\u00f6rb\u0151l \u00e1llt (20 km\/k\u00f6r), ami dimbes-dombos szakaszokat is tartalmazott. A rajtot k\u00f6vet\u0151en r\u00f6gt\u00f6n megindultak a sz\u00f6k\u00e9si k\u00eds\u00e9rletek, ami nagy temp\u00f3t eredm\u00e9nyezett. A k\u00f6r v\u00e9g\u00e9n egy &hellip; <a href=\"https:\/\/brigetiosport.hu\/wordpress\/2022\/05\/29\/beszamlo-14-mori-karika\/\" class=\"more-link\"><span class=\"screen-reader-text\">&#8222;Besz\u00e1ml\u00f3: 14. M\u00f3ri Karika&#8221;<\/span> b\u0151vebben<\/a><\/p>\n","protected":false},"author":4,"featured_media":0,"comment_status":"closed","ping_status":"closed","sticky":false,"template":"","format":"standard","meta":{"footnotes":""},"categories":[10,3],"tags":[],"_links":{"self":[{"href":"https:\/\/brigetiosport.hu\/wordpress\/wp-json\/wp\/v2\/posts\/1935"}],"collection":[{"href":"https:\/\/brigetiosport.hu\/wordpress\/wp-json\/wp\/v2\/posts"}],"about":[{"href":"https:\/\/brigetiosport.hu\/wordpress\/wp-json\/wp\/v2\/types\/post"}],"author":[{"embeddable":true,"href":"https:\/\/brigetiosport.hu\/wordpress\/wp-json\/wp\/v2\/users\/4"}],"replies":[{"embeddable":true,"href":"https:\/\/brigetiosport.hu\/wordpress\/wp-json\/wp\/v2\/comments?post=1935"}],"version-history":[{"count":1,"href":"https:\/\/brigetiosport.hu\/wordpress\/wp-json\/wp\/v2\/posts\/1935\/revisions"}],"predecessor-version":[{"id":1940,"href":"https:\/\/brigetiosport.hu\/wordpress\/wp-json\/wp\/v2\/posts\/1935\/revisions\/1940"}],"wp:attachment":[{"href":"https:\/\/brigetiosport.hu\/wordpress\/wp-json\/wp\/v2\/media?parent=1935"}],"wp:term":[{"taxonomy":"category","embeddable":true,"href":"https:\/\/brigetiosport.hu\/wordpress\/wp-json\/wp\/v2\/categories?post=1935"},{"taxonomy":"post_tag","embeddable":true,"href":"https:\/\/brigetiosport.hu\/wordpress\/wp-json\/wp\/v2\/tags?post=1935"}],"curies":[{"name":"wp","href":"https:\/\/api.w.org\/{rel}","templated":true}]}}