{"id":1932,"date":"2022-05-26T21:39:22","date_gmt":"2022-05-26T20:39:22","guid":{"rendered":"http:\/\/brigetiosport.hu\/wordpress\/?p=1932"},"modified":"2022-05-29T19:39:46","modified_gmt":"2022-05-29T18:39:46","slug":"beszamolo-seredmaraton","status":"publish","type":"post","link":"https:\/\/brigetiosport.hu\/wordpress\/2022\/05\/26\/beszamolo-seredmaraton\/","title":{"rendered":"Besz\u00e1mol\u00f3: Seredmaraton"},"content":{"rendered":"<div class=\"\" dir=\"auto\">\n<div id=\"jsc_c_1m3\" class=\"ecm0bbzt hv4rvrfc ihqw7lf3 dati1w0a\" data-ad-comet-preview=\"message\" data-ad-preview=\"message\">\n<div class=\"j83agx80 cbu4d94t ew0dbk1b irj2b8pg\">\n<div class=\"qzhwtbm6 knvmm38d\">\n<div class=\"kvgmc6g5 cxmmr5t8 oygrvhab hcukyx3x c1et5uql ii04i59q\">\n<div dir=\"auto\">\n\n\t\t<div id='gallery-1' class='gallery galleryid-1932 gallery-columns-1 gallery-size-large gal220522'><script type=\"text\/javascript\">\r\n\/\/ <![CDATA[\r\n\tjQuery(document).ready(function () {\r\n\t\tjQuery(\".gal220522 a\").attr(\"rel\",\"gal220522\");\t\r\n\t\tjQuery('a[rel=\"gal220522\"]').colorbox({maxWidth:\"95%\", maxHeight:\"95%\",title: function(){ return jQuery(this).children().attr(\"alt\"); }});\r\n\t});\r\n\/\/ ]]>\r\n<\/script>\n<figure class=\"gallery-item\">\n<div class=\"gallery-icon\">\r\n<a href=\"https:\/\/brigetiosport.hu\/wordpress\/wp-content\/uploads\/2022\/05\/2022_seredmaraton.jpg\" title=\"\" rel=\"gal220522\"><img loading=\"lazy\" decoding=\"async\" src=\"https:\/\/brigetiosport.hu\/wordpress\/wp-content\/uploads\/2022\/05\/2022_seredmaraton-1024x768.jpg\" width=\"840\" height=\"630\" alt=\"\" \/><\/a>\r\n<\/div><\/figure>\r\n\t\t<\/div>\n\n<\/div>\n<div dir=\"auto\">M\u00e1jus 22-\u00e9n, vas\u00e1rnap ker\u00fclt megrendez\u00e9sre Szlov\u00e1ki\u00e1ban Sered telep\u00fcl\u00e9s\u00e9n a 2022-es Seredmaraton. A verseny egy dimbes-dombos 130km-es etap volt amit k\u00fcl\u00f6n\u00f6sen neh\u00e9zz\u00e9 tett az aznapi er\u0151s, n\u00e9hol ork\u00e1n erej\u0171 sz\u00e9l. Csapatunkat 3 f\u0151 &#8211; dr. Madar\u00e1sz \u00c1d\u00e1m, Skuba \u00c1kos \u00e9s H\u00e9regi P\u00e9ter &#8211; k\u00e9pviselte.<\/div>\n<div dir=\"auto\">A fi\u00fak a verseny kezdeti szakasz\u00e1ban a mez\u0151ny k\u00f6zep\u00e9n haladtak, \u00e1m t\u00f6bb kisebb buk\u00e1s ut\u00e1n meg-meg szakadt a sor el\u0151tt\u00fck. Ezt \u00c1d\u00e1m b\u00e1nta a legjobban, hiszen el\u0151tte t\u00f6rt\u00e9nt egy kisebb buk\u00e1s, \u00e9s a sor annyira megny\u00falt, hogy elvesz\u00edtette a kontaktot az els\u0151 csoporttal.<\/div>\n<div dir=\"auto\">\u00c1kos \u00e9s Peti egym\u00e1shoz k\u00f6zel helyezkedtek az \u00e9lmez\u0151nyben, a h\u00e1rom hosszabb dombot is megfelel\u0151 helyen teljes\u00edtett\u00e9k, \u00edgy eg\u00e9szen a 120. km-ig a f\u0151mez\u0151nnyel haladtak. Itt sajnos el\u0151tt\u00fck is megszakadt a sor az utols\u00f3 emelked\u0151n, \u00edgy a f\u0151mez\u0151nyh\u00f6z k\u00e9pest 3 perc h\u00e1tr\u00e1nnyal \u00e9rtek c\u00e9lba.<\/div>\n<div dir=\"auto\">A 130 km-t 1000 m\u00e9ter szintk\u00fcl\u00f6nbs\u00e9ggel 41-es \u00e1tlaggal teljes\u00edtett\u00e9k.<\/div>\n<div dir=\"auto\">Elite1 kateg\u00f3ri\u00e1ban Peti 18. helyen, \u00c1d\u00e1m a 28. helyen, m\u00edg \u00c1kos Elite2-ben a 25. helyen v\u00e9gzett.<\/div>\n<\/div>\n<\/div>\n<\/div>\n<\/div>\n<\/div>\n","protected":false},"excerpt":{"rendered":"<p>M\u00e1jus 22-\u00e9n, vas\u00e1rnap ker\u00fclt megrendez\u00e9sre Szlov\u00e1ki\u00e1ban Sered telep\u00fcl\u00e9s\u00e9n a 2022-es Seredmaraton. A verseny egy dimbes-dombos 130km-es etap volt amit k\u00fcl\u00f6n\u00f6sen neh\u00e9zz\u00e9 tett az aznapi er\u0151s, n\u00e9hol ork\u00e1n erej\u0171 sz\u00e9l. Csapatunkat 3 f\u0151 &#8211; dr. Madar\u00e1sz \u00c1d\u00e1m, Skuba \u00c1kos \u00e9s H\u00e9regi P\u00e9ter &#8211; k\u00e9pviselte. A fi\u00fak a verseny kezdeti szakasz\u00e1ban a mez\u0151ny k\u00f6zep\u00e9n haladtak, \u00e1m t\u00f6bb &hellip; <a href=\"https:\/\/brigetiosport.hu\/wordpress\/2022\/05\/26\/beszamolo-seredmaraton\/\" class=\"more-link\"><span class=\"screen-reader-text\">&#8222;Besz\u00e1mol\u00f3: Seredmaraton&#8221;<\/span> b\u0151vebben<\/a><\/p>\n","protected":false},"author":4,"featured_media":0,"comment_status":"closed","ping_status":"closed","sticky":false,"template":"","format":"standard","meta":{"footnotes":""},"categories":[10,3],"tags":[],"_links":{"self":[{"href":"https:\/\/brigetiosport.hu\/wordpress\/wp-json\/wp\/v2\/posts\/1932"}],"collection":[{"href":"https:\/\/brigetiosport.hu\/wordpress\/wp-json\/wp\/v2\/posts"}],"about":[{"href":"https:\/\/brigetiosport.hu\/wordpress\/wp-json\/wp\/v2\/types\/post"}],"author":[{"embeddable":true,"href":"https:\/\/brigetiosport.hu\/wordpress\/wp-json\/wp\/v2\/users\/4"}],"replies":[{"embeddable":true,"href":"https:\/\/brigetiosport.hu\/wordpress\/wp-json\/wp\/v2\/comments?post=1932"}],"version-history":[{"count":1,"href":"https:\/\/brigetiosport.hu\/wordpress\/wp-json\/wp\/v2\/posts\/1932\/revisions"}],"predecessor-version":[{"id":1934,"href":"https:\/\/brigetiosport.hu\/wordpress\/wp-json\/wp\/v2\/posts\/1932\/revisions\/1934"}],"wp:attachment":[{"href":"https:\/\/brigetiosport.hu\/wordpress\/wp-json\/wp\/v2\/media?parent=1932"}],"wp:term":[{"taxonomy":"category","embeddable":true,"href":"https:\/\/brigetiosport.hu\/wordpress\/wp-json\/wp\/v2\/categories?post=1932"},{"taxonomy":"post_tag","embeddable":true,"href":"https:\/\/brigetiosport.hu\/wordpress\/wp-json\/wp\/v2\/tags?post=1932"}],"curies":[{"name":"wp","href":"https:\/\/api.w.org\/{rel}","templated":true}]}}