{"id":1900,"date":"2022-04-03T17:45:33","date_gmt":"2022-04-03T16:45:33","guid":{"rendered":"http:\/\/brigetiosport.hu\/wordpress\/?p=1900"},"modified":"2022-05-18T17:45:55","modified_gmt":"2022-05-18T16:45:55","slug":"beszamolo-kerekvar-bekas-idofutam","status":"publish","type":"post","link":"https:\/\/brigetiosport.hu\/wordpress\/2022\/04\/03\/beszamolo-kerekvar-bekas-idofutam\/","title":{"rendered":"Besz\u00e1mol\u00f3: Ker\u00e9kv\u00e1r-B\u00e9k\u00e1s Id\u0151futam"},"content":{"rendered":"<div class=\"\" dir=\"auto\">\n<div id=\"jsc_c_fd\" class=\"ecm0bbzt hv4rvrfc ihqw7lf3 dati1w0a\" data-ad-comet-preview=\"message\" data-ad-preview=\"message\">\n<div class=\"j83agx80 cbu4d94t ew0dbk1b irj2b8pg\">\n<div class=\"qzhwtbm6 knvmm38d\">\n<div class=\"kvgmc6g5 cxmmr5t8 oygrvhab hcukyx3x c1et5uql ii04i59q\">\n<div dir=\"auto\">Tegnap igaz\u00e1n h\u0171v\u00f6s, szeles id\u0151ben vette kezdet\u00e9t a 2022. \u00e9vi Magyar Ker\u00e9kp\u00e1ros Amat\u0151r Bajnoks\u00e1g, melynek els\u0151 fordul\u00f3ja a Ker\u00e9kv\u00e1r-B\u00e9k\u00e1s Id\u0151futam volt.<\/div>\n<\/div>\n<div class=\"cxmmr5t8 oygrvhab hcukyx3x c1et5uql o9v6fnle ii04i59q\">\n<div dir=\"auto\">A 18 km-es egyenk\u00e9nti ind\u00edt\u00e1s\u00fa id\u0151futam versenyen Senior2 korcsoportban egyes\u00fclet\u00fcnket k\u00e9pviselve Le\u00e1nyv\u00e1ri J\u00f3zsef az 5., m\u00edg Csintalan Mikl\u00f3s 6. helyez\u00e9st \u00e9rte el. A n\u0151k verseny\u00e9ben Tehel Zsuzsanna az 5. helyez\u00e9st \u00e9rte el.<\/div>\n<\/div>\n<div class=\"cxmmr5t8 oygrvhab hcukyx3x c1et5uql o9v6fnle ii04i59q\">\n<div dir=\"auto\">Az AKESZ k\u00f6vetkez\u0151 fordul\u00f3ja \u00e1prilis 10-\u00e9n a Stop Cukr\u00e1szda Id\u0151futammal folytat\u00f3dik.<\/div>\n<\/div>\n<\/div>\n<div dir=\"auto\">\n\n\t\t<div id='gallery-1' class='gallery galleryid-1900 gallery-columns-2 gallery-size-medium gal220403'><script type=\"text\/javascript\">\r\n\/\/ <![CDATA[\r\n\tjQuery(document).ready(function () {\r\n\t\tjQuery(\".gal220403 a\").attr(\"rel\",\"gal220403\");\t\r\n\t\tjQuery('a[rel=\"gal220403\"]').colorbox({maxWidth:\"95%\", maxHeight:\"95%\",title: function(){ return jQuery(this).children().attr(\"alt\"); }});\r\n\t});\r\n\/\/ ]]>\r\n<\/script>\n<figure class=\"gallery-item\">\n<div class=\"gallery-icon\">\r\n<a href=\"https:\/\/brigetiosport.hu\/wordpress\/wp-content\/uploads\/2022\/05\/2022_kerekvar_bekas_if_01.jpg\" title=\"\" rel=\"gal220403\"><img loading=\"lazy\" decoding=\"async\" src=\"https:\/\/brigetiosport.hu\/wordpress\/wp-content\/uploads\/2022\/05\/2022_kerekvar_bekas_if_01-224x300.jpg\" width=\"224\" height=\"300\" alt=\"\" \/><\/a>\r\n<\/div><\/figure><figure class=\"gallery-item\">\n<div class=\"gallery-icon\">\r\n<a href=\"https:\/\/brigetiosport.hu\/wordpress\/wp-content\/uploads\/2022\/05\/2022_kerekvar_bekas_if_02.jpg\" title=\"\" rel=\"gal220403\"><img loading=\"lazy\" decoding=\"async\" src=\"https:\/\/brigetiosport.hu\/wordpress\/wp-content\/uploads\/2022\/05\/2022_kerekvar_bekas_if_02-138x300.jpg\" width=\"138\" height=\"300\" alt=\"\" \/><\/a>\r\n<\/div><\/figure>\r\n\t\t<\/div>\n\n<\/div>\n<\/div>\n<\/div>\n<\/div>\n","protected":false},"excerpt":{"rendered":"<p>Tegnap igaz\u00e1n h\u0171v\u00f6s, szeles id\u0151ben vette kezdet\u00e9t a 2022. \u00e9vi Magyar Ker\u00e9kp\u00e1ros Amat\u0151r Bajnoks\u00e1g, melynek els\u0151 fordul\u00f3ja a Ker\u00e9kv\u00e1r-B\u00e9k\u00e1s Id\u0151futam volt. A 18 km-es egyenk\u00e9nti ind\u00edt\u00e1s\u00fa id\u0151futam versenyen Senior2 korcsoportban egyes\u00fclet\u00fcnket k\u00e9pviselve Le\u00e1nyv\u00e1ri J\u00f3zsef az 5., m\u00edg Csintalan Mikl\u00f3s 6. helyez\u00e9st \u00e9rte el. A n\u0151k verseny\u00e9ben Tehel Zsuzsanna az 5. helyez\u00e9st \u00e9rte el. Az AKESZ &hellip; <a href=\"https:\/\/brigetiosport.hu\/wordpress\/2022\/04\/03\/beszamolo-kerekvar-bekas-idofutam\/\" class=\"more-link\"><span class=\"screen-reader-text\">&#8222;Besz\u00e1mol\u00f3: Ker\u00e9kv\u00e1r-B\u00e9k\u00e1s Id\u0151futam&#8221;<\/span> b\u0151vebben<\/a><\/p>\n","protected":false},"author":3,"featured_media":0,"comment_status":"closed","ping_status":"closed","sticky":false,"template":"","format":"standard","meta":{"footnotes":""},"categories":[10,6],"tags":[],"_links":{"self":[{"href":"https:\/\/brigetiosport.hu\/wordpress\/wp-json\/wp\/v2\/posts\/1900"}],"collection":[{"href":"https:\/\/brigetiosport.hu\/wordpress\/wp-json\/wp\/v2\/posts"}],"about":[{"href":"https:\/\/brigetiosport.hu\/wordpress\/wp-json\/wp\/v2\/types\/post"}],"author":[{"embeddable":true,"href":"https:\/\/brigetiosport.hu\/wordpress\/wp-json\/wp\/v2\/users\/3"}],"replies":[{"embeddable":true,"href":"https:\/\/brigetiosport.hu\/wordpress\/wp-json\/wp\/v2\/comments?post=1900"}],"version-history":[{"count":1,"href":"https:\/\/brigetiosport.hu\/wordpress\/wp-json\/wp\/v2\/posts\/1900\/revisions"}],"predecessor-version":[{"id":1903,"href":"https:\/\/brigetiosport.hu\/wordpress\/wp-json\/wp\/v2\/posts\/1900\/revisions\/1903"}],"wp:attachment":[{"href":"https:\/\/brigetiosport.hu\/wordpress\/wp-json\/wp\/v2\/media?parent=1900"}],"wp:term":[{"taxonomy":"category","embeddable":true,"href":"https:\/\/brigetiosport.hu\/wordpress\/wp-json\/wp\/v2\/categories?post=1900"},{"taxonomy":"post_tag","embeddable":true,"href":"https:\/\/brigetiosport.hu\/wordpress\/wp-json\/wp\/v2\/tags?post=1900"}],"curies":[{"name":"wp","href":"https:\/\/api.w.org\/{rel}","templated":true}]}}