{"id":1897,"date":"2022-03-29T23:38:57","date_gmt":"2022-03-29T22:38:57","guid":{"rendered":"http:\/\/brigetiosport.hu\/wordpress\/?p=1897"},"modified":"2022-05-18T17:39:40","modified_gmt":"2022-05-18T16:39:40","slug":"beszamolo-sajo-peter-emlekverseny","status":"publish","type":"post","link":"https:\/\/brigetiosport.hu\/wordpress\/2022\/03\/29\/beszamolo-sajo-peter-emlekverseny\/","title":{"rendered":"Besz\u00e1mol\u00f3: Saj\u00f3 P\u00e9ter Eml\u00e9kverseny"},"content":{"rendered":"<div class=\"\" dir=\"auto\">\n<div id=\"jsc_c_fw\" class=\"ecm0bbzt hv4rvrfc ihqw7lf3 dati1w0a\" data-ad-comet-preview=\"message\" data-ad-preview=\"message\">\n<div class=\"j83agx80 cbu4d94t ew0dbk1b irj2b8pg\">\n<div class=\"qzhwtbm6 knvmm38d\">\n<div class=\"kvgmc6g5 cxmmr5t8 oygrvhab hcukyx3x c1et5uql ii04i59q\">\n<div dir=\"auto\">Vas\u00e1rnap megkezdte csapatunk a 2022-es szezont. Az \u00e9vadnyit\u00f3 Saj\u00f3 P\u00e9ter Eml\u00e9kversenyen vett r\u00e9sz csapatunk 3 tagja.Grasz J\u00e1nos, Madar\u00e1sz \u00c1d\u00e1m \u00e9s H\u00e9regi P\u00e9ter az Amat\u0151r kateg\u00f3ri\u00e1ban indult licenc hi\u00e1ny\u00e1ban.<\/div>\n<div dir=\"auto\">A t\u00e1v 60 km volt 600 m szintk\u00fcl\u00f6nbs\u00e9ggel. Az \u00fat min\u0151s\u00e9ge t\u00f6k\u00e9letes volt \u00edgy minden adott volt egy j\u00f3 versenyhez. A rajtot k\u00f6vet\u0151en P\u00e9ter \u00e9s \u00c1d\u00e1m maradt a f\u0151mez\u0151nyben, ami 30-40 f\u0151s volt. A befut\u00f3 egy 2 km-es emelked\u0151 tetej\u00e9n volt,amely az egybe maradt mez\u0151ny miatt nagy temp\u00f3ban kezd\u0151d\u00f6tt meg. \u00c1d\u00e1m \u00e9s Peti v\u00e9gig egy\u00fctt haladtak, a c\u00e9lvonalban 2 cm v\u00e1lasztotta el \u0151ket egym\u00e1st\u00f3l. C\u00e9lfot\u00f3 alapj\u00e1n \u00c1d\u00e1m 4., Peti 5. Helyen \u00e9rt c\u00e9lba mind\u00f6ssze egy ker\u00e9knyivel lemaradva a 3.helyr\u0151l.<\/div>\n<div dir=\"auto\">Jani a t\u00e1vot egyed\u00fcl teljes\u00edtette, \u00edgy a 12. helyen \u00e9rt c\u00e9lba.<\/div>\n<div dir=\"auto\">\n\n\t\t<div id='gallery-1' class='gallery galleryid-1897 gallery-columns-1 gallery-size-medium gal220329'><script type=\"text\/javascript\">\r\n\/\/ <![CDATA[\r\n\tjQuery(document).ready(function () {\r\n\t\tjQuery(\".gal220329 a\").attr(\"rel\",\"gal220329\");\t\r\n\t\tjQuery('a[rel=\"gal220329\"]').colorbox({maxWidth:\"95%\", maxHeight:\"95%\",title: function(){ return jQuery(this).children().attr(\"alt\"); }});\r\n\t});\r\n\/\/ ]]>\r\n<\/script>\n<figure class=\"gallery-item\">\n<div class=\"gallery-icon\">\r\n<a href=\"https:\/\/brigetiosport.hu\/wordpress\/wp-content\/uploads\/2022\/05\/2022_sajopeter_emlekverseny_01.jpg\" title=\"\" rel=\"gal220329\"><img loading=\"lazy\" decoding=\"async\" src=\"https:\/\/brigetiosport.hu\/wordpress\/wp-content\/uploads\/2022\/05\/2022_sajopeter_emlekverseny_01-225x300.jpg\" width=\"225\" height=\"300\" alt=\"\" \/><\/a>\r\n<\/div><\/figure>\r\n\t\t<\/div>\n\n<\/div>\n<\/div>\n<\/div>\n<\/div>\n<\/div>\n<\/div>\n","protected":false},"excerpt":{"rendered":"<p>Vas\u00e1rnap megkezdte csapatunk a 2022-es szezont. Az \u00e9vadnyit\u00f3 Saj\u00f3 P\u00e9ter Eml\u00e9kversenyen vett r\u00e9sz csapatunk 3 tagja.Grasz J\u00e1nos, Madar\u00e1sz \u00c1d\u00e1m \u00e9s H\u00e9regi P\u00e9ter az Amat\u0151r kateg\u00f3ri\u00e1ban indult licenc hi\u00e1ny\u00e1ban. A t\u00e1v 60 km volt 600 m szintk\u00fcl\u00f6nbs\u00e9ggel. Az \u00fat min\u0151s\u00e9ge t\u00f6k\u00e9letes volt \u00edgy minden adott volt egy j\u00f3 versenyhez. A rajtot k\u00f6vet\u0151en P\u00e9ter \u00e9s \u00c1d\u00e1m maradt &hellip; <a href=\"https:\/\/brigetiosport.hu\/wordpress\/2022\/03\/29\/beszamolo-sajo-peter-emlekverseny\/\" class=\"more-link\"><span class=\"screen-reader-text\">&#8222;Besz\u00e1mol\u00f3: Saj\u00f3 P\u00e9ter Eml\u00e9kverseny&#8221;<\/span> b\u0151vebben<\/a><\/p>\n","protected":false},"author":4,"featured_media":0,"comment_status":"closed","ping_status":"closed","sticky":false,"template":"","format":"standard","meta":{"footnotes":""},"categories":[10,3],"tags":[],"_links":{"self":[{"href":"https:\/\/brigetiosport.hu\/wordpress\/wp-json\/wp\/v2\/posts\/1897"}],"collection":[{"href":"https:\/\/brigetiosport.hu\/wordpress\/wp-json\/wp\/v2\/posts"}],"about":[{"href":"https:\/\/brigetiosport.hu\/wordpress\/wp-json\/wp\/v2\/types\/post"}],"author":[{"embeddable":true,"href":"https:\/\/brigetiosport.hu\/wordpress\/wp-json\/wp\/v2\/users\/4"}],"replies":[{"embeddable":true,"href":"https:\/\/brigetiosport.hu\/wordpress\/wp-json\/wp\/v2\/comments?post=1897"}],"version-history":[{"count":1,"href":"https:\/\/brigetiosport.hu\/wordpress\/wp-json\/wp\/v2\/posts\/1897\/revisions"}],"predecessor-version":[{"id":1899,"href":"https:\/\/brigetiosport.hu\/wordpress\/wp-json\/wp\/v2\/posts\/1897\/revisions\/1899"}],"wp:attachment":[{"href":"https:\/\/brigetiosport.hu\/wordpress\/wp-json\/wp\/v2\/media?parent=1897"}],"wp:term":[{"taxonomy":"category","embeddable":true,"href":"https:\/\/brigetiosport.hu\/wordpress\/wp-json\/wp\/v2\/categories?post=1897"},{"taxonomy":"post_tag","embeddable":true,"href":"https:\/\/brigetiosport.hu\/wordpress\/wp-json\/wp\/v2\/tags?post=1897"}],"curies":[{"name":"wp","href":"https:\/\/api.w.org\/{rel}","templated":true}]}}