{"id":1886,"date":"2022-02-26T21:52:54","date_gmt":"2022-02-26T20:52:54","guid":{"rendered":"http:\/\/brigetiosport.hu\/wordpress\/?p=1886"},"modified":"2022-02-28T11:07:40","modified_gmt":"2022-02-28T10:07:40","slug":"2022-es-kozgyules-szamadas-es-tervek-az-egyesulet-munkassagarol","status":"publish","type":"post","link":"https:\/\/brigetiosport.hu\/wordpress\/2022\/02\/26\/2022-es-kozgyules-szamadas-es-tervek-az-egyesulet-munkassagarol\/","title":{"rendered":"2022-es k\u00f6zgy\u0171l\u00e9s: Sz\u00e1mad\u00e1s \u00e9s tervek az egyes\u00fclet munk\u00e1ss\u00e1g\u00e1r\u00f3l"},"content":{"rendered":"<div class=\"\" dir=\"auto\">\n<div class=\"\" dir=\"auto\">\n<div class=\"ecm0bbzt hv4rvrfc ihqw7lf3 dati1w0a\" data-ad-comet-preview=\"message\" data-ad-preview=\"message\">\n<div class=\"j83agx80 cbu4d94t ew0dbk1b irj2b8pg\">\n<div class=\"qzhwtbm6 knvmm38d\">\n<div class=\"kvgmc6g5 cxmmr5t8 oygrvhab hcukyx3x c1et5uql ii04i59q\">\n<div dir=\"auto\">\n\n\t\t<div id='gallery-1' class='gallery galleryid-1886 gallery-columns-1 gallery-size-large gal220226'><script type=\"text\/javascript\">\r\n\/\/ <![CDATA[\r\n\tjQuery(document).ready(function () {\r\n\t\tjQuery(\".gal220226 a\").attr(\"rel\",\"gal220226\");\t\r\n\t\tjQuery('a[rel=\"gal220226\"]').colorbox({maxWidth:\"95%\", maxHeight:\"95%\",title: function(){ return jQuery(this).children().attr(\"alt\"); }});\r\n\t});\r\n\/\/ ]]>\r\n<\/script>\n<figure class=\"gallery-item\">\n<div class=\"gallery-icon\">\r\n<a href=\"https:\/\/brigetiosport.hu\/wordpress\/wp-content\/uploads\/2022\/02\/20220226_kozgyules_1.jpg\" title=\"\" rel=\"gal220226\"><img loading=\"lazy\" decoding=\"async\" src=\"https:\/\/brigetiosport.hu\/wordpress\/wp-content\/uploads\/2022\/02\/20220226_kozgyules_1-1024x768.jpg\" width=\"840\" height=\"630\" alt=\"\" \/><\/a>\r\n<\/div><\/figure>\r\n\t\t<\/div>\n\n<\/div>\n<div dir=\"auto\">\n\n\t\t<div id='gallery-2' class='gallery galleryid-1886 gallery-columns-3 gallery-size-medium gal220226'><script type=\"text\/javascript\">\r\n\/\/ <![CDATA[\r\n\tjQuery(document).ready(function () {\r\n\t\tjQuery(\".gal220226 a\").attr(\"rel\",\"gal220226\");\t\r\n\t\tjQuery('a[rel=\"gal220226\"]').colorbox({maxWidth:\"95%\", maxHeight:\"95%\",title: function(){ return jQuery(this).children().attr(\"alt\"); }});\r\n\t});\r\n\/\/ ]]>\r\n<\/script>\n<figure class=\"gallery-item\">\n<div class=\"gallery-icon\">\r\n<a href=\"https:\/\/brigetiosport.hu\/wordpress\/wp-content\/uploads\/2022\/02\/20220226_kozgyules_2.jpg\" title=\"\" rel=\"gal220226\"><img loading=\"lazy\" decoding=\"async\" src=\"https:\/\/brigetiosport.hu\/wordpress\/wp-content\/uploads\/2022\/02\/20220226_kozgyules_2-300x224.jpg\" width=\"300\" height=\"224\" alt=\"\" \/><\/a>\r\n<\/div><\/figure><figure class=\"gallery-item\">\n<div class=\"gallery-icon\">\r\n<a href=\"https:\/\/brigetiosport.hu\/wordpress\/wp-content\/uploads\/2022\/02\/20220226_kozgyules_3.jpg\" title=\"\" rel=\"gal220226\"><img loading=\"lazy\" decoding=\"async\" src=\"https:\/\/brigetiosport.hu\/wordpress\/wp-content\/uploads\/2022\/02\/20220226_kozgyules_3-300x225.jpg\" width=\"300\" height=\"225\" alt=\"\" \/><\/a>\r\n<\/div><\/figure><figure class=\"gallery-item\">\n<div class=\"gallery-icon\">\r\n<a href=\"https:\/\/brigetiosport.hu\/wordpress\/wp-content\/uploads\/2022\/02\/20220226_kozgyules_4.jpg\" title=\"\" rel=\"gal220226\"><img loading=\"lazy\" decoding=\"async\" src=\"https:\/\/brigetiosport.hu\/wordpress\/wp-content\/uploads\/2022\/02\/20220226_kozgyules_4-272x300.jpg\" width=\"272\" height=\"300\" alt=\"\" \/><\/a>\r\n<\/div><\/figure>\r\n\t\t<\/div>\n\n<\/div>\n<div dir=\"auto\">A mai napon igen impoz\u00e1ns k\u00f6rnyezetben, a Monostori Er\u0151d falai k\u00f6z\u00f6tt tartottuk \u00e9vnyit\u00f3 K\u00f6zgy\u0171l\u00e9s\u00fcnket, ahol sz\u00e1mos fontos dologr\u00f3l d\u00f6nt\u00f6ttek tagjaink.<\/div>\n<\/div>\n<div class=\"cxmmr5t8 oygrvhab hcukyx3x c1et5uql o9v6fnle ii04i59q\">\n<div dir=\"auto\">Az els\u0151 napirendi pontban Gregor Zolt\u00e1n eln\u00f6k besz\u00e1molt az egyes\u00fclet 2020-2021 \u00e9v tev\u00e9kenys\u00e9g\u00e9r\u0151l, majd a m\u00e1sodik napirendi pontban Tapsonyi S\u00e1ndor gazdas\u00e1gi vezet\u0151 sz\u00e1mviteli besz\u00e1mol\u00f3j\u00e1t fogadta el a K\u00f6zgy\u0171l\u00e9s.<\/div>\n<\/div>\n<div class=\"cxmmr5t8 oygrvhab hcukyx3x c1et5uql o9v6fnle ii04i59q\">\n<div dir=\"auto\">A harmadik napirendi pontban tiszt\u00faj\u00edt\u00e1s k\u00f6vetkezett. 2 \u00e9v id\u0151tartamra a Brigetio Ker\u00e9kp\u00e1ros Sportegyes\u00fclet eln\u00f6k\u00e9nek Gregor Zolt\u00e1nt, aleln\u00f6k\u00e9nek H\u00e9regi P\u00e9tert, gazdas\u00e1gi vezet\u0151nek Tapsonyi S\u00e1ndort, eln\u00f6ks\u00e9gi tagoknak ifj. H\u00e9regi P\u00e9tert \u00e9s Ag\u00f3cs G\u00e1bort v\u00e1lasztotta meg a K\u00f6zgy\u0171l\u00e9s.<\/div>\n<\/div>\n<div class=\"cxmmr5t8 oygrvhab hcukyx3x c1et5uql o9v6fnle ii04i59q\">\n<div dir=\"auto\">A negyedik napirendi pontban k\u00f6z\u00f6s v\u00e1llal\u00e1st tett\u00fcnk arra, hogy megszervezz\u00fck hagyom\u00e1nyos rendezv\u00e9nyeinket, a VIII. Brigetio Orsz\u00e1g\u00fati Mez\u0151nyversenyt \u00e9s a VI. Brigetio Id\u0151futamot. A kresz, sport -\u00e9s eg\u00e9szs\u00e9gre nevel\u00e9s c\u00e9lj\u00e1b\u00f3l a Kom\u00e1romi Napokon, a v\u00e1rosi Aut\u00f3mentes Napon \u00fcgyess\u00e9gi p\u00e1ly\u00e1val k\u00e9sz\u00fcl\u00fcnk a gyermekeknek. 2022-ben fontos hangs\u00falyt fektet\u00fcnk k\u00f6z\u00f6ss\u00e9g\u00fcnk \u00e9p\u00edt\u00e9s\u00e9re, ez\u00e9rt ny\u00edlt alapoz\u00f3 edz\u00e9seket, edz\u0151t\u00e1borokat, egyes\u00fcleti napokat szervez\u00fcnk tagjainknak, valamint t\u00e1mogatni k\u00edv\u00e1njuk az amat\u0151r versenysportot is.<\/div>\n<\/div>\n<div class=\"cxmmr5t8 oygrvhab hcukyx3x c1et5uql o9v6fnle ii04i59q\">\n<div dir=\"auto\">Az \u00f6t\u00f6dik napirendi pontban a tagd\u00edjak m\u00e9rt\u00e9k\u00e9r\u0151l d\u00f6nt\u00f6tt a K\u00f6zgy\u0171l\u00e9s. A hatodik napirendi pontban az \u00e9ves k\u00f6lts\u00e9gvet\u00e9st vitattuk meg.<\/div>\n<\/div>\n<div class=\"cxmmr5t8 oygrvhab hcukyx3x c1et5uql o9v6fnle ii04i59q\">\n<div dir=\"auto\">A hagyom\u00e1nyoknak megfelel\u0151en egyes\u00fclet\u00fcnk eln\u00f6ks\u00e9ge oda\u00edt\u00e9lte az &#8222;\u00c9v ker\u00e9kp\u00e1rosa&#8221; d\u00edjat, melyet az a tagunk kap meg, aki versenyz\u00e9si aktivit\u00e1s\u00e1val, k\u00f6z\u00f6ss\u00e9gi munk\u00e1j\u00e1val \u00e9s szorgalm\u00e1val p\u00e9ldamutat\u00f3an j\u00e1r el. Az &#8222;\u00c9V ker\u00e9kp\u00e1rosa&#8221; d\u00edjat 2021-ben Fa\u00edl Bogl\u00e1rka nyerte el, melyhez ez\u00faton is gratul\u00e1lunk!<\/div>\n<\/div>\n<div class=\"cxmmr5t8 oygrvhab hcukyx3x c1et5uql o9v6fnle ii04i59q\">\n<div dir=\"auto\">A K\u00f6zgy\u0171l\u00e9st vacsor\u00e1val \u00e9s az idei \u00e9vi edz\u0151t\u00e1borok ismertet\u00e9s\u00e9vel z\u00e1rtuk! Mindenkinek \u00e9lm\u00e9nyekben gazdag 2022-as szezont k\u00edv\u00e1n a Brigetio Ker\u00e9kp\u00e1ros Sportegyes\u00fclet!<\/div>\n<\/div>\n<div class=\"cxmmr5t8 oygrvhab hcukyx3x c1et5uql o9v6fnle ii04i59q\">\n<div dir=\"auto\">A vacsor\u00e1t k\u00f6sz\u00f6nj\u00fck Ag\u00f3cs G\u00e1bornak, V\u00f6r\u00f6s Gerg\u0151nek \u00e9s az <a class=\"oajrlxb2 g5ia77u1 qu0x051f esr5mh6w e9989ue4 r7d6kgcz rq0escxv nhd2j8a9 nc684nl6 p7hjln8o kvgmc6g5 cxmmr5t8 oygrvhab hcukyx3x jb3vyjys rz4wbd8a qt6c0cv9 a8nywdso i1ao9s8h esuyzwwr f1sip0of lzcic4wl gpro0wi8 q66pz984 b1v8xokw\" tabindex=\"0\" href=\"https:\/\/www.facebook.com\/IREKS.STAMAG.Kft\/?__cft__[0]=AZVU3AK_8vUWSpVyooAfSegkPocdQ5xp0lYrpTGScEHVwMukhCO9xYespcoefw4QcROngp4guLnoieDnOoKmWBLEy9ro6X7ijbZ2ozYyW0LiTVvFaj2c2EpS5j4lc5Iwl8oUpcVhIyfKWu-RdWUpEZcEewuy08iRRAHZfbxXuoW3rA&amp;__tn__=kK-y-R\" target=\"_blank\" rel=\"noopener noreferrer\"><span class=\"nc684nl6\">IREKS-STAMAG Kft.<\/span><\/a>-nek!<\/div>\n<\/div>\n<\/div>\n<\/div>\n<\/div>\n<\/div>\n<\/div>\n","protected":false},"excerpt":{"rendered":"<p>A mai napon igen impoz\u00e1ns k\u00f6rnyezetben, a Monostori Er\u0151d falai k\u00f6z\u00f6tt tartottuk \u00e9vnyit\u00f3 K\u00f6zgy\u0171l\u00e9s\u00fcnket, ahol sz\u00e1mos fontos dologr\u00f3l d\u00f6nt\u00f6ttek tagjaink. Az els\u0151 napirendi pontban Gregor Zolt\u00e1n eln\u00f6k besz\u00e1molt az egyes\u00fclet 2020-2021 \u00e9v tev\u00e9kenys\u00e9g\u00e9r\u0151l, majd a m\u00e1sodik napirendi pontban Tapsonyi S\u00e1ndor gazdas\u00e1gi vezet\u0151 sz\u00e1mviteli besz\u00e1mol\u00f3j\u00e1t fogadta el a K\u00f6zgy\u0171l\u00e9s. A harmadik napirendi pontban tiszt\u00faj\u00edt\u00e1s k\u00f6vetkezett. 2 &hellip; <a href=\"https:\/\/brigetiosport.hu\/wordpress\/2022\/02\/26\/2022-es-kozgyules-szamadas-es-tervek-az-egyesulet-munkassagarol\/\" class=\"more-link\"><span class=\"screen-reader-text\">&#8222;2022-es k\u00f6zgy\u0171l\u00e9s: Sz\u00e1mad\u00e1s \u00e9s tervek az egyes\u00fclet munk\u00e1ss\u00e1g\u00e1r\u00f3l&#8221;<\/span> b\u0151vebben<\/a><\/p>\n","protected":false},"author":1,"featured_media":0,"comment_status":"closed","ping_status":"closed","sticky":false,"template":"","format":"standard","meta":{"footnotes":""},"categories":[10],"tags":[],"_links":{"self":[{"href":"https:\/\/brigetiosport.hu\/wordpress\/wp-json\/wp\/v2\/posts\/1886"}],"collection":[{"href":"https:\/\/brigetiosport.hu\/wordpress\/wp-json\/wp\/v2\/posts"}],"about":[{"href":"https:\/\/brigetiosport.hu\/wordpress\/wp-json\/wp\/v2\/types\/post"}],"author":[{"embeddable":true,"href":"https:\/\/brigetiosport.hu\/wordpress\/wp-json\/wp\/v2\/users\/1"}],"replies":[{"embeddable":true,"href":"https:\/\/brigetiosport.hu\/wordpress\/wp-json\/wp\/v2\/comments?post=1886"}],"version-history":[{"count":5,"href":"https:\/\/brigetiosport.hu\/wordpress\/wp-json\/wp\/v2\/posts\/1886\/revisions"}],"predecessor-version":[{"id":1895,"href":"https:\/\/brigetiosport.hu\/wordpress\/wp-json\/wp\/v2\/posts\/1886\/revisions\/1895"}],"wp:attachment":[{"href":"https:\/\/brigetiosport.hu\/wordpress\/wp-json\/wp\/v2\/media?parent=1886"}],"wp:term":[{"taxonomy":"category","embeddable":true,"href":"https:\/\/brigetiosport.hu\/wordpress\/wp-json\/wp\/v2\/categories?post=1886"},{"taxonomy":"post_tag","embeddable":true,"href":"https:\/\/brigetiosport.hu\/wordpress\/wp-json\/wp\/v2\/tags?post=1886"}],"curies":[{"name":"wp","href":"https:\/\/api.w.org\/{rel}","templated":true}]}}