{"id":1817,"date":"2021-09-03T10:26:00","date_gmt":"2021-09-03T09:26:00","guid":{"rendered":"http:\/\/brigetiosport.hu\/wordpress\/?p=1817"},"modified":"2021-09-30T20:33:00","modified_gmt":"2021-09-30T19:33:00","slug":"v-brigetio-orszaguti-idofutam-versenykiiras","status":"publish","type":"post","link":"https:\/\/brigetiosport.hu\/wordpress\/2021\/09\/03\/v-brigetio-orszaguti-idofutam-versenykiiras\/","title":{"rendered":"V. Brigetio Orsz\u00e1g\u00fati Id\u0151futam: versenyki\u00edr\u00e1s"},"content":{"rendered":"\n\t\t<div id='gallery-1' class='gallery galleryid-1817 gallery-columns-1 gallery-size-large gal010903'><script type=\"text\/javascript\">\r\n\/\/ <![CDATA[\r\n\tjQuery(document).ready(function () {\r\n\t\tjQuery(\".gal010903 a\").attr(\"rel\",\"gal010903\");\t\r\n\t\tjQuery('a[rel=\"gal010903\"]').colorbox({maxWidth:\"95%\", maxHeight:\"95%\",title: function(){ return jQuery(this).children().attr(\"alt\"); }});\r\n\t});\r\n\/\/ ]]>\r\n<\/script>\n<figure class=\"gallery-item\">\n<div class=\"gallery-icon\">\r\n<a href=\"https:\/\/brigetiosport.hu\/wordpress\/wp-content\/uploads\/2021\/09\/2021_brigetio_idofutam.jpg\" title=\"\" rel=\"gal010903\"><img loading=\"lazy\" decoding=\"async\" src=\"https:\/\/brigetiosport.hu\/wordpress\/wp-content\/uploads\/2021\/09\/2021_brigetio_idofutam-1024x685.jpg\" width=\"840\" height=\"562\" alt=\"\" \/><\/a>\r\n<\/div><\/figure>\r\n\t\t<\/div>\n\n<p>\u00d6r\u00f6mmel jelentj\u00fck, hogy imm\u00e1r el\u00e9rhet\u0151v\u00e9 v\u00e1lt az V. Brigetio Orsz\u00e1g\u00fati Id\u0151futam versenyki\u00edr\u00e1sa, melyet 2021. okt\u00f3ber 03-\u00e1n (vas\u00e1rnap) tartunk.<\/p>\n<p><strong>Versenyki\u00edr\u00e1s:<\/strong> <a href=\"https:\/\/brigetiosport.hu\/wordpress\/v-brigetio-orszaguti-idofutam\/\">LINK<\/a><\/p>\n<p><strong>El\u0151nevez\u00e9s:<\/strong> <a href=\"https:\/\/sportorigo.com\" target=\"_blank\" rel=\"noopener noreferrer\">Sportorigo<\/a><\/p>\n<p><strong>Rajtlista\/Eredm\u00e9nylista (verseny alatt friss\u00fcl):<\/strong> <a href=\"https:\/\/sportorigo.com\/HU\/5\/Rajtlistak-Eredmenyek\/208\/V-Brigetio-idofutam-Amator-Kupa-5proba\/?vsz_id=873\" target=\"_blank\" rel=\"noopener noreferrer\">LINK<\/a><\/p>\n","protected":false},"excerpt":{"rendered":"<p>\u00d6r\u00f6mmel jelentj\u00fck, hogy imm\u00e1r el\u00e9rhet\u0151v\u00e9 v\u00e1lt az V. Brigetio Orsz\u00e1g\u00fati Id\u0151futam versenyki\u00edr\u00e1sa, melyet 2021. okt\u00f3ber 03-\u00e1n (vas\u00e1rnap) tartunk. Versenyki\u00edr\u00e1s: LINK El\u0151nevez\u00e9s: Sportorigo Rajtlista\/Eredm\u00e9nylista (verseny alatt friss\u00fcl): LINK<\/p>\n","protected":false},"author":1,"featured_media":0,"comment_status":"closed","ping_status":"closed","sticky":false,"template":"","format":"standard","meta":{"footnotes":""},"categories":[6,4],"tags":[],"_links":{"self":[{"href":"https:\/\/brigetiosport.hu\/wordpress\/wp-json\/wp\/v2\/posts\/1817"}],"collection":[{"href":"https:\/\/brigetiosport.hu\/wordpress\/wp-json\/wp\/v2\/posts"}],"about":[{"href":"https:\/\/brigetiosport.hu\/wordpress\/wp-json\/wp\/v2\/types\/post"}],"author":[{"embeddable":true,"href":"https:\/\/brigetiosport.hu\/wordpress\/wp-json\/wp\/v2\/users\/1"}],"replies":[{"embeddable":true,"href":"https:\/\/brigetiosport.hu\/wordpress\/wp-json\/wp\/v2\/comments?post=1817"}],"version-history":[{"count":3,"href":"https:\/\/brigetiosport.hu\/wordpress\/wp-json\/wp\/v2\/posts\/1817\/revisions"}],"predecessor-version":[{"id":1829,"href":"https:\/\/brigetiosport.hu\/wordpress\/wp-json\/wp\/v2\/posts\/1817\/revisions\/1829"}],"wp:attachment":[{"href":"https:\/\/brigetiosport.hu\/wordpress\/wp-json\/wp\/v2\/media?parent=1817"}],"wp:term":[{"taxonomy":"category","embeddable":true,"href":"https:\/\/brigetiosport.hu\/wordpress\/wp-json\/wp\/v2\/categories?post=1817"},{"taxonomy":"post_tag","embeddable":true,"href":"https:\/\/brigetiosport.hu\/wordpress\/wp-json\/wp\/v2\/tags?post=1817"}],"curies":[{"name":"wp","href":"https:\/\/api.w.org\/{rel}","templated":true}]}}