{"id":1757,"date":"2021-08-14T19:40:37","date_gmt":"2021-08-14T18:40:37","guid":{"rendered":"http:\/\/brigetiosport.hu\/wordpress\/?p=1757"},"modified":"2021-10-05T15:48:18","modified_gmt":"2021-10-05T14:48:18","slug":"vii-brigetio-orszaguti-mezonyverseny-beszamolo","status":"publish","type":"post","link":"https:\/\/brigetiosport.hu\/wordpress\/2021\/08\/14\/vii-brigetio-orszaguti-mezonyverseny-beszamolo\/","title":{"rendered":"VII. Brigetio Orsz\u00e1g\u00fati Mez\u0151nyverseny besz\u00e1mol\u00f3"},"content":{"rendered":"\n\t\t<div id='gallery-1' class='gallery galleryid-1757 gallery-columns-1 gallery-size-large gal210814'><script type=\"text\/javascript\">\r\n\/\/ <![CDATA[\r\n\tjQuery(document).ready(function () {\r\n\t\tjQuery(\".gal210814 a\").attr(\"rel\",\"gal210814\");\t\r\n\t\tjQuery('a[rel=\"gal210814\"]').colorbox({maxWidth:\"95%\", maxHeight:\"95%\",title: function(){ return jQuery(this).children().attr(\"alt\"); }});\r\n\t});\r\n\/\/ ]]>\r\n<\/script>\n<figure class=\"gallery-item\">\n<div class=\"gallery-icon\">\r\n<a href=\"https:\/\/brigetiosport.hu\/wordpress\/wp-content\/uploads\/2021\/08\/2021_7brigetio_omv_09.jpg\" title=\"\" rel=\"gal210814\"><img loading=\"lazy\" decoding=\"async\" src=\"https:\/\/brigetiosport.hu\/wordpress\/wp-content\/uploads\/2021\/08\/2021_7brigetio_omv_09-1024x682.jpg\" width=\"840\" height=\"559\" alt=\"\" \/><\/a>\r\n<\/div><\/figure>\r\n\t\t<\/div>\n\n<p><iframe loading=\"lazy\" width=\"840\" height=\"473\" src=\"https:\/\/www.youtube.com\/embed\/8rwPmKEHXgk?feature=oembed\" frameborder=\"0\" allow=\"accelerometer; autoplay; clipboard-write; encrypted-media; gyroscope; picture-in-picture\" allowfullscreen><\/iframe><\/p>\n\n\t\t<div id='gallery-2' class='gallery galleryid-1757 gallery-columns-3 gallery-size-medium gal210814'><script type=\"text\/javascript\">\r\n\/\/ <![CDATA[\r\n\tjQuery(document).ready(function () {\r\n\t\tjQuery(\".gal210814 a\").attr(\"rel\",\"gal210814\");\t\r\n\t\tjQuery('a[rel=\"gal210814\"]').colorbox({maxWidth:\"95%\", maxHeight:\"95%\",title: function(){ return jQuery(this).children().attr(\"alt\"); }});\r\n\t});\r\n\/\/ ]]>\r\n<\/script>\n<figure class=\"gallery-item\">\n<div class=\"gallery-icon\">\r\n<a href=\"https:\/\/brigetiosport.hu\/wordpress\/wp-content\/uploads\/2021\/08\/2021_7brigetio_omv_01.jpg\" title=\"\" rel=\"gal210814\"><img loading=\"lazy\" decoding=\"async\" src=\"https:\/\/brigetiosport.hu\/wordpress\/wp-content\/uploads\/2021\/08\/2021_7brigetio_omv_01-300x200.jpg\" width=\"300\" height=\"200\" alt=\"\" \/><\/a>\r\n<\/div><\/figure><figure class=\"gallery-item\">\n<div class=\"gallery-icon\">\r\n<a href=\"https:\/\/brigetiosport.hu\/wordpress\/wp-content\/uploads\/2021\/08\/2021_7brigetio_omv_02.jpg\" title=\"\" rel=\"gal210814\"><img loading=\"lazy\" decoding=\"async\" src=\"https:\/\/brigetiosport.hu\/wordpress\/wp-content\/uploads\/2021\/08\/2021_7brigetio_omv_02-300x200.jpg\" width=\"300\" height=\"200\" alt=\"\" \/><\/a>\r\n<\/div><\/figure><figure class=\"gallery-item\">\n<div class=\"gallery-icon\">\r\n<a href=\"https:\/\/brigetiosport.hu\/wordpress\/wp-content\/uploads\/2021\/08\/2021_7brigetio_omv_03.jpg\" title=\"\" rel=\"gal210814\"><img loading=\"lazy\" decoding=\"async\" src=\"https:\/\/brigetiosport.hu\/wordpress\/wp-content\/uploads\/2021\/08\/2021_7brigetio_omv_03-300x200.jpg\" width=\"300\" height=\"200\" alt=\"\" \/><\/a>\r\n<\/div><\/figure>\r\n\t\t<\/div>\n\n<p>2021.08.08-\u00e1n imm\u00e1ron 7. alkalommal rajtolt el a Brigetio Orsz\u00e1g\u00fati Mez\u0151nyverseny, aminek id\u00e9n Dunaalm\u00e1s \u00e9s Neszm\u00e9ly adott otthont. A versenyz\u0151k r\u00f6vid 31 km-es \u00e9s hossz\u00fa 92 km-es versenyt\u00e1von m\u00e9rt\u00e9k \u00f6ssze erej\u00fcket korcsoportjuknak megfelel\u0151en, a befut\u00f3 mindk\u00e9t t\u00e1v eset\u00e9ben egy 1,8 km hossz\u00fa, kem\u00e9ny emelked\u0151 v\u00e9g\u00e9n, a l\u00e1tv\u00e1ny\u00e1ban igaz\u00e1n impoz\u00e1ns Hilltop Borhotel &amp; \u00c9tteremn\u00e9l volt. A hangulatr\u00f3l Dj Hard Paul gondoskodott, aki igazi party hangulatot teremtett a hegytet\u0151n, ezzel k\u00fcl\u00f6nlegess\u00e9 t\u00e9ve verseny\u00fcnk befut\u00f3j\u00e1t.<\/p>\n<p><!--more--><\/p>\n\n\t\t<div id='gallery-3' class='gallery galleryid-1757 gallery-columns-1 gallery-size-large gal210814'><script type=\"text\/javascript\">\r\n\/\/ <![CDATA[\r\n\tjQuery(document).ready(function () {\r\n\t\tjQuery(\".gal210814 a\").attr(\"rel\",\"gal210814\");\t\r\n\t\tjQuery('a[rel=\"gal210814\"]').colorbox({maxWidth:\"95%\", maxHeight:\"95%\",title: function(){ return jQuery(this).children().attr(\"alt\"); }});\r\n\t});\r\n\/\/ ]]>\r\n<\/script>\n<figure class=\"gallery-item\">\n<div class=\"gallery-icon\">\r\n<a href=\"https:\/\/brigetiosport.hu\/wordpress\/wp-content\/uploads\/2021\/08\/2021_7brigetio_omv_08.jpg\" title=\"\" rel=\"gal210814\"><img loading=\"lazy\" decoding=\"async\" src=\"https:\/\/brigetiosport.hu\/wordpress\/wp-content\/uploads\/2021\/08\/2021_7brigetio_omv_08-1024x682.jpg\" width=\"840\" height=\"559\" alt=\"\" \/><\/a>\r\n<\/div><\/figure>\r\n\t\t<\/div>\n\n<p>&nbsp;<\/p>\n\n\t\t<div id='gallery-4' class='gallery galleryid-1757 gallery-columns-1 gallery-size-large gal210814'><script type=\"text\/javascript\">\r\n\/\/ <![CDATA[\r\n\tjQuery(document).ready(function () {\r\n\t\tjQuery(\".gal210814 a\").attr(\"rel\",\"gal210814\");\t\r\n\t\tjQuery('a[rel=\"gal210814\"]').colorbox({maxWidth:\"95%\", maxHeight:\"95%\",title: function(){ return jQuery(this).children().attr(\"alt\"); }});\r\n\t});\r\n\/\/ ]]>\r\n<\/script>\n<figure class=\"gallery-item\">\n<div class=\"gallery-icon\">\r\n<a href=\"https:\/\/brigetiosport.hu\/wordpress\/wp-content\/uploads\/2021\/08\/2021_7brigetio_omv_05.jpg\" title=\"\" rel=\"gal210814\"><img loading=\"lazy\" decoding=\"async\" src=\"https:\/\/brigetiosport.hu\/wordpress\/wp-content\/uploads\/2021\/08\/2021_7brigetio_omv_05-1024x683.jpg\" width=\"840\" height=\"560\" alt=\"\" \/><\/a>\r\n<\/div><\/figure>\r\n\t\t<\/div>\n\n<p>A r\u00f6vid t\u00e1v\u00fa versenyt 50:48 \u2013as id\u0151vel Lelkes Bence (Szenyor Ker\u00e9kp\u00e1ros SE) nyerte 8 mp-vel megel\u0151zve Tak\u00e1cs P\u00e9tert (Szeksz\u00e1rdi Ker\u00e9kp\u00e1ros SE) \u00e9s 9 mp-vel B\u00e1nki Andr\u00e1st (Csepes-szigeti Ker\u00e9kp\u00e1r \u00e9s Tri. SE). A h\u00f6lgyek is nagyon gyorsak voltak, Bali Emese (Salg\u00f3tartj\u00e1ni HKE) 52:30-as id\u0151vel els\u0151k\u00e9nt \u00e9rt fel a hegyre a n\u0151k verseny\u00e9ben, m\u00e1sodikk\u00e9nt Benedek Luca (Peloton Cycling Team SE), m\u00edg harmadikk\u00e9nt Mohai D\u00f3ra \u00e9rkezett c\u00e9lba.<\/p>\n\n\t\t<div id='gallery-5' class='gallery galleryid-1757 gallery-columns-1 gallery-size-large gal210814'><script type=\"text\/javascript\">\r\n\/\/ <![CDATA[\r\n\tjQuery(document).ready(function () {\r\n\t\tjQuery(\".gal210814 a\").attr(\"rel\",\"gal210814\");\t\r\n\t\tjQuery('a[rel=\"gal210814\"]').colorbox({maxWidth:\"95%\", maxHeight:\"95%\",title: function(){ return jQuery(this).children().attr(\"alt\"); }});\r\n\t});\r\n\/\/ ]]>\r\n<\/script>\n<figure class=\"gallery-item\">\n<div class=\"gallery-icon\">\r\n<a href=\"https:\/\/brigetiosport.hu\/wordpress\/wp-content\/uploads\/2021\/08\/2021_7brigetio_omv_06.jpg\" title=\"\" rel=\"gal210814\"><img loading=\"lazy\" decoding=\"async\" src=\"https:\/\/brigetiosport.hu\/wordpress\/wp-content\/uploads\/2021\/08\/2021_7brigetio_omv_06-1024x683.jpg\" width=\"840\" height=\"560\" alt=\"\" \/><\/a>\r\n<\/div><\/figure>\r\n\t\t<\/div>\n\n<p>A hossz\u00fa t\u00e1v\u00fa verseny sor\u00e1n nem alakult ki jelent\u0151s sz\u00f6k\u00e9s \u00e9s a kisebb dombok sem szak\u00edtott\u00e1k darabjaira a f\u0151 mez\u0151nyt, \u00edgy egy jelent\u0151s l\u00e9tsz\u00e1m\u00fa csoport kezdte meg a hilltopi emelked\u0151t. Buruczki Szil\u00e1rd (Buruczki Testedz\u0151 SZSE) megmutatta, hogy orsz\u00e1g\u00faton is kiv\u00e1l\u00f3 versenyz\u0151, a meredek emelked\u0151n ledurrantva mindenkit 2:05:51 id\u0151eredm\u00e9nnyel 43,67 km\/s \u00e1tlagsebess\u00e9ggel megnyerte a VII. Brigetio Orsz\u00e1g\u00fati Mez\u0151nyversenyt! M\u00f6g\u00f6tte 4 mp-s h\u00e1tr\u00e1nnyal \u00f3ri\u00e1si sprinthajr\u00e1 d\u00f6nt\u00f6tt a helyez\u00e9sekr\u0151l, amit M\u00f3r\u00e9-Gosselin Olivier M\u00e1rk (\u00dajbuda Mountain Bike SZSE) nyert Kov\u00e1cs Bercel (Buruczki Testedz\u0151 SZSE) el\u0151tt. A n\u0151k verseny\u00e9t jelent\u0151s el\u0151nnyel Matuz Etelka (Ac\u00e9l-Vakond Ker\u00e9kp\u00e1ros SE) nyerte 2:07:31-es id\u0151vel, m\u00e1sodik helyen V\u00e1ndor N\u00f3ra (Veszpr\u00e9mi Triatlon Egylet), m\u00edg harmadik helyen \u00c1bel Melinda (Ac\u00e9l-Vakond Ker\u00e9kp\u00e1ros SE) \u00e9rtek c\u00e9lba. A csapatversenyt az MKB Cycling Team nyerte a m\u00e1sodik Szingo SE \u00e9s a harmadik Zeng\u0151 SE el\u0151tt.<\/p>\n\n\t\t<div id='gallery-6' class='gallery galleryid-1757 gallery-columns-2 gallery-size-medium gal210814'><script type=\"text\/javascript\">\r\n\/\/ <![CDATA[\r\n\tjQuery(document).ready(function () {\r\n\t\tjQuery(\".gal210814 a\").attr(\"rel\",\"gal210814\");\t\r\n\t\tjQuery('a[rel=\"gal210814\"]').colorbox({maxWidth:\"95%\", maxHeight:\"95%\",title: function(){ return jQuery(this).children().attr(\"alt\"); }});\r\n\t});\r\n\/\/ ]]>\r\n<\/script>\n<figure class=\"gallery-item\">\n<div class=\"gallery-icon\">\r\n<a href=\"https:\/\/brigetiosport.hu\/wordpress\/wp-content\/uploads\/2021\/08\/2021_7brigetio_omv_04.jpg\" title=\"\" rel=\"gal210814\"><img loading=\"lazy\" decoding=\"async\" src=\"https:\/\/brigetiosport.hu\/wordpress\/wp-content\/uploads\/2021\/08\/2021_7brigetio_omv_04-300x200.jpg\" width=\"300\" height=\"200\" alt=\"\" \/><\/a>\r\n<\/div><\/figure><figure class=\"gallery-item\">\n<div class=\"gallery-icon\">\r\n<a href=\"https:\/\/brigetiosport.hu\/wordpress\/wp-content\/uploads\/2021\/08\/2021_7brigetio_omv_07.jpg\" title=\"\" rel=\"gal210814\"><img loading=\"lazy\" decoding=\"async\" src=\"https:\/\/brigetiosport.hu\/wordpress\/wp-content\/uploads\/2021\/08\/2021_7brigetio_omv_07-300x200.jpg\" width=\"300\" height=\"200\" alt=\"\" \/><\/a>\r\n<\/div><\/figure>\r\n\t\t<\/div>\n\n<p>A versenyt k\u00f6vet\u0151en spagettivel \u00e9s az <strong>IREKS-STAMAG Kft.<\/strong> j\u00f3volt\u00e1b\u00f3l cukormentes s\u00fctem\u00e9nyekkel v\u00e1rtuk a r\u00e9sztvev\u0151ket a versenyk\u00f6zpontban, ahol megtartottuk az \u00fcnnep\u00e9lyes eredm\u00e9nyhirdet\u00e9st, ahol egyedileg tervezett \u00e9s gy\u00e1rtott d\u00edjakat vehettek \u00e1t a legeredm\u00e9nyesebb versenyz\u0151k \u00e9s csapatok Dunaalm\u00e1s polg\u00e1rmester\u00e9t\u0151l Oll\u00e9 \u00c1rp\u00e1dt\u00f3l \u00e9s Gregor Zolt\u00e1nt\u00f3l Brigetio KSE eln\u00f6k\u00e9t\u0151l. Herczeg B\u00e1lint kimagasl\u00f3 egyes\u00fcleti munk\u00e1ja miatt vehetett \u00e1t elismer\u0151 d\u00edjat, m\u00edg Csapl\u00e1r \u00c1rp\u00e1d a legid\u0151sebb versenyz\u0151 d\u00edjat vehette \u00e1t, aki 84 \u00e9vesen teljes\u00edtette a versenyt\u00e1vot!<br \/>\nK\u00f6sz\u00f6nj\u00fck, hogy r\u00e9szt vettetek verseny\u00fcnk\u00f6n, b\u00edzunk benne, hogy j\u00f3l \u00e9rezt\u00e9tek magatokat \u00e9s b\u00edzunk benne, hogy legk\u00f6zelebb is tal\u00e1lkozunk!<br \/>\nK\u00f6sz\u00f6nj\u00fck a t\u00e1mogat\u00e1st, seg\u00edts\u00e9get t\u00e1mogat\u00f3inknak, tagjainknak, seg\u00edt\u0151inknek! K\u00f6sz\u00f6nj\u00fck a Tatai Rend\u0151rkapit\u00e1nys\u00e1gnak, a Kom\u00e1rom-Esztergom Megyei Polg\u00e1r\u0151r Sz\u00f6vets\u00e9gnek az elk\u00f6telezett t\u00e1mogat\u00e1st, seg\u00edts\u00e9get!<br \/>\nA verseny kiemelt t\u00e1mogat\u00f3ja a<strong> Desef Silver<\/strong> \u00e9s az <strong>Orsz\u00e1gos Rendezv\u00e9nybiztos\u00edt\u00f3 Ment\u0151szolg\u00e1lat<\/strong> volt!<\/p>\n<p><strong>Eredm\u00e9nylista:<\/strong><br \/>\n<a href=\"https:\/\/sportorigo.com\/HU\/5\/Rajtlistak-Eredmenyek\/196\/VII-Brigetio-kerekparverseny-Amator-Kupa-5proba\" target=\"_blank\" rel=\"noopener noreferrer\">Sportorigo webes lista<\/a><br \/>\n<a href=\"https:\/\/brigetiosport.hu\/wordpress\/?media_dl=1768\">R\u00f6vidt\u00e1v eredm\u00e9nylista<\/a><br \/>\n<a href=\"https:\/\/brigetiosport.hu\/wordpress\/?media_dl=1769\">Hossz\u00fat\u00e1v eredm\u00e9nylista<\/a><br \/>\n<a href=\"https:\/\/brigetiosport.hu\/wordpress\/?media_dl=1770\">Csapatverseny eredm\u00e9nylista<\/a><br \/>\n<strong>Fot\u00f3gal\u00e9ria:<\/strong> <a href=\"https:\/\/www.facebook.com\/media\/set\/?vanity=brigetiokse&amp;set=a.3976157495829462\" target=\"_blank\" rel=\"noopener noreferrer\">LINK<\/a><\/p>\n","protected":false},"excerpt":{"rendered":"<p>2021.08.08-\u00e1n imm\u00e1ron 7. alkalommal rajtolt el a Brigetio Orsz\u00e1g\u00fati Mez\u0151nyverseny, aminek id\u00e9n Dunaalm\u00e1s \u00e9s Neszm\u00e9ly adott otthont. A versenyz\u0151k r\u00f6vid 31 km-es \u00e9s hossz\u00fa 92 km-es versenyt\u00e1von m\u00e9rt\u00e9k \u00f6ssze erej\u00fcket korcsoportjuknak megfelel\u0151en, a befut\u00f3 mindk\u00e9t t\u00e1v eset\u00e9ben egy 1,8 km hossz\u00fa, kem\u00e9ny emelked\u0151 v\u00e9g\u00e9n, a l\u00e1tv\u00e1ny\u00e1ban igaz\u00e1n impoz\u00e1ns Hilltop Borhotel &amp; \u00c9tteremn\u00e9l volt. A hangulatr\u00f3l &hellip; <a href=\"https:\/\/brigetiosport.hu\/wordpress\/2021\/08\/14\/vii-brigetio-orszaguti-mezonyverseny-beszamolo\/\" class=\"more-link\"><span class=\"screen-reader-text\">&#8222;VII. Brigetio Orsz\u00e1g\u00fati Mez\u0151nyverseny besz\u00e1mol\u00f3&#8221;<\/span> b\u0151vebben<\/a><\/p>\n","protected":false},"author":1,"featured_media":0,"comment_status":"closed","ping_status":"closed","sticky":false,"template":"","format":"standard","meta":{"footnotes":""},"categories":[10,3,4],"tags":[],"_links":{"self":[{"href":"https:\/\/brigetiosport.hu\/wordpress\/wp-json\/wp\/v2\/posts\/1757"}],"collection":[{"href":"https:\/\/brigetiosport.hu\/wordpress\/wp-json\/wp\/v2\/posts"}],"about":[{"href":"https:\/\/brigetiosport.hu\/wordpress\/wp-json\/wp\/v2\/types\/post"}],"author":[{"embeddable":true,"href":"https:\/\/brigetiosport.hu\/wordpress\/wp-json\/wp\/v2\/users\/1"}],"replies":[{"embeddable":true,"href":"https:\/\/brigetiosport.hu\/wordpress\/wp-json\/wp\/v2\/comments?post=1757"}],"version-history":[{"count":41,"href":"https:\/\/brigetiosport.hu\/wordpress\/wp-json\/wp\/v2\/posts\/1757\/revisions"}],"predecessor-version":[{"id":1859,"href":"https:\/\/brigetiosport.hu\/wordpress\/wp-json\/wp\/v2\/posts\/1757\/revisions\/1859"}],"wp:attachment":[{"href":"https:\/\/brigetiosport.hu\/wordpress\/wp-json\/wp\/v2\/media?parent=1757"}],"wp:term":[{"taxonomy":"category","embeddable":true,"href":"https:\/\/brigetiosport.hu\/wordpress\/wp-json\/wp\/v2\/categories?post=1757"},{"taxonomy":"post_tag","embeddable":true,"href":"https:\/\/brigetiosport.hu\/wordpress\/wp-json\/wp\/v2\/tags?post=1757"}],"curies":[{"name":"wp","href":"https:\/\/api.w.org\/{rel}","templated":true}]}}