{"id":1739,"date":"2021-06-17T10:55:05","date_gmt":"2021-06-17T09:55:05","guid":{"rendered":"http:\/\/brigetiosport.hu\/wordpress\/?p=1739"},"modified":"2021-07-02T15:02:04","modified_gmt":"2021-07-02T14:02:04","slug":"vii-brigetio-orszaguti-mezonyverseny-versenykiiras","status":"publish","type":"post","link":"https:\/\/brigetiosport.hu\/wordpress\/2021\/06\/17\/vii-brigetio-orszaguti-mezonyverseny-versenykiiras\/","title":{"rendered":"VII. Brigetio Orsz\u00e1g\u00fati Mez\u0151nyverseny: versenyki\u00edr\u00e1s"},"content":{"rendered":"\n\t\t<div id='gallery-1' class='gallery galleryid-1739 gallery-columns-1 gallery-size-large gal210617'><script type=\"text\/javascript\">\r\n\/\/ <![CDATA[\r\n\tjQuery(document).ready(function () {\r\n\t\tjQuery(\".gal210617 a\").attr(\"rel\",\"gal210617\");\t\r\n\t\tjQuery('a[rel=\"gal210617\"]').colorbox({maxWidth:\"95%\", maxHeight:\"95%\",title: function(){ return jQuery(this).children().attr(\"alt\"); }});\r\n\t});\r\n\/\/ ]]>\r\n<\/script>\n<figure class=\"gallery-item\">\n<div class=\"gallery-icon\">\r\n<a href=\"https:\/\/brigetiosport.hu\/wordpress\/wp-content\/uploads\/2021\/06\/20200808_brigetio_omv_eredmenyhirdetes.jpg\" title=\"\" rel=\"gal210617\"><img loading=\"lazy\" decoding=\"async\" src=\"https:\/\/brigetiosport.hu\/wordpress\/wp-content\/uploads\/2021\/06\/20200808_brigetio_omv_eredmenyhirdetes-1024x680.jpg\" width=\"840\" height=\"558\" alt=\"\" \/><\/a>\r\n<\/div><\/figure>\r\n\t\t<\/div>\n\n<p>\u00d6r\u00f6mmel jelentj\u00fck, hogy imm\u00e1r el\u00e9rhet\u0151v\u00e9 v\u00e1lt a VII. Brigetio Orsz\u00e1g\u00fati Mez\u0151nyverseny versenyki\u00edr\u00e1sa, melyet 2021. augusztus 08-\u00e1n (vas\u00e1rnap) tartunk.<\/p>\n<p><strong>Versenyki\u00edr\u00e1s:<\/strong> <a href=\"https:\/\/brigetiosport.hu\/wordpress\/vii-brigetio-orszaguti-mezonyverseny\/\">LINK<\/a><\/p>\n<p><strong>El\u0151nevez\u00e9s:<\/strong> <a href=\"https:\/\/sportorigo.com\" target=\"_blank\" rel=\"noopener noreferrer\">Sportorigo<\/a><\/p>\n","protected":false},"excerpt":{"rendered":"<p>\u00d6r\u00f6mmel jelentj\u00fck, hogy imm\u00e1r el\u00e9rhet\u0151v\u00e9 v\u00e1lt a VII. Brigetio Orsz\u00e1g\u00fati Mez\u0151nyverseny versenyki\u00edr\u00e1sa, melyet 2021. augusztus 08-\u00e1n (vas\u00e1rnap) tartunk. Versenyki\u00edr\u00e1s: LINK El\u0151nevez\u00e9s: Sportorigo<\/p>\n","protected":false},"author":1,"featured_media":0,"comment_status":"closed","ping_status":"closed","sticky":false,"template":"","format":"standard","meta":{"footnotes":""},"categories":[3,4],"tags":[],"_links":{"self":[{"href":"https:\/\/brigetiosport.hu\/wordpress\/wp-json\/wp\/v2\/posts\/1739"}],"collection":[{"href":"https:\/\/brigetiosport.hu\/wordpress\/wp-json\/wp\/v2\/posts"}],"about":[{"href":"https:\/\/brigetiosport.hu\/wordpress\/wp-json\/wp\/v2\/types\/post"}],"author":[{"embeddable":true,"href":"https:\/\/brigetiosport.hu\/wordpress\/wp-json\/wp\/v2\/users\/1"}],"replies":[{"embeddable":true,"href":"https:\/\/brigetiosport.hu\/wordpress\/wp-json\/wp\/v2\/comments?post=1739"}],"version-history":[{"count":2,"href":"https:\/\/brigetiosport.hu\/wordpress\/wp-json\/wp\/v2\/posts\/1739\/revisions"}],"predecessor-version":[{"id":1744,"href":"https:\/\/brigetiosport.hu\/wordpress\/wp-json\/wp\/v2\/posts\/1739\/revisions\/1744"}],"wp:attachment":[{"href":"https:\/\/brigetiosport.hu\/wordpress\/wp-json\/wp\/v2\/media?parent=1739"}],"wp:term":[{"taxonomy":"category","embeddable":true,"href":"https:\/\/brigetiosport.hu\/wordpress\/wp-json\/wp\/v2\/categories?post=1739"},{"taxonomy":"post_tag","embeddable":true,"href":"https:\/\/brigetiosport.hu\/wordpress\/wp-json\/wp\/v2\/tags?post=1739"}],"curies":[{"name":"wp","href":"https:\/\/api.w.org\/{rel}","templated":true}]}}