{"id":1722,"date":"2021-05-26T10:56:15","date_gmt":"2021-05-26T09:56:15","guid":{"rendered":"http:\/\/brigetiosport.hu\/wordpress\/?p=1722"},"modified":"2021-05-26T11:02:08","modified_gmt":"2021-05-26T10:02:08","slug":"riverside-time-trial-idofutam-bajnoksag-beszamolo","status":"publish","type":"post","link":"https:\/\/brigetiosport.hu\/wordpress\/2021\/05\/26\/riverside-time-trial-idofutam-bajnoksag-beszamolo\/","title":{"rendered":"Riverside Time Trial Id\u0151futam bajnoks\u00e1g besz\u00e1mol\u00f3"},"content":{"rendered":"<div class=\"\" dir=\"auto\">\n<div id=\"jsc_c_9w\" class=\"ecm0bbzt hv4rvrfc ihqw7lf3 dati1w0a\" data-ad-comet-preview=\"message\" data-ad-preview=\"message\">\n<div class=\"j83agx80 cbu4d94t ew0dbk1b irj2b8pg\">\n<div class=\"qzhwtbm6 knvmm38d\">\n<div class=\"kvgmc6g5 cxmmr5t8 oygrvhab hcukyx3x c1et5uql ii04i59q\">\n<div dir=\"auto\">\n\n\t\t<div id='gallery-1' class='gallery galleryid-1722 gallery-columns-1 gallery-size-large gal210519'><script type=\"text\/javascript\">\r\n\/\/ <![CDATA[\r\n\tjQuery(document).ready(function () {\r\n\t\tjQuery(\".gal210519 a\").attr(\"rel\",\"gal210519\");\t\r\n\t\tjQuery('a[rel=\"gal210519\"]').colorbox({maxWidth:\"95%\", maxHeight:\"95%\",title: function(){ return jQuery(this).children().attr(\"alt\"); }});\r\n\t});\r\n\/\/ ]]>\r\n<\/script>\n<figure class=\"gallery-item\">\n<div class=\"gallery-icon\">\r\n<a href=\"https:\/\/brigetiosport.hu\/wordpress\/wp-content\/uploads\/2021\/05\/2021_riverside_tt_01.jpg\" title=\"Kuba Ronald\" rel=\"gal210519\"><img loading=\"lazy\" decoding=\"async\" src=\"https:\/\/brigetiosport.hu\/wordpress\/wp-content\/uploads\/2021\/05\/2021_riverside_tt_01-1024x683.jpg\" width=\"840\" height=\"560\" alt=\"Kuba Ronald\" \/><\/a>\r\n<\/div><figcaption class=\"gallery-caption\" id=\"caption1723\"><span class=\"imagecaption\">Kuba Ronald<\/span><br \/>\n<\/figcaption><\/figure>\r\n\t\t<\/div>\n\n<\/div>\n<div dir=\"auto\">2021.05.08-\u00e1n a <a class=\"oajrlxb2 g5ia77u1 qu0x051f esr5mh6w e9989ue4 r7d6kgcz rq0escxv nhd2j8a9 nc684nl6 p7hjln8o kvgmc6g5 cxmmr5t8 oygrvhab hcukyx3x jb3vyjys rz4wbd8a qt6c0cv9 a8nywdso i1ao9s8h esuyzwwr f1sip0of lzcic4wl q66pz984 gpro0wi8 b1v8xokw\" tabindex=\"0\" href=\"https:\/\/www.facebook.com\/riversidett\/?__cft__[0]=AZUmgrrPCe79xQk2dWYWeNkqBvHKu8o73e67zLtSrgkluV4FFAVb418Ne0_FfYtk4LMKbG-giBWPhKttIKXmtT5bO3hpWKCa9nWeElQLayuP5KUE9S7N9q1Yah-Fik1yiVP2AIZDhghfdJH01yLtBjlZzmdf0C4ez2-5Ubw0HT3dZkP4qLUmwJJRToEejeRuvzQ&amp;__tn__=kK-R\"><span class=\"nc684nl6\">Riverside Time Trial<\/span><\/a> id\u0151futam bajnoks\u00e1ggal rajtolt egyes\u00fclet\u00fcnk sz\u00e1m\u00e1ra az idei ker\u00e9kp\u00e1ros szezon. Az id\u0151futam bajnoks\u00e1g 1. fordul\u00f3j\u00e1t a Piko-Bike egyes\u00fclet szervezte, amely 15,5 km-es, teljesen s\u00edk p\u00e1ly\u00e1n zajlott.<\/div>\n<\/div>\n<\/div>\n<\/div>\n<\/div>\n<\/div>\n<p><!--more--><\/p>\n<p>\n\t\t<div id='gallery-2' class='gallery galleryid-1722 gallery-columns-3 gallery-size-medium gal210519'><script type=\"text\/javascript\">\r\n\/\/ <![CDATA[\r\n\tjQuery(document).ready(function () {\r\n\t\tjQuery(\".gal210519 a\").attr(\"rel\",\"gal210519\");\t\r\n\t\tjQuery('a[rel=\"gal210519\"]').colorbox({maxWidth:\"95%\", maxHeight:\"95%\",title: function(){ return jQuery(this).children().attr(\"alt\"); }});\r\n\t});\r\n\/\/ ]]>\r\n<\/script>\n<figure class=\"gallery-item\">\n<div class=\"gallery-icon\">\r\n<a href=\"https:\/\/brigetiosport.hu\/wordpress\/wp-content\/uploads\/2021\/05\/2021_riverside_tt_02.jpg\" title=\"Kuba Ronald\" rel=\"gal210519\"><img loading=\"lazy\" decoding=\"async\" src=\"https:\/\/brigetiosport.hu\/wordpress\/wp-content\/uploads\/2021\/05\/2021_riverside_tt_02-300x200.jpg\" width=\"300\" height=\"200\" alt=\"Kuba Ronald\" \/><\/a>\r\n<\/div><figcaption class=\"gallery-caption\" id=\"caption1729\"><span class=\"imagecaption\">Kuba Ronald<\/span><br \/>\n<\/figcaption><\/figure><figure class=\"gallery-item\">\n<div class=\"gallery-icon\">\r\n<a href=\"https:\/\/brigetiosport.hu\/wordpress\/wp-content\/uploads\/2021\/05\/2021_riverside_tt_04.jpg\" title=\"Graszl J\u00e1nos\" rel=\"gal210519\"><img loading=\"lazy\" decoding=\"async\" src=\"https:\/\/brigetiosport.hu\/wordpress\/wp-content\/uploads\/2021\/05\/2021_riverside_tt_04-300x200.jpg\" width=\"300\" height=\"200\" alt=\"Graszl J\u00e1nos\" \/><\/a>\r\n<\/div><figcaption class=\"gallery-caption\" id=\"caption1727\"><span class=\"imagecaption\">Graszl J\u00e1nos<\/span><br \/>\n<\/figcaption><\/figure><figure class=\"gallery-item\">\n<div class=\"gallery-icon\">\r\n<a href=\"https:\/\/brigetiosport.hu\/wordpress\/wp-content\/uploads\/2021\/05\/2021_riverside_tt_03.jpg\" title=\"Graszl J\u00e1nos\" rel=\"gal210519\"><img loading=\"lazy\" decoding=\"async\" src=\"https:\/\/brigetiosport.hu\/wordpress\/wp-content\/uploads\/2021\/05\/2021_riverside_tt_03-300x200.jpg\" width=\"300\" height=\"200\" alt=\"Graszl J\u00e1nos\" \/><\/a>\r\n<\/div><figcaption class=\"gallery-caption\" id=\"caption1728\"><span class=\"imagecaption\">Graszl J\u00e1nos<\/span><br \/>\n<\/figcaption><\/figure>\r\n\t\t<\/div>\n<br \/>\nEgyes\u00fclet\u00fcnkb\u0151l Graszl J\u00e1nos \u00e9s Kuba Ronald \u00e1lltak rajhoz. Kuba Ronald \u0171rid\u0151vel, 18:22 nyerte meg az abszol\u00fat versenyt, m\u00edg Graszl J\u00e1nos koroszt\u00e1ly\u00e1ban a 4. helyez\u00e9st \u00e9rte el!<br \/>\n<strong>Eredm\u00e9nyek:<\/strong> <a href=\"https:\/\/www.cyklistikaszc.sk\/kalendar\/vysledky\/komar8bb07c73f8b969ee7fbdcb8ed.pdf\" target=\"_blank\" rel=\"noopener noreferrer\">https:\/\/www.cyklistikaszc.sk\/kalendar\/vysledky\/komar8bb07c73f8b969ee7fbdcb8ed.pdf<\/a><br \/>\nA fot\u00f3k B\u00e1nyai Feri fot\u00f3i.<br \/>\n<strong>Tov\u00e1bbi k\u00e9pek:<\/strong> <a href=\"https:\/\/www.facebook.com\/feri.banyai\/posts\/10215184171197129\" target=\"_blank\" rel=\"noopener noreferrer\">https:\/\/www.facebook.com\/feri.banyai\/posts\/10215184171197129<\/a><\/p>\n","protected":false},"excerpt":{"rendered":"<p>2021.05.08-\u00e1n a Riverside Time Trial id\u0151futam bajnoks\u00e1ggal rajtolt egyes\u00fclet\u00fcnk sz\u00e1m\u00e1ra az idei ker\u00e9kp\u00e1ros szezon. Az id\u0151futam bajnoks\u00e1g 1. fordul\u00f3j\u00e1t a Piko-Bike egyes\u00fclet szervezte, amely 15,5 km-es, teljesen s\u00edk p\u00e1ly\u00e1n zajlott.<\/p>\n","protected":false},"author":1,"featured_media":0,"comment_status":"closed","ping_status":"closed","sticky":false,"template":"","format":"standard","meta":{"footnotes":""},"categories":[6],"tags":[],"_links":{"self":[{"href":"https:\/\/brigetiosport.hu\/wordpress\/wp-json\/wp\/v2\/posts\/1722"}],"collection":[{"href":"https:\/\/brigetiosport.hu\/wordpress\/wp-json\/wp\/v2\/posts"}],"about":[{"href":"https:\/\/brigetiosport.hu\/wordpress\/wp-json\/wp\/v2\/types\/post"}],"author":[{"embeddable":true,"href":"https:\/\/brigetiosport.hu\/wordpress\/wp-json\/wp\/v2\/users\/1"}],"replies":[{"embeddable":true,"href":"https:\/\/brigetiosport.hu\/wordpress\/wp-json\/wp\/v2\/comments?post=1722"}],"version-history":[{"count":5,"href":"https:\/\/brigetiosport.hu\/wordpress\/wp-json\/wp\/v2\/posts\/1722\/revisions"}],"predecessor-version":[{"id":1731,"href":"https:\/\/brigetiosport.hu\/wordpress\/wp-json\/wp\/v2\/posts\/1722\/revisions\/1731"}],"wp:attachment":[{"href":"https:\/\/brigetiosport.hu\/wordpress\/wp-json\/wp\/v2\/media?parent=1722"}],"wp:term":[{"taxonomy":"category","embeddable":true,"href":"https:\/\/brigetiosport.hu\/wordpress\/wp-json\/wp\/v2\/categories?post=1722"},{"taxonomy":"post_tag","embeddable":true,"href":"https:\/\/brigetiosport.hu\/wordpress\/wp-json\/wp\/v2\/tags?post=1722"}],"curies":[{"name":"wp","href":"https:\/\/api.w.org\/{rel}","templated":true}]}}